{"id":191319,"date":"2019-08-07T15:31:50","date_gmt":"2019-08-07T12:31:50","guid":{"rendered":"http:\/\/www.tvturk.com\/index.php\/ulasima-akilli-kavsaklarla-yildirim-cozum\/"},"modified":"2019-08-07T15:31:50","modified_gmt":"2019-08-07T12:31:50","slug":"ulasima-akilli-kavsaklarla-yildirim-cozum","status":"publish","type":"post","link":"http:\/\/www.tvturk.com\/index.php\/ulasima-akilli-kavsaklarla-yildirim-cozum\/","title":{"rendered":"Ula\u015f\u0131ma ak\u0131ll\u0131 kav\u015faklarla \u2018Y\u0131ld\u0131r\u0131m\u2019 \u00e7\u00f6z\u00fcm"},"content":{"rendered":"<p>Bursa B\u00fcy\u00fck\u015fehir Belediyesi taraf\u0131ndan \u015fehir i\u00e7i ula\u015f\u0131m\u0131 daha modern hale getirme hedefiyle ger\u00e7ekle\u015ftirilen yat\u0131r\u0131mlara Y\u0131ld\u0131r\u0131m il\u00e7esindeki \u2018Samanl\u0131 (11 Eyl\u00fcl Bulvar\u0131) Caddesi-Muhsin Yaz\u0131c\u0131o\u011flu (K\u00f6kl\u00fc) Caddesi\u2019 ve \u2018Yunus Emre Caddesi-Y\u0131ld\u0131r\u0131m Spor Kompleksi\u2019 ak\u0131ll\u0131 kav\u015fak uygulamalar\u0131 da ekleniyor.<\/p>\n<p>B\u00fcy\u00fck\u015fehir Belediye Ba\u015fkan\u0131 Alinur Akta\u015f, Y\u0131ld\u0131r\u0131m \u0130l\u00e7esi\u2019nde \u00e7al\u0131\u015fmalar\u0131na ba\u015flanan \u2018Samanl\u0131 Caddesi  &#8211; Muhsin Yaz\u0131c\u0131o\u011flu Caddesi\u2019 ve \u2018Yunus Emre Caddesi &#8211; Y\u0131ld\u0131r\u0131m Spor Kompleksi\u2019 ak\u0131ll\u0131 kav\u015fak uygulamalar\u0131nda incelemelerde bulundu.<\/p>\n<p>B\u00fcy\u00fck\u015fehir Belediyesi\u2019nin Bursa\u2019n\u0131n ula\u015f\u0131m\u0131na yo\u011fun emek verdi\u011fini belirten Ba\u015fkan Akta\u015f, \u201cSamanl\u0131 Caddesi &#8211; K\u00f6kl\u00fc Caddesi\u2019 ve \u2018Yunus Emre Caddesi &#8211; Y\u0131ld\u0131r\u0131m Spor Kompleksi\u2019 ak\u0131ll\u0131 kav\u015fak uygulamalar\u0131n\u0131 hayata ge\u00e7iriyoruz. Bu \u00e7al\u0131\u015fmalarla b\u00f6lgede daha seri bir trafik ak\u0131\u015f\u0131n\u0131 sa\u011flamay\u0131 hedefliyoruz. \u00d6zellikle bebe konfeksiyon sekt\u00f6r\u00fcn\u00fcn \u00e7ok geli\u015fti\u011fi ve \u015fehrin do\u011fu yakas\u0131nda ticari sirk\u00fclasyonun yo\u011fun oldu\u011fu bu b\u00f6lgeyi tamamen rahatlatmay\u0131 ama\u00e7l\u0131yoruz\u201d diye konu\u015ftu.<\/p>\n<p>K\u0131sa s\u00fcrede tamamlanacak<\/p>\n<p>\u00c7al\u0131\u015fmalar\u0131 k\u0131sa s\u00fcrede bitirmeyi hedeflediklerini s\u00f6yleyen Akta\u015f, trafi\u011fin daha sa\u011fl\u0131kl\u0131 h\u00e2le gelmesiyle b\u00f6lge ticaretinin de h\u0131zlanaca\u011f\u0131n\u0131 ifade etti. Ba\u015fkan Akta\u015f, \u00e7al\u0131\u015fmalar\u0131n detay\u0131n\u0131 da payla\u015farak, \u201cBurada orta ref\u00fcj kald\u0131r\u0131l\u0131p K\u00f6kl\u00fc Cadde\u2019den Samanl\u0131 Caddesi\u2019ne \u00e7\u0131k\u0131\u015f yap\u0131larak \u00c7evre Yolu ve 11 Eyl\u00fcl Bulvar\u0131\u2019na ba\u011flant\u0131 sa\u011fland\u0131. Y\u0131ld\u0131r\u0131m Spor Kompleksi kav\u015fa\u011f\u0131ndaki \u00e7al\u0131\u015fmalar ile d\u00f6n\u00fc\u015fler i\u00e7in ilave \u015ferit yap\u0131ld\u0131. Ayr\u0131ca \u00c7evre Yolu\u2019ndan gelen ara\u00e7lar\u0131n Yavuz Selim Mahallesi\u2019ne g\u00fcvenli giri\u015f sa\u011flamas\u0131 i\u00e7in orta ref\u00fcj yap\u0131ld\u0131. Y\u0131ld\u0131r\u0131m Spor Kompleksi Ak\u0131ll\u0131 Kav\u015fa\u011f\u0131 ile Mevlana Mahallesi\u2019nin 11 Eyl\u00fcl Bulvar\u0131\u2019na kontroll\u00fc \u00e7\u0131k\u0131\u015f\u0131 sa\u011fland\u0131\u201d dedi.<\/p>\n<p>\u015eerit d\u00fczenlemesi ve ilavelerinin de yap\u0131ld\u0131\u011f\u0131 kaydeden Akta\u015f, \u201cYunus Emre Caddesi &#8211; Y\u0131ld\u0131r\u0131m Spor Kompleksi Ak\u0131ll\u0131 Kav\u015fak uygulamas\u0131 kapsam\u0131nda, Samanl\u0131 Caddesi &#8211; Yunus Emre Bulvar\u0131 kesi\u015fiminde 650 metre bord\u00fcr, 1100 metrekare parke imalatlar\u0131 devam ediyor. Yunus Emre Mahallesi Samanl\u0131 Caddesi-K\u00f6kl\u00fc Caddesi Ak\u0131ll\u0131 Kav\u015fak Projesi kapsam\u0131nda da 650 metre bord\u00fcr, 2500 metrekare parke, 500 metrekare otopark cebi yap\u0131l\u0131yor. Kav\u015fak b\u00f6lgesinde yakla\u015f\u0131k 2 kilometrelik alan\u0131n s\u0131cak asfalt kaplamas\u0131 da yenileniyor\u201d \u015feklinde konu\u015ftu.<\/p>\n","protected":false},"excerpt":{"rendered":"<p>BURSA B\u00dcY\u00dcK\u015eEH\u0130R BELED\u0130YES\u0130 TARAFINDAN \u015eEH\u0130R \u0130\u00c7\u0130 ULA\u015eIMI DAHA MODERN HALE GET\u0130RME HEDEF\u0130YLE GER\u00c7EKLE\u015eT\u0130R\u0130LEN YATIRIMLARA YILDIRIM \u0130L\u00c7ES\u0130NDEK\u0130 \u2018SAMANLI (11 EYL\u00dcL BULVARI) CADDES\u0130-MUHS\u0130N YAZICIO\u011eLU (K\u00d6KL\u00dc) CADDES\u0130\u2019 VE \u2018YUNUS EMRE CADDES\u0130-YILDIRIM SPOR KOMPLEKS\u0130\u2019 AKILLI KAV\u015eAK UYGULAMALARI DA EKLEN\u0130YOR.<\/p>\n","protected":false},"author":1,"featured_media":191320,"comment_status":"closed","ping_status":"open","sticky":false,"template":"","format":"standard","meta":{"jetpack_post_was_ever_published":false,"_jetpack_newsletter_access":"","_jetpack_dont_email_post_to_subs":false,"_jetpack_newsletter_tier_id":0,"_jetpack_memberships_contains_paywalled_content":false,"_jetpack_memberships_contains_paid_content":false,"footnotes":"","jetpack_publicize_message":"","jetpack_publicize_feature_enabled":true,"jetpack_social_post_already_shared":true,"jetpack_social_options":{"image_generator_settings":{"template":"highway","default_image_id":0,"font":"","enabled":false},"version":2}},"categories":[1],"tags":[407,420,26752,1263,376],"class_list":["post-191319","post","type-post","status-publish","format-standard","has-post-thumbnail","hentry","category-genel","tag-akilli","tag-cozum","tag-kavsaklarla","tag-ulasima","tag-yildirim"],"jetpack_publicize_connections":[],"jetpack_featured_media_url":"https:\/\/i0.wp.com\/www.tvturk.com\/wp-content\/uploads\/2019\/08\/ulasima-akilli-kavsaklarla-yildirim-cozum_4238a0b.jpg?fit=1000%2C666","jetpack_sharing_enabled":true,"jetpack_shortlink":"https:\/\/wp.me\/paKIfm-NLN","_links":{"self":[{"href":"http:\/\/www.tvturk.com\/index.php\/wp-json\/wp\/v2\/posts\/191319","targetHints":{"allow":["GET"]}}],"collection":[{"href":"http:\/\/www.tvturk.com\/index.php\/wp-json\/wp\/v2\/posts"}],"about":[{"href":"http:\/\/www.tvturk.com\/index.php\/wp-json\/wp\/v2\/types\/post"}],"author":[{"embeddable":true,"href":"http:\/\/www.tvturk.com\/index.php\/wp-json\/wp\/v2\/users\/1"}],"replies":[{"embeddable":true,"href":"http:\/\/www.tvturk.com\/index.php\/wp-json\/wp\/v2\/comments?post=191319"}],"version-history":[{"count":0,"href":"http:\/\/www.tvturk.com\/index.php\/wp-json\/wp\/v2\/posts\/191319\/revisions"}],"wp:featuredmedia":[{"embeddable":true,"href":"http:\/\/www.tvturk.com\/index.php\/wp-json\/wp\/v2\/media\/191320"}],"wp:attachment":[{"href":"http:\/\/www.tvturk.com\/index.php\/wp-json\/wp\/v2\/media?parent=191319"}],"wp:term":[{"taxonomy":"category","embeddable":true,"href":"http:\/\/www.tvturk.com\/index.php\/wp-json\/wp\/v2\/categories?post=191319"},{"taxonomy":"post_tag","embeddable":true,"href":"http:\/\/www.tvturk.com\/index.php\/wp-json\/wp\/v2\/tags?post=191319"}],"curies":[{"name":"wp","href":"https:\/\/api.w.org\/{rel}","templated":true}]}}