{"id":191327,"date":"2019-08-07T15:32:39","date_gmt":"2019-08-07T12:32:39","guid":{"rendered":"http:\/\/www.tvturk.com\/index.php\/lillenin-yeni-transferi-yusuf-yazici-fransiz-basina-tanitildi\/"},"modified":"2019-08-07T15:32:39","modified_gmt":"2019-08-07T12:32:39","slug":"lillenin-yeni-transferi-yusuf-yazici-fransiz-basina-tanitildi","status":"publish","type":"post","link":"http:\/\/www.tvturk.com\/index.php\/lillenin-yeni-transferi-yusuf-yazici-fransiz-basina-tanitildi\/","title":{"rendered":"Lille\u2019nin yeni transferi Yusuf Yaz\u0131c\u0131 Frans\u0131z bas\u0131na tan\u0131t\u0131ld\u0131"},"content":{"rendered":"<p>Frans\u0131z ekibi Lille ile 5 y\u0131ll\u0131k mukavele imzalayan Yusuf Yaz\u0131c\u0131, Frans\u0131z bas\u0131n\u0131na tan\u0131t\u0131ld\u0131. Toplant\u0131da Trabzon\u2019dan ayr\u0131lman\u0131n kendisi i\u00e7in kolay olmad\u0131\u011f\u0131n\u0131 belirten Yusuf, &#8220;Trabzon benim evimdi. Buraya onlar sayesinde geldim. Hayallerimin pe\u015finden ko\u015fmak istedim. Elimden gelenin en iyisini yapaca\u011f\u0131m&#8221; dedi. Lille\u2019nin en \u00f6nemli transferlerinden biri olmas\u0131n\u0131n \u00fczerinde bir bask\u0131 olu\u015fturdu\u011funu da s\u00f6yleyen Yaz\u0131c\u0131, &#8220;Kolay olsayd\u0131 burada olmazd\u0131m. Bu bask\u0131y\u0131 iyi kullanaca\u011f\u0131m\u0131 d\u00fc\u015f\u00fcn\u00fcyorum&#8221; a\u00e7\u0131klamas\u0131n\u0131 yapt\u0131.<\/p>\n<p>Frans\u0131z kul\u00fcb\u00fc Lille ile 5 y\u0131ll\u0131k mukavele imzalayan Yusuf Yaz\u0131c\u0131 i\u00e7in bas\u0131n toplant\u0131s\u0131 d\u00fczenlendi. Kul\u00fcp Ceo\u2019u Marc Ingla\u2019n\u0131n kat\u0131ld\u0131\u011f\u0131 t\u00f6rende konu\u015fan Yusuf Yaz\u0131c\u0131 konu\u015fmalara Frans\u0131zca \u2019merhaba\u2019 diyerek ba\u015flarken, &#8220;Burada olmaktan mutluyum. Buraya gelmemin sebebi tak\u0131ma saha i\u00e7i ve d\u0131\u015f\u0131nda yard\u0131mc\u0131 olmak. Bu taraftara kendimi sevdirmek istiyorum. Transferim biraz zordu. Trabzon\u2019dan ayr\u0131lmak benim i\u00e7in kolay de\u011fildi. Transferde eme\u011fi ge\u00e7enlere te\u015fekk\u00fcr ediyorum. Bu tak\u0131ma kat\u0131lmaktan dolay\u0131 mutluyum. Elimden gelenin en iyisini yapaca\u011f\u0131m. Trabzon benim evimdi. Orada futbola ba\u015flad\u0131m. Oras\u0131 bir ailem ve yuvamd\u0131. Beni ben yapan Trabzonspor taraftar\u0131yd\u0131. Buraya geldiysem onlar sayesinde. Ayr\u0131lmak zordu ama hayallerimin pe\u015finden ko\u015fmak istedim&#8221; dedi.<\/p>\n<p>&#8220;Zeki ile gelmeden \u00e7ok konu\u015ftum&#8221;<\/p>\n<p>Lille\u2019de forma giyen bir ba\u015fka T\u00fcrk oyuncu Zeki \u00c7elik\u2019ten kul\u00fcp ve \u015fehir hakk\u0131nda bilgiler ald\u0131\u011f\u0131n\u0131 s\u00f6yleyen Yaz\u0131c\u0131, &#8220;Zeki ile \u00e7ok konu\u015ftuk. Buran\u0131n iyi bir kul\u00fcp oldu\u011funu ve g\u00fczel bir aile ortam\u0131n\u0131 oldu\u011funu s\u00f6yledi. Buraya gelmemde Zeki\u2019nin de pay\u0131 \u00e7ok b\u00fcy\u00fck&#8221; \u015feklinde konu\u015ftu. Tak\u0131ma skor anlam\u0131nda katk\u0131 vermek istedi\u011finin alt\u0131n\u0131 \u00e7izen y\u0131ld\u0131z oyuncu, &#8220;Hocam\u0131z nerede g\u00f6rev verirse onu elimden geldi\u011fine yapmaya \u00e7al\u0131\u015faca\u011f\u0131m. Tak\u0131m\u0131ma skor anlam\u0131nda yard\u0131m etmek istiyorum. Gol atmak ve gol att\u0131rmak istiyorum. H\u00fccum anlam\u0131nda her yerinde oynayabiliyorum. Kanat, forvet arkas\u0131 gibi yerlerde forma giyebilirim&#8221; ifadelerini kulland\u0131.<\/p>\n<p>&#8220;\u00dczerimde biraz bask\u0131 var&#8221;<\/p>\n<p>Lille\u2019in en \u00f6nemli transferlerinden biri olmas\u0131n\u0131n kendisine biraz bask\u0131 olu\u015fturdu\u011funu ifade eden Yaz\u0131c\u0131, &#8220;Buraya kat\u0131lmak \u00f6nemli. Lille\u2019in en b\u00fcy\u00fck transferlerinden biri olmak g\u00fczel. Bu biraz bask\u0131 da veriyor. Kolay olsayd\u0131 ben burada olmazd\u0131m. Bu bask\u0131y\u0131 iyi kullanaca\u011f\u0131m\u0131 d\u00fc\u015f\u00fcn\u00fcyorum&#8221; a\u00e7\u0131klamas\u0131n\u0131 yapt\u0131. Hen\u00fcz \u015fehri gezemedi\u011fini belirten Yusuf, &#8220;\u015eu an ev bak\u0131yorum. Tek problemim bu. Buras\u0131 sessiz, sakin ve huzurlu bir \u015fehir. D\u00fcn g\u00fczel bir ak\u015fam yeme\u011fi yedim. Al\u0131\u015ft\u0131ktan sonra gezmeye ba\u015flayaca\u011f\u0131m&#8221; dedi.<\/p>\n<p>&#8220;Gen\u00e7lere \u00f6nem verildi\u011fi i\u00e7in buraday\u0131m&#8221;<\/p>\n<p>Bir Frans\u0131z gazetecinin UEFA \u015eampiyonlar Ligi\u2019nde Lille\u2019nin 2011 y\u0131l\u0131nda Trabzonspor ile oynad\u0131\u011f\u0131 ma\u00e7ta ne yapt\u0131\u011f\u0131 sorusuna, &#8220;Top toplay\u0131c\u0131yd\u0131m&#8221; yan\u0131t\u0131n\u0131 veren Yusuf, &#8220;Lille kul\u00fcb\u00fcn\u00fc iyi tan\u0131yorum. Trabzonspor ile ma\u00e7 da yapm\u0131\u015flard\u0131. Gen\u00e7lere \u00e7ok \u00f6nem veriyorlar. Buraya gelmemde bunun da etkisi b\u00fcy\u00fckt\u00fc&#8221; \u015feklinde konu\u015ftu.<\/p>\n","protected":false},"excerpt":{"rendered":"<p>L\u0130LLE \u0130LE 5 YILLIK MUKAVELE \u0130MZALAYAN YUSUF YAZICI, FRANSIZ BASININA TANITILDI.<\/p>\n","protected":false},"author":1,"featured_media":191328,"comment_status":"closed","ping_status":"open","sticky":false,"template":"","format":"standard","meta":{"jetpack_post_was_ever_published":false,"_jetpack_newsletter_access":"","_jetpack_dont_email_post_to_subs":false,"_jetpack_newsletter_tier_id":0,"_jetpack_memberships_contains_paywalled_content":false,"_jetpack_memberships_contains_paid_content":false,"footnotes":"","jetpack_publicize_message":"","jetpack_publicize_feature_enabled":true,"jetpack_social_post_already_shared":true,"jetpack_social_options":{"image_generator_settings":{"template":"highway","default_image_id":0,"font":"","enabled":false},"version":2}},"categories":[657],"tags":[5684,8320,47868,1860,18554,1589,87,5292],"class_list":["post-191327","post","type-post","status-publish","format-standard","has-post-thumbnail","hentry","category-spor","tag-basina","tag-fransiz","tag-lillenin","tag-tanitildi","tag-transferi","tag-yazici","tag-yeni","tag-yusuf"],"jetpack_publicize_connections":[],"jetpack_featured_media_url":"https:\/\/i0.wp.com\/www.tvturk.com\/wp-content\/uploads\/2019\/08\/lillenin-yeni-transferi-yusuf-yazici-fransiz-basina-tanitildi_3e1d6a7.jpg?fit=1000%2C750","jetpack_sharing_enabled":true,"jetpack_shortlink":"https:\/\/wp.me\/paKIfm-NLV","_links":{"self":[{"href":"http:\/\/www.tvturk.com\/index.php\/wp-json\/wp\/v2\/posts\/191327","targetHints":{"allow":["GET"]}}],"collection":[{"href":"http:\/\/www.tvturk.com\/index.php\/wp-json\/wp\/v2\/posts"}],"about":[{"href":"http:\/\/www.tvturk.com\/index.php\/wp-json\/wp\/v2\/types\/post"}],"author":[{"embeddable":true,"href":"http:\/\/www.tvturk.com\/index.php\/wp-json\/wp\/v2\/users\/1"}],"replies":[{"embeddable":true,"href":"http:\/\/www.tvturk.com\/index.php\/wp-json\/wp\/v2\/comments?post=191327"}],"version-history":[{"count":0,"href":"http:\/\/www.tvturk.com\/index.php\/wp-json\/wp\/v2\/posts\/191327\/revisions"}],"wp:featuredmedia":[{"embeddable":true,"href":"http:\/\/www.tvturk.com\/index.php\/wp-json\/wp\/v2\/media\/191328"}],"wp:attachment":[{"href":"http:\/\/www.tvturk.com\/index.php\/wp-json\/wp\/v2\/media?parent=191327"}],"wp:term":[{"taxonomy":"category","embeddable":true,"href":"http:\/\/www.tvturk.com\/index.php\/wp-json\/wp\/v2\/categories?post=191327"},{"taxonomy":"post_tag","embeddable":true,"href":"http:\/\/www.tvturk.com\/index.php\/wp-json\/wp\/v2\/tags?post=191327"}],"curies":[{"name":"wp","href":"https:\/\/api.w.org\/{rel}","templated":true}]}}