{"id":191343,"date":"2019-08-07T16:01:53","date_gmt":"2019-08-07T13:01:53","guid":{"rendered":"http:\/\/www.tvturk.com\/index.php\/icisleri-bakani-soylu-diyarbakirda-pomem-mezuniyet-torenine-katildi\/"},"modified":"2019-08-07T16:01:53","modified_gmt":"2019-08-07T13:01:53","slug":"icisleri-bakani-soylu-diyarbakirda-pomem-mezuniyet-torenine-katildi","status":"publish","type":"post","link":"http:\/\/www.tvturk.com\/index.php\/icisleri-bakani-soylu-diyarbakirda-pomem-mezuniyet-torenine-katildi\/","title":{"rendered":"\u0130\u00e7i\u015fleri Bakan\u0131 Soylu, Diyarbak\u0131r\u2019da POMEM mezuniyet t\u00f6renine kat\u0131ld\u0131"},"content":{"rendered":"<p>Diyarbak\u0131r\u2019da Polis Meslek E\u011fitim Merkezi\u2019nden (POMEM) mezun olan 592 \u00f6\u011frenci i\u00e7in t\u00f6ren d\u00fczenlendi. T\u00f6rende konu\u015fan \u0130\u00e7i\u015fleri Bakan\u0131 S\u00fcleyman Soylu, \u201c17-25 Aral\u0131k s\u00fcrecinden sonra yakla\u015f\u0131k 33 bin personel ihra\u00e7 edildi ve 5 bin \u00fczerinde personel de a\u00e7\u0131kta. Ancak 2016 y\u0131l\u0131ndan bu yana o a\u00e7\u0131\u011f\u0131 kapatmaya \u00e7al\u0131\u015f\u0131yoruz. Biz FET\u00d6\u2019n\u00fcn, PKK\u2019n\u0131n, uyu\u015fturucu sat\u0131c\u0131lar\u0131n\u0131n da iflah\u0131n\u0131 kestik. Bug\u00fcn ortada g\u00f6rd\u00fckleriniz bu ihanet \u00e7etelerinin k\u0131r\u0131nt\u0131lar\u0131ndan ba\u015fka bir \u015fey de\u011fildir. Sadece bu y\u0131l PKK ter\u00f6r \u00f6rg\u00fct\u00fcnden 87 tane \u00fcst d\u00fczey ter\u00f6r \u00f6rg\u00fct\u00fc \u00fcyesi etkisiz hale getirildi&#8221; dedi.<\/p>\n<p>Diyarbak\u0131r\u2019da Ali Gaffar Okkan POMEM\u2019de 23. d\u00f6nem mezunu olan 592 \u00f6\u011frenci i\u00e7in t\u00f6ren d\u00fczenlendi. T\u00f6rene \u0130\u00e7i\u015fleri Bakan\u0131 S\u00fcleyman Soylu, Emniyet Genel M\u00fcd\u00fcr\u00fc Mehmet Akta\u015f, Diyarbak\u0131r Valisi Hasan Basri G\u00fczelo\u011flu, Polis Akademisi Ba\u015fkan\u0131 Prof. Dr. Y\u0131lmaz \u00c7olak, Diyarbak\u0131r il Emniyet M\u00fcd\u00fcr\u00fc Tacettin Aslan, kamu kurum m\u00fcd\u00fcrleri, \u00f6\u011frenciler ve aileleri kat\u0131ld\u0131. Mezun olacak \u00f6\u011frencilerin yerlerini almas\u0131, sayg\u0131 duru\u015fu ve \u0130stiklal Mar\u015f\u0131\u2019n\u0131n okunmas\u0131yla ba\u015flayan t\u00f6rende, \u0130\u00e7i\u015fleri Bakan\u0131 S\u00fcleyman Soylu, bir konu\u015fma yapt\u0131.<\/p>\n<p>\u201c15 Temmuz\u2019da bu \u00fclkeye zarar verdiklerini zannedenler umduklar\u0131n\u0131 bulamad\u0131lar\u201d<\/p>\n<p>Mezuniyet t\u00f6reni nedeniyle Diyarbak\u0131r\u2019a geldi\u011fini belirten Bakan Soylu, \u201cBug\u00fcn bu okulda 592 \u00f6\u011frencimizi mezun ediyoruz. Ge\u00e7ti\u011fimiz hafta sonu dahil 12 bin 672 evlad\u0131m\u0131z s\u0131navlar\u0131n\u0131 ba\u015far\u0131 ile verdiler ve mezuniyete hak kazand\u0131lar. \u0130n\u015fallah g\u00f6revlerine ba\u015flayacaklard\u0131r. \u015eu an T\u00fcrkiye\u2019de emniyet te\u015fkilat\u0131nda 294 bin 401 emniyet personeli g\u00f6rev yap\u0131yor. 17-25 Aral\u0131k s\u00fcrecinden sonra yakla\u015f\u0131k 33 bin personel ihra\u00e7 edildi ve 5 bin \u00fczerinde personel de a\u00e7\u0131kta. Ancak 2016 y\u0131l\u0131ndan bu yana o a\u00e7\u0131\u011f\u0131 kapatmaya \u00e7al\u0131\u015f\u0131yoruz. Benzeri durum di\u011fer kurumlar\u0131m\u0131zda da ya\u015fand\u0131.  15 Temmuz\u2019da bu \u00fclkeye zarar verdiklerini zannedenler, bu \u00fclkede bir \u015feyler koparacaklar\u0131n\u0131, bu \u00fclkenin istikametini de\u011fi\u015ftirece\u011fini zannedenler umduklar\u0131 hi\u00e7bir \u015feye ula\u015famad\u0131lar. Ac\u0131s\u0131 i\u00e7imizde halen kor gibi yanan 215 vatan evlad\u0131n\u0131 \u015fehit ettiler. Cenab\u0131 hak hepsine rahmet eylesin, gazilerimize \u015fifalar ihsan eylesin. Ama biz o ac\u0131dan, o karanl\u0131k geceden biliniz ki g\u00fc\u00e7lenerek \u00e7\u0131kt\u0131k. Biz o geceden sonra FET\u00d6\u2019n\u00fcn, PKK\u2019n\u0131n da, uyu\u015fturucu sat\u0131c\u0131lar\u0131n\u0131n da iflah\u0131n\u0131 kestik. Bug\u00fcn ortada g\u00f6rd\u00fckleriniz bu ihanet \u00e7etelerinin k\u0131r\u0131nt\u0131lar\u0131ndan ba\u015fka bir \u015fey de\u011fildir. Bu y\u0131l\u0131n ilk 7 ay\u0131nda 146 ter\u00f6rist ikna yoluyla g\u00fcvenlik g\u00fc\u00e7lerine teslim oldu. Ge\u00e7en y\u0131l\u0131n tamam\u0131nda bu say\u0131 110\u2019du. Sadece bu y\u0131l PKK ter\u00f6r \u00f6rg\u00fct\u00fcnden 87 tane \u00fcst d\u00fczey ter\u00f6r \u00f6rg\u00fct\u00fc \u00fcyesi etkisiz hale getirildi\u201d diye konu\u015ftu.<\/p>\n<p>\u201cBu y\u0131l\u0131n ilk 7 ay\u0131nda 20 milyon kek kenevir ele ge\u00e7irildi\u201d<\/p>\n<p>Bu y\u0131l\u0131n 7 ay\u0131nda 20 milyon k\u00f6k kenevirin yakaland\u0131\u011f\u0131n\u0131 aktaran Bakan Soylu, \u015f\u00f6yle dedi:<\/p>\n<p>\u201cUyu\u015fturucuyu bir ter\u00f6r \u00f6rg\u00fct\u00fc olarak g\u00f6r\u00fcyoruz. Bununla da m\u00fccadelemizi ayn\u0131 \u015fekilde s\u00fcrd\u00fcr\u00fcyoruz. Ge\u00e7ti\u011fimiz y\u0131l Diyarbak\u0131r bu operasyonlarda b\u00fcy\u00fck ba\u015far\u0131lar\u0131n alt\u0131na imza at\u0131yor ve b\u00fct\u00fcn arkada\u015flar\u0131 buradan kutluyorum. Diyarbak\u0131r\u2019da ge\u00e7en y\u0131l 7 milyon k\u00f6k kenevir yakalanm\u0131\u015ft\u0131. Bu y\u0131l 7\u2019nci ay bitti ve 20 milyon k\u00f6k keneviri yakaland\u0131. 2017\u2019de uyu\u015fturucu sebebiyle 941 ki\u015fi hayat\u0131n\u0131 kaybetmi\u015fti, verdi\u011fimiz m\u00fccadeleyle bu say\u0131y\u0131 2018 sonu itibar\u0131yla 657\u2019ye \u00e7ektik. Bu bizim i\u00e7in yeterli de\u011fildir. Daha da a\u015fa\u011f\u0131ya \u00e7ekece\u011fiz. Bu uyu\u015fturucu \u00f6yle bir illet ki, kendisi gen\u00e7lerimizi zehirliyor, paras\u0131 ter\u00f6risti besliyor. Onun i\u00e7in, de\u011ferli anne babalar, l\u00fctfen bu meselede dikkatli olun ve bizlerle ileti\u015fim halinde olun. Benim \u00e7ocu\u011fum yapmaz demeyin. Bunlar \u00e7ocuk bunlar gen\u00e7. T\u00fcm \u00fclkedeki anne ve babalara sesleniyorum. Merak ederler, aldan\u0131rlar ve inan\u0131rlar. Onun i\u00e7in \u00e7ocuklar\u0131m\u0131z\u0131n ne yapt\u0131\u011f\u0131n\u0131, kiminle gezip tozdu\u011funa ve kiminle arkada\u015fl\u0131k kurdu\u011funa mutlaka dikkat edelim ki bu ac\u0131lar\u0131 b\u00fcy\u00fctmeyelim\u201d \u015feklinde konu\u015ftu.<\/p>\n<p>\u201cTrafik kazalar\u0131nda hayat\u0131n\u0131 kaybedenlerin say\u0131s\u0131 y\u00fczde 32,5 azald\u0131\u201d<\/p>\n<p>T\u00fcrkiye\u2019nin, vatanda\u015f\u0131n huzur ve g\u00fcvenini tesis etme anlam\u0131nda b\u00fcy\u00fck bir at\u0131l\u0131m i\u00e7inde oldu\u011funun alt\u0131n\u0131 \u00e7izen Bakan Soylu, konu\u015fmas\u0131n\u0131 \u015f\u00f6yle s\u00fcrd\u00fcrd\u00fc:<\/p>\n<p>\u201cY\u0131llard\u0131r T\u00fcrkiye\u2019nin kanayan en b\u00fcy\u00fck yaralar\u0131ndan biri olan trafik g\u00fcvenli\u011finde de var g\u00fcc\u00fcm\u00fczle \u00e7al\u0131\u015f\u0131yoruz ve \u00e7ok g\u00fczel neticeler al\u0131yoruz. Bu y\u0131l\u0131n ilk 7 ay\u0131nda ge\u00e7en y\u0131l\u0131n ilk 7 ay\u0131na g\u00f6re trafik kazalar\u0131nda hayat\u0131n\u0131 kaybedenlerin say\u0131s\u0131 y\u00fczde 32,5 azald\u0131. T\u00fcrkiye d\u00fcnyaya hay\u0131rl\u0131 bir rekor b\u0131rakmak istiyorsa ilk 7 ayda getirdi\u011fimiz bu tabloyu y\u0131l sonuna kadar devam ettirelim. Ge\u00e7en y\u0131l yapt\u0131\u011f\u0131m\u0131z denetimlerin y\u00fczde 40\u2019\u0131n\u0131 emniyet kemerinde yapm\u0131\u015f\u0131z. Y\u00fczde 16\u2019s\u0131n\u0131 alkoll\u00fc ara\u00e7 kullananlarla ilgili yapm\u0131\u015f\u0131z ki \u015fu ana kadar 2019 y\u0131l\u0131nda alkolden ehliyetini ald\u0131\u011f\u0131m\u0131z ki\u015fi say\u0131s\u0131 100 bin. Bu bir felakettir, bir k\u00f6t\u00fcl\u00fckt\u00fcr ve bu bir cinayettir. Alkol i\u00e7ererek araba kullananlara sesleniyorum sizlere yalvar\u0131yorum, ne kendinize bu k\u00f6t\u00fcl\u00fc\u011f\u00fc yapmaya hakk\u0131n\u0131z var ne trafik kazas\u0131na m\u00fcsebbip oldu\u011funuz kar\u015f\u0131 tarafa bu k\u00f6t\u00fcl\u00fc\u011f\u00fc yapmaya hakk\u0131n\u0131z var, ne de \u00e7oluk \u00e7ocu\u011funuza bunu yapmaya hakk\u0131n\u0131z var. &#8220;<\/p>\n<p>\u201cOnlar\u0131n en b\u00fcy\u00fck koruyucusu \u00f6nce Allah ve sonra da sizlersiniz\u201d<\/p>\n<p>Polis okulundaki e\u011fitimcilere g\u00f6sterdikleri \u00e7abalar\u0131ndan dolay\u0131 te\u015fekk\u00fcr eden ve ailelere seslenen Bakan Soylu, \u015f\u00f6yle devam etti:<\/p>\n<p>\u201cSizin i\u015finiz bitmi\u015f de\u011fildir \u00e7ocuklar\u0131n en b\u00fcy\u00fck amiri sizlersiniz. Bir yanl\u0131\u015fa d\u00fc\u015fer gibi olduklar\u0131n da ilk fark etmesi gereken, ilk m\u00fcdahaleyi yapmas\u0131 gereken yine sizlersiniz. Evlatlar\u0131n\u0131z\u0131n \u00fczerinden l\u00fctfen g\u00f6z\u00fcn\u00fcz\u00fc elinizi \u00e7ekmeyin. Ne olur namazlar\u0131n\u0131zda evlatlar\u0131n\u0131z\u0131n \u00fczerinden dualar\u0131n\u0131z\u0131 eksik etmeyin. Bellerinde silah da olsa, devletin \u00fcniformas\u0131 da olsa onlar\u0131n en b\u00fcy\u00fck koruyucusu \u00f6nce Allah ve sonrada sizlersiniz.\u201d<\/p>\n<p>\u201cPolislik mesle\u011finin bir namusu ve onuru vard\u0131r\u201d<\/p>\n<p>Son olarak yeni mezun olan polislere de nasihatlerde bulunan Bakan Soylu, \u201cSizler bu sorumlulu\u011fun gere\u011fini yerine getirmek i\u00e7in e\u011fitildiniz. Her mesle\u011fin bir namusu ve onuru oldu\u011fu gibi polislik mesle\u011finin bir namusu ve onuru vard\u0131r. Bu emanet bug\u00fcn sizdedir. Yanl\u0131\u015f yapan arkada\u015f\u0131n\u0131z var ise onu uyarmak, yanl\u0131\u015ftan do\u011fru bir noktaya \u00e7ekmek ve s\u0131rat-\u0131 m\u00fcstakime do\u011fru yolu \u00f6\u011fretmek sizin sorumlulu\u011funuzdur. Bilin ki bunlara riayet etti\u011finiz zaman yard\u0131mc\u0131n\u0131z Allah\u2019t\u0131r\u201d dedi.<\/p>\n<p>T\u00f6ren dereceye giren ilk \u00fc\u00e7 \u00f6\u011frenciye hediyelerinin verilmesi, mezun olan \u00f6\u011frencilerin yemin etmesi ve mezun \u00f6\u011frencilerin \u015fapkalar\u0131n\u0131 havaya atarak sevin\u00e7 g\u00f6sterisi yapmas\u0131yla sona erdi.<\/p>\n","protected":false},"excerpt":{"rendered":"<p>D\u0130YARBAKIR&#8217;DA POMEM\u2019DEN MEZUN OLAN 592 \u00d6\u011eRENC\u0130 \u0130\u00c7\u0130N T\u00d6REN D\u00dcZENLEND\u0130. T\u00d6RENDE, YEN\u0130 MEZUN OLAN POL\u0130SLERE NAS\u0130HATLERDE BULUNAN \u0130\u00c7\u0130\u015eLER\u0130 BAKANI S\u00dcLEYMAN SOYLU \u201cS\u0130ZLER BU SORUMLULU\u011eUN GERE\u011e\u0130N\u0130 YER\u0130NE GET\u0130RMEK \u0130\u00c7\u0130N E\u011e\u0130T\u0130LD\u0130N\u0130Z. HER MESLE\u011e\u0130N B\u0130R NAMUSU VE ONURU OLDU\u011eU G\u0130B\u0130 POL\u0130SL\u0130K MESLE\u011e\u0130N\u0130N B\u0130R NAMUSU VE ONURU VARDIR. BU EMANET BUG\u00dcN S\u0130ZDED\u0130R\u201d DED\u0130.<\/p>\n","protected":false},"author":1,"featured_media":191344,"comment_status":"closed","ping_status":"open","sticky":false,"template":"","format":"standard","meta":{"jetpack_post_was_ever_published":false,"_jetpack_newsletter_access":"","_jetpack_dont_email_post_to_subs":false,"_jetpack_newsletter_tier_id":0,"_jetpack_memberships_contains_paywalled_content":false,"_jetpack_memberships_contains_paid_content":false,"footnotes":"","jetpack_publicize_message":"","jetpack_publicize_feature_enabled":true,"jetpack_social_post_already_shared":true,"jetpack_social_options":{"image_generator_settings":{"template":"highway","default_image_id":0,"font":"","enabled":false},"version":2}},"categories":[1],"tags":[933,62,1914,1757,820,13711,79,6096],"class_list":["post-191343","post","type-post","status-publish","format-standard","has-post-thumbnail","hentry","category-genel","tag-bakani","tag-diyarbakirda","tag-icisleri","tag-katildi","tag-mezuniyet","tag-pomem","tag-soylu","tag-torenine"],"jetpack_publicize_connections":[],"jetpack_featured_media_url":"https:\/\/i0.wp.com\/www.tvturk.com\/wp-content\/uploads\/2019\/08\/icisleri-bakani-soylu-diyarbakirda-pomem-mezuniyet-torenine-katildi_dcbab05.jpg?fit=1000%2C759","jetpack_sharing_enabled":true,"jetpack_shortlink":"https:\/\/wp.me\/paKIfm-NMb","_links":{"self":[{"href":"http:\/\/www.tvturk.com\/index.php\/wp-json\/wp\/v2\/posts\/191343","targetHints":{"allow":["GET"]}}],"collection":[{"href":"http:\/\/www.tvturk.com\/index.php\/wp-json\/wp\/v2\/posts"}],"about":[{"href":"http:\/\/www.tvturk.com\/index.php\/wp-json\/wp\/v2\/types\/post"}],"author":[{"embeddable":true,"href":"http:\/\/www.tvturk.com\/index.php\/wp-json\/wp\/v2\/users\/1"}],"replies":[{"embeddable":true,"href":"http:\/\/www.tvturk.com\/index.php\/wp-json\/wp\/v2\/comments?post=191343"}],"version-history":[{"count":0,"href":"http:\/\/www.tvturk.com\/index.php\/wp-json\/wp\/v2\/posts\/191343\/revisions"}],"wp:featuredmedia":[{"embeddable":true,"href":"http:\/\/www.tvturk.com\/index.php\/wp-json\/wp\/v2\/media\/191344"}],"wp:attachment":[{"href":"http:\/\/www.tvturk.com\/index.php\/wp-json\/wp\/v2\/media?parent=191343"}],"wp:term":[{"taxonomy":"category","embeddable":true,"href":"http:\/\/www.tvturk.com\/index.php\/wp-json\/wp\/v2\/categories?post=191343"},{"taxonomy":"post_tag","embeddable":true,"href":"http:\/\/www.tvturk.com\/index.php\/wp-json\/wp\/v2\/tags?post=191343"}],"curies":[{"name":"wp","href":"https:\/\/api.w.org\/{rel}","templated":true}]}}