{"id":191345,"date":"2019-08-07T16:01:58","date_gmt":"2019-08-07T13:01:58","guid":{"rendered":"http:\/\/www.tvturk.com\/index.php\/afyonkarahisarda-2-ethem-tem-fotograf-yarismasinin-sonuclari-aciklandi\/"},"modified":"2019-08-07T16:01:58","modified_gmt":"2019-08-07T13:01:58","slug":"afyonkarahisarda-2-ethem-tem-fotograf-yarismasinin-sonuclari-aciklandi","status":"publish","type":"post","link":"http:\/\/www.tvturk.com\/index.php\/afyonkarahisarda-2-ethem-tem-fotograf-yarismasinin-sonuclari-aciklandi\/","title":{"rendered":"Afyonkarahisar\u2019da 2. Ethem Tem Foto\u011fraf Yar\u0131\u015fmas\u0131n\u0131n sonu\u00e7lar\u0131 a\u00e7\u0131kland\u0131"},"content":{"rendered":"<p>Afyonkarahisar\u2019\u0131n tan\u0131t\u0131m\u0131 ve Afyonkarahisar\u2019dan \u0130zmir\u2019e kadar uzanan Zafer Yolu \u00fczerinde gizli kalm\u0131\u015f tarihsel dokunun g\u00fcn y\u00fcz\u00fcne \u00e7\u0131kar\u0131lmas\u0131 amac\u0131yla ikincisi d\u00fczenlenen Ethem Tem Ulusal Foto\u011fraf Yar\u0131\u015fmas\u0131\u2019n\u0131n sonu\u00e7lar\u0131 a\u00e7\u0131kland\u0131.<\/p>\n<p>Afyonkarahisar Belediyesi ile Atat\u00fcrk\u00e7\u00fc D\u00fc\u015f\u00fcnce Derne\u011fi Afyonkarahisar \u015eubesi i\u015fbirli\u011finde T\u00fcrkiye Foto\u011fraf Sanat\u0131 Federasyonu\u2019nun katk\u0131lar\u0131yla d\u00fczenlenen yar\u0131\u015fmada, ba\u015fvuru s\u00fcresinin sona ermesinin ard\u0131ndan se\u00e7ici kurulun yapt\u0131\u011f\u0131 de\u011ferlendirmeye g\u00f6re, ilk \u00fc\u00e7 dereceye giren foto\u011fraflar ile Ethem Tem J\u00fcri \u00d6zel \u00d6d\u00fcl\u00fc ve sergilemeye lay\u0131k 20 foto\u011fraf belirlendi. 9 foto\u011fraf sanat\u00e7\u0131s\u0131n\u0131n listeye girdi\u011fi sonu\u00e7lar, Belediye Ba\u015fkan\u0131 Mehmet Zeybek ve Atat\u00fcrk\u00e7\u00fc D\u00fc\u015f\u00fcnce Derne\u011fi Afyonkarahisar \u015eube Ba\u015fkan\u0131 Veli Cengiz taraf\u0131ndan Belediye Ba\u015fkanl\u0131\u011f\u0131 Toplant\u0131 Salonu\u2019nda d\u00fczenlenen bilgilendirme toplant\u0131s\u0131nda a\u00e7\u0131kland\u0131. Toplant\u0131ya ayr\u0131ca, \u00d6zel Kalem M\u00fcd\u00fcr\u00fc Mehmet Sava\u015f, K\u00fclt\u00fcr ve Sosyal \u0130\u015fler M\u00fcd\u00fcr\u00fc \u0130hsan Akar ve ADD Afyonkarahisar \u015eubesi Y\u00f6netim Kurulu \u00dcyesi Sevilay Mara kat\u0131ld\u0131.<\/p>\n<p>B\u0130N 800\u2019\u00dcN \u00dcZER\u0130NDE BA\u015eVURU YAPILDI<\/p>\n<p>Yar\u0131\u015fmaya T\u00fcrkiye genelinden bin 800\u2019\u00fcn \u00fczerinde foto\u011fraf ba\u015fvurusu yap\u0131ld\u0131\u011f\u0131n\u0131 a\u00e7\u0131klayan Belediye Ba\u015fkan\u0131 Mehmet Zeybek, yar\u0131\u015fmaya eserleriyle katk\u0131 veren herkese te\u015fekk\u00fcr etti. Yar\u0131\u015fman\u0131n t\u00fcm Kurtulu\u015f Sava\u015f\u0131 \u015fehitlerine ve bilhassa Ethem Tem\u2019e Afyonkarahisarl\u0131lar\u0131n bir \u015f\u00fckran ve minnet ifadesi olmas\u0131n\u0131 dileyen Ba\u015fkan Zeybek, dereceye giren foto\u011fraflar\u0131n, 27 A\u011fustos Afyonkarahisar\u2019\u0131n d\u00fc\u015fman i\u015fgalinden kurtulu\u015funun y\u0131ld\u00f6n\u00fcm\u00fcnde Ta\u015f Medrese\u2019de a\u00e7\u0131lacak sergide be\u011feniye sunulaca\u011f\u0131n\u0131 ve yar\u0131\u015fmac\u0131lara \u00f6d\u00fcllerinin bu sergide verilece\u011fini s\u00f6yledi.<\/p>\n<p>81 \u0130L\u0130N TAMAMINDAN KATILIM OLDU<\/p>\n<p>ADD Ba\u015fkan\u0131 Veli Cengiz\u2019e ve T\u00fcrkiye Foto\u011fraf Sanat\u0131 Federasyonu yetkilileri ile se\u00e7ici kurul \u00fcyelerine te\u015fekk\u00fcr eden Ba\u015fkan Zeybek, \u015fehrimizin tan\u0131t\u0131m\u0131na katk\u0131 sa\u011flayan projelere her zaman destek vereceklerini s\u00f6zlerine ekledi.<\/p>\n<p>ADD Ba\u015fkan\u0131 Veli Cengiz de, yar\u0131\u015fman\u0131n \u00fclke genelinde \u00e7ok ciddi ses getirdi\u011fini ve 81 ilin tamam\u0131ndan foto\u011fraf sanat\u00e7\u0131lar\u0131n\u0131n ba\u015fvuru yapt\u0131\u011f\u0131n\u0131 s\u00f6yledi. Afyonkarahisarl\u0131 foto\u011fraf sanat\u00e7\u0131lar\u0131n\u0131n 47 foto\u011frafla yar\u0131\u015fmaya kat\u0131ld\u0131\u011f\u0131n\u0131 a\u00e7\u0131klayan Cengiz, bunlardan Volkan Sepin\u2019in Ethem Tem J\u00fcri \u00d6zel \u00d6d\u00fcl\u00fc\u2019n\u00fc kazand\u0131\u011f\u0131n\u0131 ve sergilemeye de\u011fer g\u00f6r\u00fclen 20 foto\u011fraf aras\u0131ndan d\u00f6rd\u00fcn\u00fcn Afyonkarahisarl\u0131 foto\u011fraf sanat\u00e7\u0131lar\u0131na ait oldu\u011funu belirtti.<\/p>\n<p>Ge\u00e7en y\u0131l oldu\u011fu gibi bu y\u0131l da dereceye giren ve sergilemeye lay\u0131k g\u00f6r\u00fclen foto\u011fraflar\u0131n Zafer Yolu g\u00fczergah\u0131ndaki illerde sergilenece\u011fini ifade eden Cengiz, Belediye Ba\u015fkan\u0131 Mehmet Zeybek\u2019e, Afyonkarahisar Valisi Mustafa Tutulmaz\u2019a ve bas\u0131n mensuplar\u0131yla birlikte t\u00fcm Afyonkarahisar halk\u0131na te\u015fekk\u00fcr etti.  Volkan Sepin\u2019in Ethem Tem J\u00fcri \u00d6zel \u00d6d\u00fcl\u00fc\u2019n\u00fc kazand\u0131\u011f\u0131 yar\u0131\u015fmada birincili\u011fi Ender Pek\u015fen, ikincili\u011fi Ahmet Sinan T\u0131ra\u015f \u00fc\u00e7\u00fcnc\u00fcl\u00fc\u011f\u00fc ise Eser G\u00f6\u00e7mez elde etti.<\/p>\n","protected":false},"excerpt":{"rendered":"<p>AFYONKARAH\u0130SAR\u2019IN TANITIMI VE AFYONKARAH\u0130SAR&#8217;DAN \u0130ZM\u0130R&#8217;E KADAR UZANAN ZAFER YOLU \u00dcZER\u0130NDE G\u0130ZL\u0130 KALMI\u015e TAR\u0130HSEL DOKUNUN G\u00dcN Y\u00dcZ\u00dcNE \u00c7IKARILMASI AMACIYLA \u0130K\u0130NC\u0130S\u0130 D\u00dcZENLENEN ETHEM TEM ULUSAL FOTO\u011eRAF YARI\u015eMASI&#8217;NIN SONU\u00c7LARI A\u00c7IKLANDI.<\/p>\n","protected":false},"author":1,"featured_media":191346,"comment_status":"closed","ping_status":"open","sticky":false,"template":"","format":"standard","meta":{"jetpack_post_was_ever_published":false,"_jetpack_newsletter_access":"","_jetpack_dont_email_post_to_subs":false,"_jetpack_newsletter_tier_id":0,"_jetpack_memberships_contains_paywalled_content":false,"_jetpack_memberships_contains_paid_content":false,"footnotes":"","jetpack_publicize_message":"","jetpack_publicize_feature_enabled":true,"jetpack_social_post_already_shared":true,"jetpack_social_options":{"image_generator_settings":{"template":"highway","default_image_id":0,"font":"","enabled":false},"version":2}},"categories":[1],"tags":[42280,2397,894,5874,5810,7997,6682],"class_list":["post-191345","post","type-post","status-publish","format-standard","has-post-thumbnail","hentry","category-genel","tag-ethem","tag-aciklandi","tag-afyonkarahisarda","tag-fotograf","tag-sonuclari","tag-tem","tag-yarismasinin"],"jetpack_publicize_connections":[],"jetpack_featured_media_url":"https:\/\/i0.wp.com\/www.tvturk.com\/wp-content\/uploads\/2019\/08\/afyonkarahisarda-2-ethem-tem-fotograf-yarismasinin-sonuclari-aciklandi_6d2b0eb.jpg?fit=1000%2C495","jetpack_sharing_enabled":true,"jetpack_shortlink":"https:\/\/wp.me\/paKIfm-NMd","_links":{"self":[{"href":"http:\/\/www.tvturk.com\/index.php\/wp-json\/wp\/v2\/posts\/191345","targetHints":{"allow":["GET"]}}],"collection":[{"href":"http:\/\/www.tvturk.com\/index.php\/wp-json\/wp\/v2\/posts"}],"about":[{"href":"http:\/\/www.tvturk.com\/index.php\/wp-json\/wp\/v2\/types\/post"}],"author":[{"embeddable":true,"href":"http:\/\/www.tvturk.com\/index.php\/wp-json\/wp\/v2\/users\/1"}],"replies":[{"embeddable":true,"href":"http:\/\/www.tvturk.com\/index.php\/wp-json\/wp\/v2\/comments?post=191345"}],"version-history":[{"count":0,"href":"http:\/\/www.tvturk.com\/index.php\/wp-json\/wp\/v2\/posts\/191345\/revisions"}],"wp:featuredmedia":[{"embeddable":true,"href":"http:\/\/www.tvturk.com\/index.php\/wp-json\/wp\/v2\/media\/191346"}],"wp:attachment":[{"href":"http:\/\/www.tvturk.com\/index.php\/wp-json\/wp\/v2\/media?parent=191345"}],"wp:term":[{"taxonomy":"category","embeddable":true,"href":"http:\/\/www.tvturk.com\/index.php\/wp-json\/wp\/v2\/categories?post=191345"},{"taxonomy":"post_tag","embeddable":true,"href":"http:\/\/www.tvturk.com\/index.php\/wp-json\/wp\/v2\/tags?post=191345"}],"curies":[{"name":"wp","href":"https:\/\/api.w.org\/{rel}","templated":true}]}}