{"id":191371,"date":"2019-08-07T16:46:39","date_gmt":"2019-08-07T13:46:39","guid":{"rendered":"http:\/\/www.tvturk.com\/index.php\/kurban-bayrami-oncesinde-bakan-pakdemirliden-denetim\/"},"modified":"2019-08-07T16:46:39","modified_gmt":"2019-08-07T13:46:39","slug":"kurban-bayrami-oncesinde-bakan-pakdemirliden-denetim","status":"publish","type":"post","link":"http:\/\/www.tvturk.com\/index.php\/kurban-bayrami-oncesinde-bakan-pakdemirliden-denetim\/","title":{"rendered":"Kurban Bayram\u0131 \u00f6ncesinde Bakan Pakdemirli\u2019den denetim"},"content":{"rendered":"<p>Tar\u0131m ve Orman Bakan\u0131 Bekir Pakdemirli, Kurban Bayram\u0131 \u00f6ncesinde Ke\u00e7i\u00f6ren Kurban Pazar\u0131\u2019nda denetimlerde bulundu.<\/p>\n<p>Kurban Bayram\u0131 \u00f6ncesinde Tar\u0131m ve Orman Bakanl\u0131\u011f\u0131 denetimlerini iki kat\u0131na \u00e7\u0131kard\u0131. Bakan Bekir Pakdemirli ve Ankara Tar\u0131m ve Orman \u0130l M\u00fcd\u00fcrl\u00fc\u011f\u00fc ekipleri Ba\u011flum\u2019da bulunan Ke\u00e7i\u00f6ren Kurban Pazar\u0131\u2019nda denetimlerde bulundu. Pakdemirli\u2019nin yan\u0131 s\u0131ra Ke\u00e7i\u00f6ren Belediye Ba\u015fkan\u0131 Turgut Alt\u0131nok ve Tar\u0131m ve Orman \u0130l M\u00fcd\u00fcr\u00fc B\u00fclent Korkmaz da denetimlerde yer ald\u0131.<\/p>\n<p>Bakan Pakdemirli denetimlerde yapt\u0131\u011f\u0131 a\u00e7\u0131klamada, \u201cKurban Pazar\u0131\u2019na geldik burada belediye ba\u015fkan\u0131m\u0131zla birlikte Kurban Bayram\u0131 haz\u0131rl\u0131klar\u0131na bak\u0131yoruz ve denetleme anlam\u0131nda buraday\u0131z. Bakanl\u0131k olarak b\u00fct\u00fcn gerekli kontrol ve i\u015flemlerimizi yapm\u0131\u015ft\u0131k. Hayvan pazarlar\u0131m\u0131z belediyelerle olan i\u015f birli\u011fi ile sa\u011fl\u0131kl\u0131 bir \u015fekilde y\u00fcr\u00fcyor.  Vatanda\u015flar\u0131m\u0131z g\u00f6n\u00fcl rahatl\u0131\u011f\u0131 ile hayvanlar\u0131n\u0131 alabilirler. Ak\u0131ll\u0131 cep telefonlar\u0131 \u00fczerinden  \u2019HaySag\u2019 uygulamas\u0131yla hayvan\u0131n kulak k\u00fcpesi numaras\u0131n\u0131 girip, bu hayvan\u0131n \u015feceresini g\u00f6rmek, anlamak ve takip etmek m\u00fcmk\u00fcnd\u00fcr. Bakanl\u0131\u011f\u0131m\u0131z\u0131n basm\u0131\u015f oldu\u011fu kurban rehberi var. Ula\u015famayanlar \u00fczerinden bizim web sitemiz \u00fczerinden bu rehbere ula\u015fmak m\u00fcmk\u00fcnd\u00fcr\u201d dedi.<\/p>\n<p>A\u00e7\u0131klaman\u0131n ard\u0131ndan Bakan Pakdemirli k\u00fc\u00e7\u00fckba\u015f hayvan \u00e7ad\u0131r\u0131n\u0131 da ziyaret etti. Denetimler ise veteriner hekimler e\u015fli\u011finde bakanl\u0131k personeli, il m\u00fcd\u00fcrl\u00fc\u011f\u00fc ekiplerince s\u00fcrd\u00fcr\u00fcld\u00fc.<\/p>\n","protected":false},"excerpt":{"rendered":"<p>TARIM VE ORMAN BAKANI BEK\u0130R PAKDEM\u0130RL\u0130, KE\u00c7\u0130\u00d6REN KURBAN PAZARINDA DENET\u0130MLERDE BULUNDU.<\/p>\n","protected":false},"author":1,"featured_media":191372,"comment_status":"closed","ping_status":"open","sticky":false,"template":"","format":"standard","meta":{"jetpack_post_was_ever_published":false,"_jetpack_newsletter_access":"","_jetpack_dont_email_post_to_subs":false,"_jetpack_newsletter_tier_id":0,"_jetpack_memberships_contains_paywalled_content":false,"_jetpack_memberships_contains_paid_content":false,"footnotes":"","jetpack_publicize_message":"","jetpack_publicize_feature_enabled":true,"jetpack_social_post_already_shared":true,"jetpack_social_options":{"image_generator_settings":{"template":"highway","default_image_id":0,"font":"","enabled":false},"version":2}},"categories":[1],"tags":[742,6193,6015,20956,16146,3372],"class_list":["post-191371","post","type-post","status-publish","format-standard","has-post-thumbnail","hentry","category-genel","tag-bakan","tag-bayrami","tag-denetim","tag-kurban","tag-oncesinde","tag-pakdemirliden"],"jetpack_publicize_connections":[],"jetpack_featured_media_url":"https:\/\/i0.wp.com\/www.tvturk.com\/wp-content\/uploads\/2019\/08\/kurban-bayrami-oncesinde-bakan-pakdemirliden-denetim_ba7425e.jpg?fit=1000%2C750","jetpack_sharing_enabled":true,"jetpack_shortlink":"https:\/\/wp.me\/paKIfm-NMD","_links":{"self":[{"href":"http:\/\/www.tvturk.com\/index.php\/wp-json\/wp\/v2\/posts\/191371","targetHints":{"allow":["GET"]}}],"collection":[{"href":"http:\/\/www.tvturk.com\/index.php\/wp-json\/wp\/v2\/posts"}],"about":[{"href":"http:\/\/www.tvturk.com\/index.php\/wp-json\/wp\/v2\/types\/post"}],"author":[{"embeddable":true,"href":"http:\/\/www.tvturk.com\/index.php\/wp-json\/wp\/v2\/users\/1"}],"replies":[{"embeddable":true,"href":"http:\/\/www.tvturk.com\/index.php\/wp-json\/wp\/v2\/comments?post=191371"}],"version-history":[{"count":0,"href":"http:\/\/www.tvturk.com\/index.php\/wp-json\/wp\/v2\/posts\/191371\/revisions"}],"wp:featuredmedia":[{"embeddable":true,"href":"http:\/\/www.tvturk.com\/index.php\/wp-json\/wp\/v2\/media\/191372"}],"wp:attachment":[{"href":"http:\/\/www.tvturk.com\/index.php\/wp-json\/wp\/v2\/media?parent=191371"}],"wp:term":[{"taxonomy":"category","embeddable":true,"href":"http:\/\/www.tvturk.com\/index.php\/wp-json\/wp\/v2\/categories?post=191371"},{"taxonomy":"post_tag","embeddable":true,"href":"http:\/\/www.tvturk.com\/index.php\/wp-json\/wp\/v2\/tags?post=191371"}],"curies":[{"name":"wp","href":"https:\/\/api.w.org\/{rel}","templated":true}]}}