{"id":191439,"date":"2019-08-07T20:46:33","date_gmt":"2019-08-07T17:46:33","guid":{"rendered":"http:\/\/www.tvturk.com\/index.php\/canakkale-valisi-tavli-kirazlidaki-maden-alani-hakkinda-konustu\/"},"modified":"2019-08-07T20:46:33","modified_gmt":"2019-08-07T17:46:33","slug":"canakkale-valisi-tavli-kirazlidaki-maden-alani-hakkinda-konustu","status":"publish","type":"post","link":"http:\/\/www.tvturk.com\/index.php\/canakkale-valisi-tavli-kirazlidaki-maden-alani-hakkinda-konustu\/","title":{"rendered":"\u00c7anakkale Valisi Tavl\u0131, Kirazl\u0131\u2019daki maden alan\u0131 hakk\u0131nda konu\u015ftu"},"content":{"rendered":"<p>\u00c7anakkale Valisi Orhan Tavl\u0131, son d\u00f6nemde g\u00fcndemi s\u0131k\u00e7a me\u015fgul eden \u00c7anakkale\u2019nin Kirazl\u0131 k\u00f6y\u00fcndeki maden alan\u0131 hakk\u0131nda bir bas\u0131n a\u00e7\u0131klamas\u0131 yapt\u0131. Vali Tavl\u0131, eylem yap\u0131lan b\u00f6lge ile ilgili birtak\u0131m yanl\u0131\u015f bilgilerle vatanda\u015flar\u0131n \u00e7evreye olan duyarl\u0131l\u0131\u011f\u0131n\u0131 ve hassasiyetini y\u00f6nlendirmeye \u00e7al\u0131\u015fan gruplar\u0131n oldu\u011funun g\u00f6zlendi\u011fini aktard\u0131.<\/p>\n<p>B\u00f6lgede y\u00fcr\u00fct\u00fclen madencilik faaliyetleri hakk\u0131nda yanl\u0131\u015f bilinen ger\u00e7ekleri aktaran Vali Tavl\u0131, &#8220;\u00c7anakkale ili merkez Kirazl\u0131 k\u00f6y\u00fc Balaban Tepe (Ta\u015fl\u0131 Tepe Mevkii) s\u0131n\u0131rlar\u0131nda Do\u011fu Biga Madencilik taraf\u0131ndan yasal mevzuat \u00e7er\u00e7evesinde yap\u0131lan madencilik faaliyetiyle ilgili olarak maalesef birtak\u0131m yanl\u0131\u015f bilgilerle vatanda\u015flar\u0131m\u0131z\u0131n \u00e7evreye olan duyarl\u0131l\u0131\u011f\u0131n\u0131 ve hassasiyetini y\u00f6nlendirmeye \u00e7al\u0131\u015fan gruplar\u0131n oldu\u011fu g\u00f6zlenmi\u015ftir. Bahse konu b\u00f6lge ile ilgili do\u011fal sit alan\u0131n\u0131n tescilinin kald\u0131r\u0131lmas\u0131, izin, ruhsat gibi \u00e7al\u0131\u015fmalar\u0131n ilgili bakanl\u0131klar ve kurumlar taraf\u0131ndan 2000 y\u0131l\u0131 ve 2001 y\u0131l\u0131nda ba\u015flat\u0131ld\u0131\u011f\u0131 anla\u015f\u0131lm\u0131\u015ft\u0131r. Bu y\u0131llarda ba\u015flat\u0131lan i\u015flemlerle Do\u011fu Biga Madencilik taraf\u0131ndan maden arama ruhsat\u0131, maden i\u015fletme ruhsat\u0131 Enerji Ve Tabii Kaynaklar Bakanl\u0131\u011f\u0131 Maden \u0130\u015fleri Genel M\u00fcd\u00fcrl\u00fc\u011f\u00fcnden al\u0131nm\u0131\u015ft\u0131r. Bahse konu maden sahas\u0131 ile ilgili \u00c7ED Y\u00f6netmeli\u011fi kapsam\u0131nda \u00c7evre Ve \u015eehircilik Bakanl\u0131\u011f\u0131na sunulan \u00c7ED raporunun, incelenmesi ve de\u011ferlendirilmesi sonucunda; alt\u0131n-g\u00fcm\u00fc\u015f madeni ve zenginle\u015ftirme tesisi i\u00e7in 2013 y\u0131l\u0131nda \u00c7ED olumlu karar\u0131 \u00c7evre Ve \u015eehircilik Bakanl\u0131\u011f\u0131 taraf\u0131ndan verilmi\u015ftir. Kirazl\u0131 alt\u0131n-g\u00fcm\u00fc\u015f madeni kapasite art\u0131\u015f\u0131 ve zenginle\u015ftirme tesisi projesinin \u00c7ED olumlu raporunun iptali istemiyle a\u00e7\u0131lan dava, Dan\u0131\u015ftay ilgili Dairesi taraf\u0131ndan oy birli\u011fiyle reddedilerek \u00c7ED raporunun hukuka uygun oldu\u011fu belgelenmi\u015ftir&#8221; \u015feklinde konu\u015ftu.<\/p>\n<p>&#8220;Bu alan\u0131n tamam\u0131 a\u011fa\u00e7land\u0131r\u0131larak eskisine oranla daha ye\u015fil bir alana d\u00f6n\u00fc\u015ft\u00fcr\u00fclecektir&#8221;<\/p>\n<p>B\u00f6lgedeki maden \u00e7al\u0131\u015fmalar\u0131 sonras\u0131 alan\u0131n Do\u011fu Biga Madencilik taraf\u0131ndan rehabilitasyon \u00e7al\u0131\u015fmalar\u0131 yap\u0131l\u0131p a\u011fa\u00e7land\u0131r\u0131larak yeniden ye\u015fil bir alana d\u00f6n\u00fc\u015ft\u00fcr\u00fclece\u011fini aktaran Vali Tavl\u0131, &#8220;Orman ve Su \u0130\u015fleri Bakanl\u0131\u011f\u0131n\u0131n 2016 tarihli olurlar\u0131 ile verilen izin kapsam\u0131nda \u00c7anakkale Orman B\u00f6lge M\u00fcd\u00fcrl\u00fc\u011f\u00fcnce 2017 y\u0131l\u0131nda kesimine ba\u015flanan ve maden sahas\u0131nda kesimi yap\u0131lan toplam 13 bin 400 adet a\u011fac\u0131n oldu\u011fu alan, madencilik faaliyeti sonland\u0131\u011f\u0131nda, Do\u011fu Biga Madencilik \u015firketi taraf\u0131ndan rehabilitasyon \u00e7al\u0131\u015fmalar\u0131 yap\u0131larak Orman B\u00f6lge M\u00fcd\u00fcrl\u00fc\u011f\u00fcm\u00fcze teslim edilecek ve bu alan\u0131n tamam\u0131 a\u011fa\u00e7land\u0131r\u0131larak eskisine oranla daha ye\u015fil bir alana d\u00f6n\u00fc\u015ft\u00fcr\u00fclecektir&#8221; ifadelerini kulland\u0131.<\/p>\n<p>&#8220;Do\u011fu Biga Madencilik Maden Zenginle\u015ftirme Tesisi Atikhisar baraj\u0131 ya\u011f\u0131\u015f havzas\u0131n\u0131n kesinlikle d\u0131\u015f\u0131ndad\u0131r&#8221;<\/p>\n<p>Maden sahas\u0131n\u0131n konumu hakk\u0131nda da bilgiler veren Vali Tavl\u0131, a\u00e7\u0131klamas\u0131n\u0131 \u015fu c\u00fcmlelerle noktalad\u0131:<\/p>\n<p>&#8220;\u00c7anakkale\u2019de ya\u015fayan vatanda\u015flar\u0131m\u0131z\u0131n ve konunun uzmanlar\u0131n\u0131n da bildi\u011fi \u00fczere, maden faaliyeti yap\u0131lan Merkez Kirazl\u0131 k\u00f6y\u00fc Balaban Tepe (Ta\u015fl\u0131 Tepe Mevkii) sahas\u0131n\u0131n endemik bitkilerin ya\u015fam alan\u0131 buldu\u011fu Kazda\u011flar\u0131 diye bilinen y\u00f6re ve Kazda\u011flar\u0131 Milli Park\u0131 ile hi\u00e7bir ilgisi yoktur. Maden sahas\u0131 Kazda\u011flar\u0131\u2019na ku\u015f u\u00e7umu 40 kilometre uzakl\u0131ktad\u0131r. Atikhisar \u0130\u00e7me Suyu Baraj\u0131ndan Do\u011fu Biga Madencilik maden i\u015fletme tesisine Devlet Su \u0130\u015fleri taraf\u0131ndan hi\u00e7bir \u015fekilde su verilmeyecektir. \u00c7an Kumarlar k\u00f6y\u00fc s\u0131n\u0131rlar\u0131nda Do\u011fu Biga Madencilik taraf\u0131ndan in\u015fas\u0131 devam eden Alt\u0131nzeybek G\u00f6leti\u2019nden maden i\u015fletme tesisinin su ihtiyac\u0131 kar\u015f\u0131lanacakt\u0131r. \u00c7anakkale\u2019nin i\u00e7me suyu kayna\u011f\u0131 olan Atikhisar Baraj\u0131\u2019na zarar verecek herhangi bir faaliyet y\u00fcr\u00fct\u00fclmesi s\u00f6z konusu de\u011fildir. Bahse konu firman\u0131n t\u00fcm faaliyetlerini \u00c7ED raporuna uygun bir \u015fekilde y\u00fcr\u00fctmesi ilgili kurumlar ve valili\u011fimizce bizzat takip edilecek ve \u00c7ED raporuna ayk\u0131r\u0131 herhangi bir i\u015fleme asla m\u00fcsaade edilmeyecektir.&#8221;<\/p>\n","protected":false},"excerpt":{"rendered":"<p>\u00c7ANAKKALE VAL\u0130S\u0130 ORHAN TAVLI, SON D\u00d6NEMDE G\u00dcNDEM\u0130 ME\u015eGUL EDEN K\u0130RAZLI \u0130L\u00c7ES\u0130NDEK\u0130 MADEN ALANI HAKKINDA B\u0130R BASIN A\u00c7IKLAMASI YAPTI. VAL\u0130 TAVLI, EYLEM YAPILAN B\u00d6LGE \u0130LE \u0130LG\u0130L\u0130 B\u0130RTAKIM YANLI\u015e B\u0130LG\u0130LERLE VATANDA\u015eLARIN \u00c7EVREYE OLAN DUYARLILI\u011eINI VE HASSAS\u0130YET\u0130N\u0130 Y\u00d6NLEND\u0130RMEYE \u00c7ALI\u015eAN GRUPLARIN OLDU\u011eUN G\u00d6ZLEND\u0130\u011e\u0130N\u0130 AKTARDI.<\/p>\n","protected":false},"author":1,"featured_media":191440,"comment_status":"closed","ping_status":"open","sticky":false,"template":"","format":"standard","meta":{"jetpack_post_was_ever_published":false,"_jetpack_newsletter_access":"","_jetpack_dont_email_post_to_subs":false,"_jetpack_newsletter_tier_id":0,"_jetpack_memberships_contains_paywalled_content":false,"_jetpack_memberships_contains_paid_content":false,"footnotes":"","jetpack_publicize_message":"","jetpack_publicize_feature_enabled":true,"jetpack_social_post_already_shared":true,"jetpack_social_options":{"image_generator_settings":{"template":"highway","default_image_id":0,"font":"","enabled":false},"version":2}},"categories":[1],"tags":[3386,1264,6661,47914,4045,4622,13991,639],"class_list":["post-191439","post","type-post","status-publish","format-standard","has-post-thumbnail","hentry","category-genel","tag-alani","tag-canakkale","tag-hakkinda","tag-kirazlidaki","tag-konustu","tag-maden","tag-tavli","tag-valisi"],"jetpack_publicize_connections":[],"jetpack_featured_media_url":"https:\/\/i0.wp.com\/www.tvturk.com\/wp-content\/uploads\/2019\/08\/canakkale-valisi-tavli-kirazlidaki-maden-alani-hakkinda-konustu_749f25e.jpg?fit=1000%2C562","jetpack_sharing_enabled":true,"jetpack_shortlink":"https:\/\/wp.me\/paKIfm-NNJ","_links":{"self":[{"href":"http:\/\/www.tvturk.com\/index.php\/wp-json\/wp\/v2\/posts\/191439","targetHints":{"allow":["GET"]}}],"collection":[{"href":"http:\/\/www.tvturk.com\/index.php\/wp-json\/wp\/v2\/posts"}],"about":[{"href":"http:\/\/www.tvturk.com\/index.php\/wp-json\/wp\/v2\/types\/post"}],"author":[{"embeddable":true,"href":"http:\/\/www.tvturk.com\/index.php\/wp-json\/wp\/v2\/users\/1"}],"replies":[{"embeddable":true,"href":"http:\/\/www.tvturk.com\/index.php\/wp-json\/wp\/v2\/comments?post=191439"}],"version-history":[{"count":0,"href":"http:\/\/www.tvturk.com\/index.php\/wp-json\/wp\/v2\/posts\/191439\/revisions"}],"wp:featuredmedia":[{"embeddable":true,"href":"http:\/\/www.tvturk.com\/index.php\/wp-json\/wp\/v2\/media\/191440"}],"wp:attachment":[{"href":"http:\/\/www.tvturk.com\/index.php\/wp-json\/wp\/v2\/media?parent=191439"}],"wp:term":[{"taxonomy":"category","embeddable":true,"href":"http:\/\/www.tvturk.com\/index.php\/wp-json\/wp\/v2\/categories?post=191439"},{"taxonomy":"post_tag","embeddable":true,"href":"http:\/\/www.tvturk.com\/index.php\/wp-json\/wp\/v2\/tags?post=191439"}],"curies":[{"name":"wp","href":"https:\/\/api.w.org\/{rel}","templated":true}]}}