{"id":191441,"date":"2019-08-07T21:01:29","date_gmt":"2019-08-07T18:01:29","guid":{"rendered":"http:\/\/www.tvturk.com\/index.php\/diyanet-isleri-baskani-erbas-vatanimizin-her-karis-topragi-sehit-kanlariyla-yogrulmustur\/"},"modified":"2019-08-07T21:01:29","modified_gmt":"2019-08-07T18:01:29","slug":"diyanet-isleri-baskani-erbas-vatanimizin-her-karis-topragi-sehit-kanlariyla-yogrulmustur","status":"publish","type":"post","link":"http:\/\/www.tvturk.com\/index.php\/diyanet-isleri-baskani-erbas-vatanimizin-her-karis-topragi-sehit-kanlariyla-yogrulmustur\/","title":{"rendered":"Diyanet \u0130\u015fleri Ba\u015fkan\u0131 Erba\u015f:  \u201cVatan\u0131m\u0131z\u0131n her kar\u0131\u015f topra\u011f\u0131 \u015fehit kanlar\u0131yla yo\u011frulmu\u015ftur\u201d"},"content":{"rendered":"<p>Mekke\u2019de \u015fehit yak\u0131nlar\u0131yla bir araya gelen Diyanet \u0130\u015fleri Ba\u015fkan\u0131 Prof. Dr. Ali Erba\u015f, \u015fehitli\u011fin \u00f6nemine de\u011finerek, \u201cBizim vatan\u0131m\u0131z\u0131n her kar\u0131\u015f topra\u011f\u0131 as\u0131rlard\u0131r \u015fehit kanlar\u0131yla yo\u011frulmu\u015ftur\u201d dedi.<\/p>\n<p>Diyanet \u0130\u015fleri Ba\u015fkan\u0131 Prof. Dr. Ali Erba\u015f, Mekke\u2019de \u015fehit yak\u0131nlar\u0131 ile bir araya geldi. Hac \u0130dare Merkezinde ger\u00e7ekle\u015ftirilen bulu\u015fmada, Diyanet \u0130\u015fleri Ba\u015fkan\u0131 Erba\u015f\u2019a e\u015fi Seher Erba\u015f da e\u015flik etti. \u015eehit yak\u0131nlar\u0131n\u0131 hacc\u0131n\u0131 tebrik eden Erba\u015f, \u015fehitli\u011fin Peygamberlikten sonra bir M\u00fcsl\u00fcmana nasip olan en b\u00fcy\u00fck derece oldu\u011funu s\u00f6yledi.<\/p>\n<p>\u201c\u015eehitlerimizin de diri oldu\u011funa ve bizi cennette beklediklerine inan\u0131yoruz\u201d<\/p>\n<p>Erba\u015f, Kur\u2019an-\u0131 Kerim\u2019de \u015fehitler i\u00e7in, \u201cAllah yolunda \u00f6ld\u00fcr\u00fclenleri \u00f6l\u00fcler sanmay\u0131n, bilakis onlar diridirler ve Rableri kat\u0131nda r\u0131z\u0131kland\u0131r\u0131l\u0131rlar\u201d buyuruldu\u011funu hat\u0131rlatarak, \u201cKur\u2019an\u2019da Rabbimizin buyurdu\u011fu bir \u015feye iman\u0131m\u0131z\u0131n tam oldu\u011funu hepimiz biliyoruz. Dolay\u0131s\u0131yla \u015fehitlerimizin de diri oldu\u011funa ve bizi cennette beklediklerine inan\u0131yoruz\u201d dedi.<\/p>\n<p>\u201cinanc\u0131m\u0131z\u0131 her zaman diri tutaca\u011f\u0131z\u201d<\/p>\n<p>\u015eehitli\u011fin \u00f6nemine vurgu yapan Ba\u015fkan Erba\u015f, \u201cPeygamber Efendimiz \u015fehitli\u011fin \u00f6nemine binaen \u015f\u00f6yle buyuruyor \u2018\u0130\u00e7imden \u00f6yle ge\u00e7iyor ki, Allah yolunda \u015fehit olsam, dirilsem, tekrar \u015fehit olsam, dirilsem, tekrar \u015fehit olsam\u2019 3-4 defa bunu tekrarl\u0131yor. Cenab-\u0131 Hak, sizlere hay\u0131rl\u0131 uzun \u00f6m\u00fcrler nasip eylesin. Bizim vatan\u0131m\u0131z\u0131n her kar\u0131\u015f topra\u011f\u0131 as\u0131rlard\u0131r \u015fehit kanlar\u0131yla yo\u011frulmu\u015ftur. Bayra\u011f\u0131m\u0131z, hilal ve y\u0131ld\u0131z\u0131n \u015fehidin kan\u0131na yans\u0131mas\u0131yla olu\u015fmu\u015ftur. Bayra\u011f\u0131m\u0131z da bize \u015fehitli\u011fi hat\u0131rlat\u0131r. Biz \u015fehitlerimizin Peygamberlerle ha\u015fr olacaklar\u0131na olan inanc\u0131m\u0131z\u0131 her zaman diri tutaca\u011f\u0131z\u201d diye konu\u015ftu.<\/p>\n<p>Ba\u015fkan Erba\u015f, konu\u015fmas\u0131n\u0131n ard\u0131ndan \u015fehitler i\u00e7in dua etti. G\u00f6r\u00fc\u015fmede, Din \u0130\u015fleri Y\u00fcksek Kurulu Ba\u015fkan\u0131 Dr. Ekrem Kele\u015f de haz\u0131r bulundu.<\/p>\n","protected":false},"excerpt":{"rendered":"<p>MEKKE\u2019DE \u015eEH\u0130T YAKINLARIYLA B\u0130R ARAYA GELEN D\u0130YANET \u0130\u015eLER\u0130 BA\u015eKANI PROF. DR. AL\u0130 ERBA\u015e, \u015eEH\u0130TL\u0130\u011e\u0130N \u00d6NEM\u0130NE DE\u011e\u0130NEREK, \u201cB\u0130Z\u0130M VATANIMIZIN HER KARI\u015e TOPRA\u011eI ASIRLARDIR \u015eEH\u0130T KANLARIYLA YO\u011eRULMU\u015eTUR\u201d DED\u0130.<\/p>\n","protected":false},"author":1,"featured_media":191442,"comment_status":"closed","ping_status":"open","sticky":false,"template":"","format":"standard","meta":{"jetpack_post_was_ever_published":false,"_jetpack_newsletter_access":"","_jetpack_dont_email_post_to_subs":false,"_jetpack_newsletter_tier_id":0,"_jetpack_memberships_contains_paywalled_content":false,"_jetpack_memberships_contains_paid_content":false,"footnotes":"","jetpack_publicize_message":"","jetpack_publicize_feature_enabled":true,"jetpack_social_post_already_shared":true,"jetpack_social_options":{"image_generator_settings":{"template":"highway","default_image_id":0,"font":"","enabled":false},"version":2}},"categories":[10],"tags":[47915,216,3150,10687,73,3151,47916,11772,237,14101,47917],"class_list":["post-191441","post","type-post","status-publish","format-standard","has-post-thumbnail","hentry","category-dunya","tag-vatanimizin","tag-baskani","tag-diyanet","tag-erbas","tag-her","tag-isleri","tag-kanlariyla","tag-karis","tag-sehit","tag-topragi","tag-yogrulmustur"],"jetpack_publicize_connections":[],"jetpack_featured_media_url":"https:\/\/i0.wp.com\/www.tvturk.com\/wp-content\/uploads\/2019\/08\/diyanet-isleri-baskani-erbas-vatanimizin-her-karis-topragi-sehit-kanlariyla-yogrulmustur_3cc0393.jpg?fit=1000%2C666","jetpack_sharing_enabled":true,"jetpack_shortlink":"https:\/\/wp.me\/paKIfm-NNL","_links":{"self":[{"href":"http:\/\/www.tvturk.com\/index.php\/wp-json\/wp\/v2\/posts\/191441","targetHints":{"allow":["GET"]}}],"collection":[{"href":"http:\/\/www.tvturk.com\/index.php\/wp-json\/wp\/v2\/posts"}],"about":[{"href":"http:\/\/www.tvturk.com\/index.php\/wp-json\/wp\/v2\/types\/post"}],"author":[{"embeddable":true,"href":"http:\/\/www.tvturk.com\/index.php\/wp-json\/wp\/v2\/users\/1"}],"replies":[{"embeddable":true,"href":"http:\/\/www.tvturk.com\/index.php\/wp-json\/wp\/v2\/comments?post=191441"}],"version-history":[{"count":0,"href":"http:\/\/www.tvturk.com\/index.php\/wp-json\/wp\/v2\/posts\/191441\/revisions"}],"wp:featuredmedia":[{"embeddable":true,"href":"http:\/\/www.tvturk.com\/index.php\/wp-json\/wp\/v2\/media\/191442"}],"wp:attachment":[{"href":"http:\/\/www.tvturk.com\/index.php\/wp-json\/wp\/v2\/media?parent=191441"}],"wp:term":[{"taxonomy":"category","embeddable":true,"href":"http:\/\/www.tvturk.com\/index.php\/wp-json\/wp\/v2\/categories?post=191441"},{"taxonomy":"post_tag","embeddable":true,"href":"http:\/\/www.tvturk.com\/index.php\/wp-json\/wp\/v2\/tags?post=191441"}],"curies":[{"name":"wp","href":"https:\/\/api.w.org\/{rel}","templated":true}]}}