{"id":191443,"date":"2019-08-07T21:01:54","date_gmt":"2019-08-07T18:01:54","guid":{"rendered":"http:\/\/www.tvturk.com\/index.php\/sirnakta-otoparkta-patlama-1-olu-2-yarali\/"},"modified":"2019-08-07T21:01:54","modified_gmt":"2019-08-07T18:01:54","slug":"sirnakta-otoparkta-patlama-1-olu-2-yarali","status":"publish","type":"post","link":"http:\/\/www.tvturk.com\/index.php\/sirnakta-otoparkta-patlama-1-olu-2-yarali\/","title":{"rendered":"\u015e\u0131rnak\u2019ta otoparkta patlama: 1 \u00f6l\u00fc, 2 yaral\u0131"},"content":{"rendered":"<p>\u015e\u0131rnak\u2019ta yediemin otopark\u0131nda meydana gelen patlamada 1 ki\u015fi hayat\u0131n\u0131 kaybederken, 2 ki\u015fi yaraland\u0131.<\/p>\n<p>\u015e\u0131rnak Merkez Bah\u00e7elievler Mahallesi\u2019nde bulunan yediemin otopark\u0131nda ak\u015fam saatlerinde yak\u0131t tankerinden kaynakland\u0131\u011f\u0131 d\u00fc\u015f\u00fcn\u00fclen bir patlama meydana geldi. Meydana gelen patlamada Jindar \u015ean hayat\u0131n\u0131 kaybederken, \u0130brahim Zeyrek ve Delil \u015ean yaraland\u0131. Patlamadan sonra olay yerine \u00e7ok say\u0131da ambulans, itfaiye ve AFAD ekibi sevk edildi. Yaral\u0131lar ambulanslar ile \u015e\u0131rnak Devlet Hastanesine kald\u0131r\u0131l\u0131rken, itfaiye otoparkta \u00e7\u0131kan patlamada yanan ara\u00e7lar\u0131 s\u00f6nd\u00fcrd\u00fc.<\/p>\n<p>\u015e\u0131rnak Valisi Ali Hamza Pehlivan, Belediye Ba\u015fkan\u0131 Mehmet Yarka, \u0130l Emniyet M\u00fcd\u00fcr\u00fc \u00d6mer Uslusoy olay yerine gelerek incelemelerde bulundu. \u015e\u0131rnak Valisi Ali Hamza Pehlivan yapt\u0131\u011f\u0131 a\u00e7\u0131klamada, &#8220;\u015e\u0131rnak Merkez Bah\u00e7elievler Mahallesi Serfa Otopark\u0131\u2019nda 1 saat \u00f6nce bir patlama meydana geldi. Sebebi hen\u00fcz bilinmemekle birlikte olay yerinde tankerlerinde tankerlerin olmas\u0131 sebeiyle buna ba\u011fl\u0131 bir patlaman\u0131n ger\u00e7ekle\u015febilece\u011fi arkada\u015flar\u0131m\u0131z taraf\u0131ndan \u00f6n tespit olarak bizlerle payla\u015f\u0131ld\u0131. Olay an\u0131nda 1\u2019i a\u011f\u0131r yaral\u0131 olarak, 3 vatanda\u015f\u0131m\u0131z yaral\u0131 olarak hastaneye kald\u0131r\u0131ld\u0131. Maalesef bir vatanda\u015f\u0131m\u0131z hayat\u0131n\u0131 kaybetmi\u015f. Di\u011ferlerinin hayati tehlikeleri yok. Tedavileri devam ediyor. 1 vatanda\u015f\u0131m\u0131z tedbiren sevk edilecek. Vatanda\u015flar\u0131m\u0131za, i\u015f yeri sahibine ge\u00e7mi\u015f olsun diyorum. Vefat eden vatanda\u015f\u0131m\u0131z\u0131n ailesine ba\u015f sa\u011fl\u0131\u011f\u0131 diliyorum&#8221; dedi.<\/p>\n","protected":false},"excerpt":{"rendered":"<p>\u015eIRNAK&#8217;TA YED\u0130EM\u0130N OTOPARKINDA MEYDANA GELEN PATLAMADA 1 K\u0130\u015e\u0130 HAYATINI KAYBEDERKEN, 2 K\u0130\u015e\u0130 YARALANDI.<\/p>\n","protected":false},"author":1,"featured_media":191444,"comment_status":"closed","ping_status":"open","sticky":false,"template":"","format":"standard","meta":{"jetpack_post_was_ever_published":false,"_jetpack_newsletter_access":"","_jetpack_dont_email_post_to_subs":false,"_jetpack_newsletter_tier_id":0,"_jetpack_memberships_contains_paywalled_content":false,"_jetpack_memberships_contains_paid_content":false,"footnotes":"","jetpack_publicize_message":"","jetpack_publicize_feature_enabled":true,"jetpack_social_post_already_shared":true,"jetpack_social_options":{"image_generator_settings":{"template":"highway","default_image_id":0,"font":"","enabled":false},"version":2}},"categories":[1],"tags":[1664,34973,4398,2002,774],"class_list":["post-191443","post","type-post","status-publish","format-standard","has-post-thumbnail","hentry","category-genel","tag-olu","tag-otoparkta","tag-patlama","tag-sirnakta","tag-yarali"],"jetpack_publicize_connections":[],"jetpack_featured_media_url":"https:\/\/i0.wp.com\/www.tvturk.com\/wp-content\/uploads\/2019\/08\/sirnakta-otoparkta-patlama-1-olu-2-yarali_8443367.jpg?fit=1000%2C750","jetpack_sharing_enabled":true,"jetpack_shortlink":"https:\/\/wp.me\/paKIfm-NNN","_links":{"self":[{"href":"http:\/\/www.tvturk.com\/index.php\/wp-json\/wp\/v2\/posts\/191443","targetHints":{"allow":["GET"]}}],"collection":[{"href":"http:\/\/www.tvturk.com\/index.php\/wp-json\/wp\/v2\/posts"}],"about":[{"href":"http:\/\/www.tvturk.com\/index.php\/wp-json\/wp\/v2\/types\/post"}],"author":[{"embeddable":true,"href":"http:\/\/www.tvturk.com\/index.php\/wp-json\/wp\/v2\/users\/1"}],"replies":[{"embeddable":true,"href":"http:\/\/www.tvturk.com\/index.php\/wp-json\/wp\/v2\/comments?post=191443"}],"version-history":[{"count":0,"href":"http:\/\/www.tvturk.com\/index.php\/wp-json\/wp\/v2\/posts\/191443\/revisions"}],"wp:featuredmedia":[{"embeddable":true,"href":"http:\/\/www.tvturk.com\/index.php\/wp-json\/wp\/v2\/media\/191444"}],"wp:attachment":[{"href":"http:\/\/www.tvturk.com\/index.php\/wp-json\/wp\/v2\/media?parent=191443"}],"wp:term":[{"taxonomy":"category","embeddable":true,"href":"http:\/\/www.tvturk.com\/index.php\/wp-json\/wp\/v2\/categories?post=191443"},{"taxonomy":"post_tag","embeddable":true,"href":"http:\/\/www.tvturk.com\/index.php\/wp-json\/wp\/v2\/tags?post=191443"}],"curies":[{"name":"wp","href":"https:\/\/api.w.org\/{rel}","templated":true}]}}