{"id":191449,"date":"2019-08-07T21:32:32","date_gmt":"2019-08-07T18:32:32","guid":{"rendered":"http:\/\/www.tvturk.com\/index.php\/uefa-sampiyonlar-ligi-3-on-eleme-basaksehir-0-olympiakos-0-mac-devam-ediyor\/"},"modified":"2019-08-07T21:32:32","modified_gmt":"2019-08-07T18:32:32","slug":"uefa-sampiyonlar-ligi-3-on-eleme-basaksehir-0-olympiakos-0-mac-devam-ediyor","status":"publish","type":"post","link":"http:\/\/www.tvturk.com\/index.php\/uefa-sampiyonlar-ligi-3-on-eleme-basaksehir-0-olympiakos-0-mac-devam-ediyor\/","title":{"rendered":"UEFA \u015eampiyonlar Ligi 3. \u00d6n eleme: Ba\u015fak\u015fehir: 0 &#8211; Olympiakos: 0 (Ma\u00e7 devam ediyor)"},"content":{"rendered":"<p>UEFA \u015eampiyonlar Ligi 3. \u00d6n eleme turunda Ba\u015fak\u015fehir sahs\u0131nda, Olympiakos ile kar\u015f\u0131 kar\u015f\u0131ya geliyor. M\u00fccadelede 25. dakika gols\u00fcz e\u015fitlikle ge\u00e7ildi.<\/p>\n","protected":false},"excerpt":{"rendered":"<p>UEFA \u015eAMP\u0130YONLAR L\u0130G\u0130 3. \u00d6N ELEME TURUNDA BA\u015eAK\u015eEH\u0130R SAHSINDA, OLYMP\u0130AKOS \u0130LE KAR\u015eI KAR\u015eIYA GEL\u0130YOR. M\u00dcCADELEDE 25. DAK\u0130KA GOLS\u00dcZ E\u015e\u0130TL\u0130KLE GE\u00c7\u0130LD\u0130.<\/p>\n","protected":false},"author":1,"featured_media":191450,"comment_status":"closed","ping_status":"open","sticky":false,"template":"","format":"standard","meta":{"jetpack_post_was_ever_published":false,"_jetpack_newsletter_access":"","_jetpack_dont_email_post_to_subs":false,"_jetpack_newsletter_tier_id":0,"_jetpack_memberships_contains_paywalled_content":false,"_jetpack_memberships_contains_paid_content":false,"footnotes":"","jetpack_publicize_message":"","jetpack_publicize_feature_enabled":true,"jetpack_social_post_already_shared":true,"jetpack_social_options":{"image_generator_settings":{"template":"highway","default_image_id":0,"font":"","enabled":false},"version":2}},"categories":[657],"tags":[1310,6004,944,522,523,29268,1717,17679,15213,1716],"class_list":["post-191449","post","type-post","status-publish","format-standard","has-post-thumbnail","hentry","category-spor","tag-sampiyonlar","tag-basaksehir","tag-mac","tag-devam","tag-ediyor","tag-eleme","tag-ligi","tag-olympiakos","tag-on","tag-uefa"],"jetpack_publicize_connections":[],"jetpack_featured_media_url":"https:\/\/i0.wp.com\/www.tvturk.com\/wp-content\/uploads\/2019\/08\/uefa-sampiyonlar-ligi-3-on-eleme-basaksehir-0-olympiakos-0-mac-devam-ediyor_8cce2e2.jpg?fit=1000%2C604","jetpack_sharing_enabled":true,"jetpack_shortlink":"https:\/\/wp.me\/paKIfm-NNT","_links":{"self":[{"href":"http:\/\/www.tvturk.com\/index.php\/wp-json\/wp\/v2\/posts\/191449","targetHints":{"allow":["GET"]}}],"collection":[{"href":"http:\/\/www.tvturk.com\/index.php\/wp-json\/wp\/v2\/posts"}],"about":[{"href":"http:\/\/www.tvturk.com\/index.php\/wp-json\/wp\/v2\/types\/post"}],"author":[{"embeddable":true,"href":"http:\/\/www.tvturk.com\/index.php\/wp-json\/wp\/v2\/users\/1"}],"replies":[{"embeddable":true,"href":"http:\/\/www.tvturk.com\/index.php\/wp-json\/wp\/v2\/comments?post=191449"}],"version-history":[{"count":0,"href":"http:\/\/www.tvturk.com\/index.php\/wp-json\/wp\/v2\/posts\/191449\/revisions"}],"wp:featuredmedia":[{"embeddable":true,"href":"http:\/\/www.tvturk.com\/index.php\/wp-json\/wp\/v2\/media\/191450"}],"wp:attachment":[{"href":"http:\/\/www.tvturk.com\/index.php\/wp-json\/wp\/v2\/media?parent=191449"}],"wp:term":[{"taxonomy":"category","embeddable":true,"href":"http:\/\/www.tvturk.com\/index.php\/wp-json\/wp\/v2\/categories?post=191449"},{"taxonomy":"post_tag","embeddable":true,"href":"http:\/\/www.tvturk.com\/index.php\/wp-json\/wp\/v2\/tags?post=191449"}],"curies":[{"name":"wp","href":"https:\/\/api.w.org\/{rel}","templated":true}]}}