{"id":191455,"date":"2019-08-07T21:47:21","date_gmt":"2019-08-07T18:47:21","guid":{"rendered":"http:\/\/www.tvturk.com\/index.php\/konyaspor-ankaragucu-maci-hazirliklarina-basladi\/"},"modified":"2019-08-07T21:47:21","modified_gmt":"2019-08-07T18:47:21","slug":"konyaspor-ankaragucu-maci-hazirliklarina-basladi","status":"publish","type":"post","link":"http:\/\/www.tvturk.com\/index.php\/konyaspor-ankaragucu-maci-hazirliklarina-basladi\/","title":{"rendered":"Konyaspor, Ankarag\u00fcc\u00fc ma\u00e7\u0131 haz\u0131rl\u0131klar\u0131na ba\u015flad\u0131"},"content":{"rendered":"<p>Atiker Konyaspor, S\u00fcper Lig\u2019in ilk haftas\u0131nda oynayaca\u011f\u0131 Ankarag\u00fcc\u00fc ma\u00e7\u0131n\u0131n haz\u0131rl\u0131klar\u0131na ba\u015flarken, Teknik Direkt\u00f6r Aykut Kocaman, kamp d\u00f6neminin kendileri i\u00e7in g\u00fczel ge\u00e7ti\u011fini s\u00f6yleyerek, ligde her t\u00fcrl\u00fc yar\u0131\u015f\u0131n i\u00e7erisinde olabileceklerinin sinyalini verdi.<\/p>\n<p>Atiker Konyaspor, S\u00fcper Lig\u2019de yeni sezonun ba\u015flamas\u0131na say\u0131l\u0131 g\u00fcnler kala haz\u0131rl\u0131klar\u0131na devam ediyor. Konyaspor, yeni sezon \u00f6ncesinde 10 A\u011fustos Cumartesi g\u00fcn\u00fc deplasmanda Eski\u015fehirspor ile oynayaca\u011f\u0131 haz\u0131rl\u0131k ma\u00e7\u0131n\u0131n ard\u0131ndan 18 A\u011fustos Pazar g\u00fcn\u00fc evinde kar\u015f\u0131la\u015faca\u011f\u0131 Ankarag\u00fcc\u00fc ma\u00e7\u0131 \u00f6ncesinde haz\u0131rl\u0131klar\u0131na devam etti.<\/p>\n<p>Teknik Direkt\u00f6r Aykut Kocaman, Kayac\u0131k Tesislerindeki antrenman \u00f6ncesi yapt\u0131\u011f\u0131 a\u00e7\u0131klamada, ger\u00e7ekle\u015ftirilen kamp\u0131n nas\u0131l ge\u00e7ti\u011fiyle ilgili ma\u00e7lar\u0131 oynad\u0131ktan sonra karar vereceklerini belirtti. Kocaman, \u201cMa\u00e7larda sonu\u00e7lar iyi oldu\u011funda kamplar da genelde iyi ge\u00e7mi\u015f gibi duruyor. Ma\u00e7 sonu\u00e7lar\u0131 istenildi\u011fi gibi olmad\u0131\u011f\u0131 zaman da kamp d\u00f6nemleriyle ilgili olumsuz d\u00fc\u015f\u00fcnceler de olabiliyor. \u0130\u015fin bir taraf\u0131 b\u00f6yle, tabii biraz da \u015fakayla kar\u0131\u015f\u0131k durumu bu. G\u00f6zlemlerimi de birka\u00e7 c\u00fcmleyle s\u00f6ylemem de fayda var; amac\u0131m\u0131za uygun bir kamp d\u00f6nemi ge\u00e7irdi\u011fimizi s\u00f6yleyebilirim. Asl\u0131nda belki ikinci kamp d\u00f6nemi i\u00e7in bu \u00fclkeleri se\u00e7memizin iki tane nedeni oluyor ba\u015fl\u0131ca, ge\u00e7mi\u015ften gelen asl\u0131nda biraz bunu revize etmekte fayda var diye d\u00fc\u015f\u00fcn\u00fcyorum. Hem yabanc\u0131 tak\u0131mlarla uluslararas\u0131 nitelikte ma\u00e7 oynama \u015fans\u0131n\u0131 veriyor, ayn\u0131 zamanda da gitti\u011fimiz \u00fclkelerde ortalama s\u0131cakl\u0131k seviyesi yaz\u0131n bu d\u00f6neminde bizimkinden biraz daha futbol antrenman\u0131 ve ma\u00e7 yapmaya uygun oldu\u011fu d\u00fc\u015f\u00fcn\u00fcld\u00fc\u011f\u00fc i\u00e7in bu tip se\u00e7imler yap\u0131l\u0131yor. Fakat bu sefer b\u00f6yle olmad\u0131\u011f\u0131n\u0131 s\u00f6yleyebilirim. Birinci b\u00f6l\u00fcmde g\u00fczel ma\u00e7lar oynad\u0131k, \u00f6zellikle 3 tane Hollanda tak\u0131m\u0131yla oynad\u0131k. Oyuna hakim olmaya \u00e7al\u0131\u015fan tak\u0131mlar, kafamdaki \u015fey de buydu en az\u0131ndan \u00fclke baz\u0131ndan bakarken. Nispeten bu tak\u0131mlara kar\u015f\u0131 oyunun kontrol\u00fcn\u00fc ele alma konusundaki becerimizi test etme, g\u00f6rme, geli\u015ftirme \u015fans\u0131n\u0131 verecekti. Bu anlamda gol probleminin d\u0131\u015f\u0131ndaki onunda bence \u015fuan da anlat\u0131labilir bir nedeni var. Skor yapacak oyuncular\u0131n olmamas\u0131 biraz da gols\u00fczl\u00fc\u011f\u00fc getirdi. Ama oyunun genel gidi\u015fat\u0131yla ilgili beklentilerime uygun oldu\u011funu s\u00f6yleyebilirim. Beklentilerimi kar\u015f\u0131lad\u0131\u011f\u0131n\u0131 da s\u00f6yleyebilirim. Tabii bunlar\u0131 birka\u00e7 hafta i\u00e7indeki oyunlarla birlikte g\u00f6rece\u011fiz\u201d dedi.<\/p>\n<p>\u201cTemel amac\u0131m\u0131z lige iyi bir ba\u015flang\u0131\u00e7 yapabilmeyi sa\u011flamak\u201d<\/p>\n<p>Teknik Direkt\u00f6r Kocaman, \u201c\u00d6nce bir Eski\u015fehir\u2019de oynayaca\u011f\u0131m\u0131z, dost ve karde\u015f kul\u00fcp Eski\u015fehirspor ile oynayaca\u011f\u0131m\u0131z ma\u00e7 hem onlar\u0131n ad\u0131na hem de bizim ad\u0131m\u0131za son durumlar\u0131 g\u00f6rmemiz i\u00e7in, lig \u00f6ncesindeki son haz\u0131rl\u0131klar\u0131 yapmak i\u00e7in g\u00fczel bir kar\u015f\u0131la\u015fma olacak gibi g\u00f6z\u00fck\u00fcyor. Arkas\u0131ndan da Pazar g\u00fcn\u00fc Ankarag\u00fcc\u00fc\u2019n\u00fc saham\u0131zda bekleyece\u011fiz. Tabii ki temel amac\u0131m\u0131z, b\u00fct\u00fcn tak\u0131mlarda oldu\u011fu gibi, lige iyi bir ba\u015flang\u0131\u00e7 yapabilmeyi sa\u011flayabilmek\u201d \u015feklinde konu\u015ftu.<\/p>\n<p>\u201cSkorer bir oyuncuya daha ihtiyac\u0131m\u0131z var\u201d<\/p>\n<p>Tak\u0131mda gol\u00fc bulabilecek skorer bir oyuncuya daha ihtiya\u00e7lar\u0131 oldu\u011funu dile getiren Kocaman, \u201c\u015eu anda \u00e7ok net bir \u015fekilde ikinci forvet ya da kenar oyuncu diyelim ona ihtiyac\u0131m\u0131z g\u00f6z\u00fck\u00fcyor.  Zaten ana yerler buras\u0131yd\u0131. Birka\u00e7 oyuncuyla son ana kadar giden temaslar var. Herhalde birka\u00e7 g\u00fcn i\u00e7inde de sonu\u00e7lan\u0131r diye tahmin ediyorum. Bir tane skorer bir oyuncuya daha ihtiyac\u0131m\u0131z var tak\u0131mda, \u00f6yle g\u00f6z\u00fck\u00fcyor. Onu da temin edersek en az\u0131ndan bir s\u00fcre i\u00e7in tak\u0131m\u0131 tekrar g\u00f6zlemleme, eksik yerleri tespit etme ondan sonra gidermeye \u00e7al\u0131\u015fmak olabilir. Hem say\u0131sal olarak hem de nicelik olarak da saha i\u00e7indeki kalitemizi de art\u0131racak bir tane daha oyuncuya ihtiyac\u0131m\u0131z var\u201d ifadelerini kulland\u0131.<\/p>\n<p>\u201cHer t\u00fcrl\u00fc yar\u0131\u015f\u0131n i\u00e7inde olabilece\u011fimizi varsay\u0131yorum\u201d<\/p>\n<p>Ma\u00e7a ba\u015flayacak kadroyla ilgili bir problem olmad\u0131\u011f\u0131n\u0131 vurgulayan Kocaman, \u201cFakat alternatif oyuncular\u0131m\u0131z da kuvvetli ve \u00fcretken hale getirebilirsek yar\u0131\u015f\u0131n i\u00e7inde kuvvetli adaylardan birisi oluruz gibi g\u00f6z\u00fck\u00fcyor. Bu seneki grup birbirini daha uyumlu, birbirini biraz daha yukar\u0131 \u00e7\u0131karan kolektif bilinci daha fazla gibi g\u00f6z\u00fck\u00fcyor. En b\u00fcy\u00fck avantaj bu olacak gibi g\u00f6z\u00fck\u00fcyor bence. Bireyselli\u011fin biraz daha \u00f6tesine do\u011fru, grup dinamizmi olu\u015fturacak bir grup gibi g\u00f6z\u00fck\u00fcyor. Bu da \u00f6n\u00fcm\u00fczdeki sezon ba\u015flayacak ma\u00e7larla beraber bizim en b\u00fcy\u00fck kazanc\u0131m\u0131z bu sene bu olacak. Tabii di\u011fer taraftan birka\u00e7 tane kaliteli aya\u011f\u0131 katabilirsek bunu biraz daha h\u0131zland\u0131rabiliriz gibi g\u00f6z\u00fck\u00fcyor. Her t\u00fcrl\u00fc yar\u0131\u015f\u0131n i\u00e7inde olabilece\u011fimizi varsay\u0131yorum\u201d  diye konu\u015ftu.<\/p>\n<p>Kocaman\u2019\u0131n a\u00e7\u0131klamalar\u0131n\u0131n ard\u0131ndan antrenman ko\u015fu, topla oynama ve taktik \u00e7al\u0131\u015fma ile devam etti.<\/p>\n","protected":false},"excerpt":{"rendered":"<p>AT\u0130KER KONYASPOR 10 A\u011eUSTOS CUMARTES\u0130 DEPLASMANDA KAR\u015eILA\u015eACA\u011eI ESK\u0130\u015eEH\u0130RSPOR VE 18 A\u011eUSTOS PAZAR G\u00dcN\u00dc KEND\u0130 EV\u0130NDE KAR\u015eILA\u015eACA\u011eI ANKARAG\u00dcC\u00dc MA\u00c7LARI \u00d6NCES\u0130NDE HAZIRLIKLARINA DEVAM ED\u0130YOR.<\/p>\n","protected":false},"author":1,"featured_media":191456,"comment_status":"closed","ping_status":"open","sticky":false,"template":"","format":"standard","meta":{"jetpack_post_was_ever_published":false,"_jetpack_newsletter_access":"","_jetpack_dont_email_post_to_subs":false,"_jetpack_newsletter_tier_id":0,"_jetpack_memberships_contains_paywalled_content":false,"_jetpack_memberships_contains_paid_content":false,"footnotes":"","jetpack_publicize_message":"","jetpack_publicize_feature_enabled":true,"jetpack_social_post_already_shared":true,"jetpack_social_options":{"image_generator_settings":{"template":"highway","default_image_id":0,"font":"","enabled":false},"version":2}},"categories":[657],"tags":[8184,55,778,3505,777],"class_list":["post-191455","post","type-post","status-publish","format-standard","has-post-thumbnail","hentry","category-spor","tag-ankaragucu","tag-basladi","tag-hazirliklarina","tag-konyaspor","tag-maci"],"jetpack_publicize_connections":[],"jetpack_featured_media_url":"https:\/\/i0.wp.com\/www.tvturk.com\/wp-content\/uploads\/2019\/08\/konyaspor-ankaragucu-maci-hazirliklarina-basladi_38a44a1.jpg?fit=1000%2C666","jetpack_sharing_enabled":true,"jetpack_shortlink":"https:\/\/wp.me\/paKIfm-NNZ","_links":{"self":[{"href":"http:\/\/www.tvturk.com\/index.php\/wp-json\/wp\/v2\/posts\/191455","targetHints":{"allow":["GET"]}}],"collection":[{"href":"http:\/\/www.tvturk.com\/index.php\/wp-json\/wp\/v2\/posts"}],"about":[{"href":"http:\/\/www.tvturk.com\/index.php\/wp-json\/wp\/v2\/types\/post"}],"author":[{"embeddable":true,"href":"http:\/\/www.tvturk.com\/index.php\/wp-json\/wp\/v2\/users\/1"}],"replies":[{"embeddable":true,"href":"http:\/\/www.tvturk.com\/index.php\/wp-json\/wp\/v2\/comments?post=191455"}],"version-history":[{"count":0,"href":"http:\/\/www.tvturk.com\/index.php\/wp-json\/wp\/v2\/posts\/191455\/revisions"}],"wp:featuredmedia":[{"embeddable":true,"href":"http:\/\/www.tvturk.com\/index.php\/wp-json\/wp\/v2\/media\/191456"}],"wp:attachment":[{"href":"http:\/\/www.tvturk.com\/index.php\/wp-json\/wp\/v2\/media?parent=191455"}],"wp:term":[{"taxonomy":"category","embeddable":true,"href":"http:\/\/www.tvturk.com\/index.php\/wp-json\/wp\/v2\/categories?post=191455"},{"taxonomy":"post_tag","embeddable":true,"href":"http:\/\/www.tvturk.com\/index.php\/wp-json\/wp\/v2\/tags?post=191455"}],"curies":[{"name":"wp","href":"https:\/\/api.w.org\/{rel}","templated":true}]}}