{"id":191483,"date":"2019-08-08T01:31:28","date_gmt":"2019-08-07T22:31:28","guid":{"rendered":"http:\/\/www.tvturk.com\/index.php\/mustafa-cengiz-adil-durust-hakca-bir-yaris-icinde-liglerimiz-ve-kupalarimiz-devam-eder\/"},"modified":"2019-08-08T01:31:28","modified_gmt":"2019-08-07T22:31:28","slug":"mustafa-cengiz-adil-durust-hakca-bir-yaris-icinde-liglerimiz-ve-kupalarimiz-devam-eder","status":"publish","type":"post","link":"http:\/\/www.tvturk.com\/index.php\/mustafa-cengiz-adil-durust-hakca-bir-yaris-icinde-liglerimiz-ve-kupalarimiz-devam-eder\/","title":{"rendered":"Mustafa Cengiz: \u201cAdil, d\u00fcr\u00fcst, hak\u00e7a bir yar\u0131\u015f i\u00e7inde liglerimiz ve kupalar\u0131m\u0131z devam eder\u201d"},"content":{"rendered":"<p>Akhisarspor ile oynad\u0131klar\u0131 m\u00fccadele sonras\u0131 Galatasaray Spor Kul\u00fcb\u00fc Ba\u015fkan\u0131 Mustafa Cengiz bas\u0131n mensuplar\u0131na a\u00e7\u0131klamalarda bulundu.<\/p>\n<p>S\u0131ca\u011fa ve rutubete ra\u011fmen g\u00fczel bir ma\u00e7 oldu\u011funu s\u00f6yleyen Galatasaray Ba\u015fkan\u0131 Mustafa Cengiz, \u201cAkhisarspor\u2019da g\u00f6r\u00fcld\u00fc\u011f\u00fc gibi ta\u015f gibi bir tak\u0131m. Onlara da al\u0131\u015fk\u0131n olduklar\u0131 lige geri d\u00f6n\u00fc\u015f diliyorum. B\u00fct\u00fcn tak\u0131mlara sezon ba\u015flamadan ba\u015far\u0131lar diliyorum. B\u00fct\u00fcn rakiplerimize esenlikler diliyorum. Bug\u00fcn kupay\u0131 kald\u0131rd\u0131k \u00e7ok mutluyuz. Adil, d\u00fcr\u00fcst, hak\u00e7a bir yar\u0131\u015f i\u00e7inde liglerimiz ve kupalar\u0131m\u0131z devam eder\u201d diye konu\u015ftu.<\/p>\n<p>Tak\u0131m \u00e7ok iyi oldu\u011funu vurgulayan Ba\u015fkan Mustafa Cengiz, \u201cTabiri caizse ilk defa bu sahada oynad\u0131k. G\u00fczelde bir stat 22 bin ki\u015filik. T\u00fcrkiye stat konusunda Avrupa\u2019y\u0131 yakalam\u0131\u015f durumda. Futbolumuzda da sadece Galatasaray de\u011fil b\u00fct\u00fcn tak\u0131mlar\u0131m\u0131z ile Avrupa\u2019y\u0131 yakalar ge\u00e7eriz ve d\u00fcnyan\u0131n en tepesine \u00e7\u0131kar\u0131z ve en tepesinde de Galatasaray\u2019\u0131m\u0131z olur in\u015fallah\u201d ifadelerini kulland\u0131.<\/p>\n<p>Taraftar\u0131n Falcao \u0131srar\u0131na ise Ba\u015fkan Cengiz, \u201c\u0130n\u015fallah KAP\u2019ta a\u00e7\u0131klama olursa hep birlikte okuruz\u201d dedi.<\/p>\n","protected":false},"excerpt":{"rendered":"<p>AKH\u0130SARSPOR \u0130LE OYNADIKLARI M\u00dcCADELE SONRASI GALATASARAY SPOR KUL\u00dcB\u00dc BA\u015eKANI MUSTAFA CENG\u0130Z BASIN MENSUPLARINA A\u00c7IKLAMALARDA BULUNDU.<\/p>\n","protected":false},"author":1,"featured_media":191484,"comment_status":"closed","ping_status":"open","sticky":false,"template":"","format":"standard","meta":{"jetpack_post_was_ever_published":false,"_jetpack_newsletter_access":"","_jetpack_dont_email_post_to_subs":false,"_jetpack_newsletter_tier_id":0,"_jetpack_memberships_contains_paywalled_content":false,"_jetpack_memberships_contains_paid_content":false,"footnotes":"","jetpack_publicize_message":"","jetpack_publicize_feature_enabled":true,"jetpack_social_post_already_shared":true,"jetpack_social_options":{"image_generator_settings":{"template":"highway","default_image_id":0,"font":"","enabled":false},"version":2}},"categories":[657],"tags":[8118,125,7754,522,12440,25041,47928,4601,47930,47929,159,8080],"class_list":["post-191483","post","type-post","status-publish","format-standard","has-post-thumbnail","hentry","category-spor","tag-adil","tag-bir","tag-cengiz","tag-devam","tag-durust","tag-eder","tag-hakca","tag-icinde","tag-kupalarimiz","tag-liglerimiz","tag-mustafa","tag-yaris"],"jetpack_publicize_connections":[],"jetpack_featured_media_url":"https:\/\/i0.wp.com\/www.tvturk.com\/wp-content\/uploads\/2019\/08\/mustafa-cengiz-adil-durust-hakca-bir-yaris-icinde-liglerimiz-ve-kupalarimiz-devam-eder_d5b6db8.jpg?fit=1000%2C666","jetpack_sharing_enabled":true,"jetpack_shortlink":"https:\/\/wp.me\/paKIfm-NOr","_links":{"self":[{"href":"http:\/\/www.tvturk.com\/index.php\/wp-json\/wp\/v2\/posts\/191483","targetHints":{"allow":["GET"]}}],"collection":[{"href":"http:\/\/www.tvturk.com\/index.php\/wp-json\/wp\/v2\/posts"}],"about":[{"href":"http:\/\/www.tvturk.com\/index.php\/wp-json\/wp\/v2\/types\/post"}],"author":[{"embeddable":true,"href":"http:\/\/www.tvturk.com\/index.php\/wp-json\/wp\/v2\/users\/1"}],"replies":[{"embeddable":true,"href":"http:\/\/www.tvturk.com\/index.php\/wp-json\/wp\/v2\/comments?post=191483"}],"version-history":[{"count":0,"href":"http:\/\/www.tvturk.com\/index.php\/wp-json\/wp\/v2\/posts\/191483\/revisions"}],"wp:featuredmedia":[{"embeddable":true,"href":"http:\/\/www.tvturk.com\/index.php\/wp-json\/wp\/v2\/media\/191484"}],"wp:attachment":[{"href":"http:\/\/www.tvturk.com\/index.php\/wp-json\/wp\/v2\/media?parent=191483"}],"wp:term":[{"taxonomy":"category","embeddable":true,"href":"http:\/\/www.tvturk.com\/index.php\/wp-json\/wp\/v2\/categories?post=191483"},{"taxonomy":"post_tag","embeddable":true,"href":"http:\/\/www.tvturk.com\/index.php\/wp-json\/wp\/v2\/tags?post=191483"}],"curies":[{"name":"wp","href":"https:\/\/api.w.org\/{rel}","templated":true}]}}