{"id":191491,"date":"2019-08-08T09:01:42","date_gmt":"2019-08-08T06:01:42","guid":{"rendered":"http:\/\/www.tvturk.com\/index.php\/fenerbahcenin-yeni-transferi-zanka-istanbula-geldi\/"},"modified":"2019-08-08T09:01:42","modified_gmt":"2019-08-08T06:01:42","slug":"fenerbahcenin-yeni-transferi-zanka-istanbula-geldi","status":"publish","type":"post","link":"http:\/\/www.tvturk.com\/index.php\/fenerbahcenin-yeni-transferi-zanka-istanbula-geldi\/","title":{"rendered":"Fenerbah\u00e7e\u2019nin yeni transferi Zanka \u0130stanbul\u2019a geldi"},"content":{"rendered":"<p>Fenerbah\u00e7e\u2019nin yeni transferi Danimarkal\u0131 futbolcu Zanka \u0130stanbul\u2019a geldi. Zanka\u2019y\u0131 Damien Comolli ve Selahattin Baki kar\u015f\u0131lad\u0131.<\/p>\n<p>Fenerbah\u00e7e\u2019nin bir s\u00fcredir transfer i\u00e7in g\u00f6r\u00fc\u015ft\u00fc\u011f\u00fc Danimarkal\u0131 stoper Zanka \u0130stanbul\u2019a geldi. Sabaha kar\u015f\u0131 04.30\u2019da \u0130stanbul\u2019a ini\u015f yapan Danimarkal\u0131 futbolcuyu Fenerbah\u00e7e Sportif Direkt\u00f6r\u00fc Damien Comolli ve Y\u00f6netim Kurulu \u00dcyesi Selahattin Baki kar\u015f\u0131lad\u0131. Zanka\u2019ya havaliman\u0131nda bulunan taraftarlar ilgi g\u00f6sterirken 29 ya\u015f\u0131ndaki futbolcu daha sonra \u00f6zel ara\u00e7la \u0130stanbul Havaliman\u0131\u2019ndan ayr\u0131ld\u0131.<\/p>\n","protected":false},"excerpt":{"rendered":"<p>FENERBAH\u00c7E\u2019N\u0130N YEN\u0130 TRANSFER\u0130 DAN\u0130MARKALI FUTBOLCU ZANKA \u0130STANBUL\u2019A GELD\u0130.<\/p>\n","protected":false},"author":1,"featured_media":191492,"comment_status":"closed","ping_status":"open","sticky":false,"template":"","format":"standard","meta":{"jetpack_post_was_ever_published":false,"_jetpack_newsletter_access":"","_jetpack_dont_email_post_to_subs":false,"_jetpack_newsletter_tier_id":0,"_jetpack_memberships_contains_paywalled_content":false,"_jetpack_memberships_contains_paid_content":false,"footnotes":"","jetpack_publicize_message":"","jetpack_publicize_feature_enabled":true,"jetpack_social_post_already_shared":true,"jetpack_social_options":{"image_generator_settings":{"template":"highway","default_image_id":0,"font":"","enabled":false},"version":2}},"categories":[657],"tags":[16658,127,2174,18554,87,47932],"class_list":["post-191491","post","type-post","status-publish","format-standard","has-post-thumbnail","hentry","category-spor","tag-fenerbahcenin","tag-geldi","tag-istanbula","tag-transferi","tag-yeni","tag-zanka"],"jetpack_publicize_connections":[],"jetpack_featured_media_url":"https:\/\/i0.wp.com\/www.tvturk.com\/wp-content\/uploads\/2019\/08\/fenerbahcenin-yeni-transferi-zanka-istanbula-geldi_37780e9.jpg?fit=1000%2C562","jetpack_sharing_enabled":true,"jetpack_shortlink":"https:\/\/wp.me\/paKIfm-NOz","_links":{"self":[{"href":"http:\/\/www.tvturk.com\/index.php\/wp-json\/wp\/v2\/posts\/191491","targetHints":{"allow":["GET"]}}],"collection":[{"href":"http:\/\/www.tvturk.com\/index.php\/wp-json\/wp\/v2\/posts"}],"about":[{"href":"http:\/\/www.tvturk.com\/index.php\/wp-json\/wp\/v2\/types\/post"}],"author":[{"embeddable":true,"href":"http:\/\/www.tvturk.com\/index.php\/wp-json\/wp\/v2\/users\/1"}],"replies":[{"embeddable":true,"href":"http:\/\/www.tvturk.com\/index.php\/wp-json\/wp\/v2\/comments?post=191491"}],"version-history":[{"count":0,"href":"http:\/\/www.tvturk.com\/index.php\/wp-json\/wp\/v2\/posts\/191491\/revisions"}],"wp:featuredmedia":[{"embeddable":true,"href":"http:\/\/www.tvturk.com\/index.php\/wp-json\/wp\/v2\/media\/191492"}],"wp:attachment":[{"href":"http:\/\/www.tvturk.com\/index.php\/wp-json\/wp\/v2\/media?parent=191491"}],"wp:term":[{"taxonomy":"category","embeddable":true,"href":"http:\/\/www.tvturk.com\/index.php\/wp-json\/wp\/v2\/categories?post=191491"},{"taxonomy":"post_tag","embeddable":true,"href":"http:\/\/www.tvturk.com\/index.php\/wp-json\/wp\/v2\/tags?post=191491"}],"curies":[{"name":"wp","href":"https:\/\/api.w.org\/{rel}","templated":true}]}}