{"id":191521,"date":"2019-08-08T10:01:36","date_gmt":"2019-08-08T07:01:36","guid":{"rendered":"http:\/\/www.tvturk.com\/index.php\/venezuelada-binlerce-kisi-washingtonun-yaptirimlarini-protesto-etti\/"},"modified":"2019-08-08T10:01:36","modified_gmt":"2019-08-08T07:01:36","slug":"venezuelada-binlerce-kisi-washingtonun-yaptirimlarini-protesto-etti","status":"publish","type":"post","link":"http:\/\/www.tvturk.com\/index.php\/venezuelada-binlerce-kisi-washingtonun-yaptirimlarini-protesto-etti\/","title":{"rendered":"Venezuela\u2019da binlerce ki\u015fi Washington\u2019un yapt\u0131r\u0131mlar\u0131n\u0131 protesto etti"},"content":{"rendered":"<p>Venezuela Devlet Ba\u015fkan\u0131 Nicolas Maduro yanl\u0131s\u0131 binlerce ki\u015fi, ba\u015fkent Karakas\u2019ta ABD yapt\u0131r\u0131mlar\u0131na kar\u015f\u0131 protesto g\u00f6sterisi d\u00fczenledi.<\/p>\n<p>Venezuela\u2019n\u0131n ba\u015fkenti Karakas\u2019ta Maduro yanl\u0131s\u0131 binlerce ki\u015fi, Washington\u2019un Venezuela\u2019n\u0131n ABD\u2019deki t\u00fcm finansal varl\u0131klar\u0131n\u0131 bloke etme karar\u0131n\u0131 k\u0131nayarak sokaklara d\u00f6k\u00fcld\u00fc. K\u0131rm\u0131z\u0131 renkte giyinen protestocular ellerinde Venezuela bayraklar\u0131 sallayarak ba\u015fkent merkezinde topland\u0131. Protestocular daha sonra olays\u0131z bir \u015fekilde da\u011f\u0131ld\u0131.<\/p>\n<p>Maduro, Washington ile diyalogu tekrar ba\u015flatabilece\u011fi ve ABD ile yeni bir ili\u015fki kurabilece\u011fi konusunda umutlar\u0131n\u0131 dile getirmi\u015fti.<\/p>\n<p>Venezuela\u2019da ABD destekli muhalefet lideri Juan Guaido\u2019nun yasa d\u0131\u015f\u0131 olarak kendisini ge\u00e7ici cumhurba\u015fkan\u0131 ilan etmesinin ard\u0131ndan Ocak ay\u0131ndan bu yana bir\u00e7ok sert krizler ya\u015fad\u0131. ABD ve Avrupa Birli\u011fi, Venezuela\u2019ya yapt\u0131r\u0131m uygulad\u0131 ve t\u00fcm varl\u0131klar\u0131n\u0131 dondurdu. Rusya, \u00c7in, K\u00fcba, Bolivya, T\u00fcrkiye ve bir dizi \u00fclke, anayasal olarak se\u00e7ilen Maduro\u2019yu Venezuela\u2019n\u0131n tek me\u015fru ba\u015fkan\u0131 olarak tan\u0131d\u0131klar\u0131n\u0131 vurgulad\u0131. Guaido\u2019yu ABD\u2019li bir kukla olarak nitelendiren Maduro, Washington\u2019u Venezuela\u2019n\u0131n do\u011fal kaynaklar\u0131n\u0131 talep etmek i\u00e7in h\u00fckumet de\u011fi\u015fikli\u011fi yapmakla su\u00e7luyor.<\/p>\n","protected":false},"excerpt":{"rendered":"<p>VENEZUELA DEVLET BA\u015eKANI N\u0130COLAS MADURO YANLISI B\u0130NLERCE K\u0130\u015e\u0130 BA\u015eKENT KARAKAS&#8217;TA ABD YAPTIRIMLARINA KAR\u015eI PROTESTO G\u00d6STER\u0130S\u0130 D\u00dcZENLED\u0130.<\/p>\n","protected":false},"author":1,"featured_media":191522,"comment_status":"closed","ping_status":"open","sticky":false,"template":"","format":"standard","meta":{"jetpack_post_was_ever_published":false,"_jetpack_newsletter_access":"","_jetpack_dont_email_post_to_subs":false,"_jetpack_newsletter_tier_id":0,"_jetpack_memberships_contains_paywalled_content":false,"_jetpack_memberships_contains_paid_content":false,"footnotes":"","jetpack_publicize_message":"","jetpack_publicize_feature_enabled":true,"jetpack_social_post_already_shared":true,"jetpack_social_options":{"image_generator_settings":{"template":"highway","default_image_id":0,"font":"","enabled":false},"version":2}},"categories":[10],"tags":[3818,207,1012,831,2922,14284,47942],"class_list":["post-191521","post","type-post","status-publish","format-standard","has-post-thumbnail","hentry","category-dunya","tag-binlerce","tag-etti","tag-kisi","tag-protesto","tag-venezuelada","tag-washingtonun","tag-yaptirimlarini"],"jetpack_publicize_connections":[],"jetpack_featured_media_url":"https:\/\/i0.wp.com\/www.tvturk.com\/wp-content\/uploads\/2019\/08\/venezuelada-binlerce-kisi-washingtonun-yaptirimlarini-protesto-etti_584fced.jpg?fit=1000%2C666","jetpack_sharing_enabled":true,"jetpack_shortlink":"https:\/\/wp.me\/paKIfm-NP3","_links":{"self":[{"href":"http:\/\/www.tvturk.com\/index.php\/wp-json\/wp\/v2\/posts\/191521","targetHints":{"allow":["GET"]}}],"collection":[{"href":"http:\/\/www.tvturk.com\/index.php\/wp-json\/wp\/v2\/posts"}],"about":[{"href":"http:\/\/www.tvturk.com\/index.php\/wp-json\/wp\/v2\/types\/post"}],"author":[{"embeddable":true,"href":"http:\/\/www.tvturk.com\/index.php\/wp-json\/wp\/v2\/users\/1"}],"replies":[{"embeddable":true,"href":"http:\/\/www.tvturk.com\/index.php\/wp-json\/wp\/v2\/comments?post=191521"}],"version-history":[{"count":0,"href":"http:\/\/www.tvturk.com\/index.php\/wp-json\/wp\/v2\/posts\/191521\/revisions"}],"wp:featuredmedia":[{"embeddable":true,"href":"http:\/\/www.tvturk.com\/index.php\/wp-json\/wp\/v2\/media\/191522"}],"wp:attachment":[{"href":"http:\/\/www.tvturk.com\/index.php\/wp-json\/wp\/v2\/media?parent=191521"}],"wp:term":[{"taxonomy":"category","embeddable":true,"href":"http:\/\/www.tvturk.com\/index.php\/wp-json\/wp\/v2\/categories?post=191521"},{"taxonomy":"post_tag","embeddable":true,"href":"http:\/\/www.tvturk.com\/index.php\/wp-json\/wp\/v2\/tags?post=191521"}],"curies":[{"name":"wp","href":"https:\/\/api.w.org\/{rel}","templated":true}]}}