{"id":191523,"date":"2019-08-08T10:01:46","date_gmt":"2019-08-08T07:01:46","guid":{"rendered":"http:\/\/www.tvturk.com\/index.php\/palandoken-esnafa-sicil-duzenlemesi-ve-kredi-destegi-sart\/"},"modified":"2019-08-08T10:01:46","modified_gmt":"2019-08-08T07:01:46","slug":"palandoken-esnafa-sicil-duzenlemesi-ve-kredi-destegi-sart","status":"publish","type":"post","link":"http:\/\/www.tvturk.com\/index.php\/palandoken-esnafa-sicil-duzenlemesi-ve-kredi-destegi-sart\/","title":{"rendered":"Paland\u00f6ken: \u201cEsnafa sicil d\u00fczenlemesi ve kredi deste\u011fi \u015fart\u201d"},"content":{"rendered":"<p>\u00dc\u00e7 kamu bankas\u0131n\u0131n orta ve b\u00fcy\u00fck i\u015fletmelere verdi\u011fi kredi paketine esnaf\u0131 da eklemesi gerekti\u011fini vurgulayan TESK Genel Ba\u015fkan\u0131 Bendevi Paland\u00f6ken, \u201cZiraat Bankas\u0131, Halkbank ve Vak\u0131fbank taraf\u0131ndan orta ve b\u00fcy\u00fck i\u015fletmelere y\u00f6nelik ba\u015flat\u0131lan ivme finansman paketine esnaf\u0131m\u0131z da eklenmeli. Kredi deste\u011fine en \u00e7ok esnaf\u0131m\u0131z\u0131n ihtiyac\u0131 var. \u00d6ncelikle etkin bir sicil d\u00fczenlemesi ile kara liste sorunu \u00e7\u00f6z\u00fclerek esnaf\u0131m\u0131z\u0131n krediye ula\u015fmadaki engeller kald\u0131r\u0131lmal\u0131. Ard\u0131ndan da d\u00fc\u015f\u00fck faizli kredi deste\u011fi sa\u011flanmal\u0131\u201d dedi.<\/p>\n<p>\u201cKamu bankalar\u0131 ivme finansman paketine esnaf\u0131m\u0131z\u0131 da eklemeli\u2019<\/p>\n<p>Kamu bankalar\u0131n\u0131n kredi desteklerinde k\u00fc\u00e7\u00fck i\u015fletmeleri yani esnaf\u0131 da d\u00fc\u015f\u00fcnmesi gerekti\u011fine dikkati \u00e7eken T\u00fcrkiye Esnaf ve Sanatk\u00e2rlar Konfederasyonu (TESK) Genel Ba\u015fkan\u0131 Bendevi Paland\u00f6ken, \u201c\u0130hracat geliri potansiyeli fazla olan, \u00fclkemizin bu noktada gelirlerini art\u0131rmak nedeniyle \u00fc\u00e7 kamu bankas\u0131 Temmuz ay\u0131 sonundan itibaren 11 bin 500 adet \u015firkete 5,2 milyar TL kredi limiti verdi\u011fini ve 1,7 milyar TL kredi kulland\u0131r\u0131m\u0131 yapt\u0131\u011f\u0131n\u0131 a\u00e7\u0131klad\u0131. \u00dclkemizin d\u0131\u015f ticaret a\u00e7\u0131\u011f\u0131n\u0131n kapanmas\u0131 konusunda orta ve b\u00fcy\u00fck \u00f6l\u00e7ekli firmalara bu deste\u011fin verilmesi iyi sonu\u00e7lar do\u011furacakt\u0131r fakat as\u0131l \u00f6nemli olan esnaf\u0131m\u0131z. Ekonominin temelini olu\u015fturan esnaf\u0131m\u0131z krediye de en \u00e7ok ihtiya\u00e7 duyan kesim. \u0130thalata ba\u011f\u0131ml\u0131l\u0131\u011f\u0131 azaltmak ve ihracat\u0131 art\u0131rmak i\u00e7in \u00f6ncelikle k\u00fc\u00e7\u00fck \u00f6l\u00e7ekli i\u015fletmeler desteklenmeli. \u0130hracat g\u00fcc\u00fc olmayan esnaf\u0131n, ihracat yapan fakat yetersiz \u00f6l\u00e7\u00fcde kalan esnaf\u0131n ve di\u011fer t\u00fcm sekt\u00f6rlerdeki esnaf\u0131m\u0131z\u0131n bu kredi desteklerine her kesimden daha \u00e7ok ihtiyac\u0131 var\u201d diye konu\u015ftu.<\/p>\n<p>\u201cSicil d\u00fczenlemesi olmad\u0131\u011f\u0131 s\u00fcrece kredi deste\u011fi i\u015fe yaram\u0131yor\u201d<\/p>\n<p>Kara liste sorununun \u00e7\u00f6z\u00fclmesiyle esnaf\u0131n krediye ula\u015fmadaki engellerinin kalkaca\u011f\u0131n\u0131 hat\u0131rlatan Paland\u00f6ken, \u201cEsnaf\u0131m\u0131z\u0131n kredi konusunda en b\u00fcy\u00fck iki sorunundan birisi d\u00fc\u015f\u00fck faizli kredi imkanlar\u0131 ve kara liste sorunu. Kredi imkanlar\u0131 sa\u011flansa dahi sicil d\u00fczenlemesi yap\u0131lmad\u0131\u011f\u0131 s\u00fcrece esnaf\u0131m\u0131z zaten krediye ula\u015fam\u0131yor. \u00d6ncelikle kara liste ma\u011fduru esnaf\u0131m\u0131z\u0131n bu engelinin kald\u0131r\u0131lmas\u0131, daha sonra ise uygun ve cazip ko\u015fullarda kredi imkanlar\u0131 sa\u011flanmas\u0131 ekonomimiz i\u00e7in de \u00f6nemli bir ad\u0131m olacakt\u0131r. Bayram sonras\u0131 esnaf\u0131m\u0131za bu konuda m\u00fcjde verilmesi hem t\u00fcm camiam\u0131z\u0131 hem de ekonomimizi rahatlatacakt\u0131r\u201d \u015feklinde konu\u015ftu.<\/p>\n","protected":false},"excerpt":{"rendered":"<p>\u00dc\u00c7 KAMU BANKASININ ORTA VE B\u00dcY\u00dcK \u0130\u015eLETMELERE VERD\u0130\u011e\u0130 KRED\u0130 PAKET\u0130NE ESNAFI DA EKLEMES\u0130 GEREKT\u0130\u011e\u0130N\u0130 VURGULAYAN TESK GENEL BA\u015eKANI BENDEV\u0130 PALAND\u00d6KEN, \u201cZ\u0130RAAT BANKASI, HALKBANK VE VAKIFBANK TARAFINDAN ORTA VE B\u00dcY\u00dcK \u0130\u015eLETMELERE Y\u00d6NEL\u0130K BA\u015eLATILAN \u0130VME F\u0130NANSMAN PAKET\u0130NE ESNAFIMIZ DA EKLENMEL\u0130. KRED\u0130 DESTE\u011e\u0130NE EN \u00c7OK ESNAFIMIZIN \u0130HT\u0130YACI VAR. \u00d6NCEL\u0130KLE ETK\u0130N B\u0130R S\u0130C\u0130L D\u00dcZENLEMES\u0130 \u0130LE KARA L\u0130STE SORUNU \u00c7\u00d6Z\u00dcLEREK ESNAFIMIZIN KRED\u0130YE ULA\u015eMADAK\u0130 ENGELLER KALDIRILMALI. ARDINDAN DA D\u00dc\u015e\u00dcK FA\u0130ZL\u0130 KRED\u0130 DESTE\u011e\u0130 SA\u011eLANMALI\u201d DED\u0130.<\/p>\n","protected":false},"author":1,"featured_media":191524,"comment_status":"closed","ping_status":"open","sticky":false,"template":"","format":"standard","meta":{"jetpack_post_was_ever_published":false,"_jetpack_newsletter_access":"","_jetpack_dont_email_post_to_subs":false,"_jetpack_newsletter_tier_id":0,"_jetpack_memberships_contains_paywalled_content":false,"_jetpack_memberships_contains_paid_content":false,"footnotes":"","jetpack_publicize_message":"","jetpack_publicize_feature_enabled":true,"jetpack_social_post_already_shared":true,"jetpack_social_options":{"image_generator_settings":{"template":"highway","default_image_id":0,"font":"","enabled":false},"version":2}},"categories":[19],"tags":[53,29626,4770,4335,8073,14580,17110],"class_list":["post-191523","post","type-post","status-publish","format-standard","has-post-thumbnail","hentry","category-ekonomi","tag-destegi","tag-duzenlemesi","tag-esnafa","tag-kredi","tag-palandoken","tag-sart","tag-sicil"],"jetpack_publicize_connections":[],"jetpack_featured_media_url":"https:\/\/i0.wp.com\/www.tvturk.com\/wp-content\/uploads\/2019\/08\/palandoken-esnafa-sicil-duzenlemesi-ve-kredi-destegi-sart_91a404d.jpg?fit=664%2C1000","jetpack_sharing_enabled":true,"jetpack_shortlink":"https:\/\/wp.me\/paKIfm-NP5","_links":{"self":[{"href":"http:\/\/www.tvturk.com\/index.php\/wp-json\/wp\/v2\/posts\/191523","targetHints":{"allow":["GET"]}}],"collection":[{"href":"http:\/\/www.tvturk.com\/index.php\/wp-json\/wp\/v2\/posts"}],"about":[{"href":"http:\/\/www.tvturk.com\/index.php\/wp-json\/wp\/v2\/types\/post"}],"author":[{"embeddable":true,"href":"http:\/\/www.tvturk.com\/index.php\/wp-json\/wp\/v2\/users\/1"}],"replies":[{"embeddable":true,"href":"http:\/\/www.tvturk.com\/index.php\/wp-json\/wp\/v2\/comments?post=191523"}],"version-history":[{"count":0,"href":"http:\/\/www.tvturk.com\/index.php\/wp-json\/wp\/v2\/posts\/191523\/revisions"}],"wp:featuredmedia":[{"embeddable":true,"href":"http:\/\/www.tvturk.com\/index.php\/wp-json\/wp\/v2\/media\/191524"}],"wp:attachment":[{"href":"http:\/\/www.tvturk.com\/index.php\/wp-json\/wp\/v2\/media?parent=191523"}],"wp:term":[{"taxonomy":"category","embeddable":true,"href":"http:\/\/www.tvturk.com\/index.php\/wp-json\/wp\/v2\/categories?post=191523"},{"taxonomy":"post_tag","embeddable":true,"href":"http:\/\/www.tvturk.com\/index.php\/wp-json\/wp\/v2\/tags?post=191523"}],"curies":[{"name":"wp","href":"https:\/\/api.w.org\/{rel}","templated":true}]}}