{"id":191547,"date":"2019-08-08T10:17:08","date_gmt":"2019-08-08T07:17:08","guid":{"rendered":"http:\/\/www.tvturk.com\/index.php\/kirkpinarin-rovansi-bigada-yapilacak\/"},"modified":"2019-08-08T10:17:08","modified_gmt":"2019-08-08T07:17:08","slug":"kirkpinarin-rovansi-bigada-yapilacak","status":"publish","type":"post","link":"http:\/\/www.tvturk.com\/index.php\/kirkpinarin-rovansi-bigada-yapilacak\/","title":{"rendered":"K\u0131rkp\u0131nar\u2019\u0131n r\u00f6van\u015f\u0131 Biga\u2019da yap\u0131lacak"},"content":{"rendered":"<p>Biga\u2019n\u0131n d\u00fc\u015fman i\u015fgalinden kurtulu\u015funun 97. y\u0131l d\u00f6n\u00fcm\u00fc etkinlikleri kapsam\u0131nda yap\u0131lacak olan \u2018Biga\u2019n\u0131n Kurtulu\u015fu Ya\u011fl\u0131 Pehlivan G\u00fcre\u015fleri\u2019nin ger\u00e7ekle\u015ftirilece\u011fi alan\u0131n in\u015faat \u00e7al\u0131\u015fmalar\u0131 aral\u0131ks\u0131z olarak devam ediyor. 18 Eyl\u00fcl\u2019de ger\u00e7ekle\u015ftirilecek olan g\u00fcre\u015f m\u00fcsabakalar\u0131na K\u0131rkp\u0131nar g\u00fcre\u015flerinde bu y\u0131l son sekize kalan ba\u015fpehlivanlar da kat\u0131lacak.<\/p>\n<p>Biga Belediye Ba\u015fkan\u0131 B\u00fclent Erdo\u011fan himayesinde 18 Eyl\u00fcl\u2019de ger\u00e7ekle\u015fecek olan \u2018Biga Belediye Ba\u015fkanl\u0131\u011f\u0131 Biga\u2019n\u0131n Kurtulu\u015fu Ya\u011fl\u0131 Pehlivan G\u00fcre\u015fleri\u2019 organizasyonunun 500\u2019e yak\u0131n pehlivan\u0131 a\u011f\u0131rlamas\u0131 beklenirken, Yenicek\u00f6y Mahallesi\u2019nde haz\u0131rlanan Biga Er Meydan\u0131\u2019nda ba\u015f, ba\u015falt\u0131, b\u00fcy\u00fck orta, k\u00fc\u00e7\u00fck orta, deste b\u00fcy\u00fck, deste k\u00fc\u00e7\u00fck, tozkoparan ve minikler kategorilerinde m\u00fcsabakalar yap\u0131lacak. 100\u2019\u00fcn \u00fczerinde lisansl\u0131 g\u00fcre\u015f\u00e7isi olan Biga Belediyesi G\u00fcre\u015f Tak\u0131m\u0131 da Antren\u00f6r Salih Alt\u0131nkaya nezaretinde Biga Er Meydan\u0131\u2019nda ter d\u00f6kecek.<\/p>\n<p>32 ba\u015fpehlivan Biga Er Meydan\u0131\u2019nda olacak<\/p>\n<p>Ya\u011fl\u0131 pehlivan g\u00fcre\u015flerine ba\u015fta 2019 Tarihi K\u0131rkp\u0131nar Ya\u011fl\u0131 G\u00fcre\u015fleri Ba\u015fpehlivan\u0131 Ali G\u00fcrb\u00fcz olmak \u00fczere K\u0131rkp\u0131nar g\u00fcre\u015flerinde bu y\u0131l son sekize kalan Orhan Okulu, Mehmet Ye\u015fil Ye\u015fil, Mustafa Batu, \u00dcnal Karaman, Hamza K\u00f6seo\u011flu, \u0130smail Balaban ve Faruk Akkoyun Biga\u2019n\u0131n ba\u015fpehlivanl\u0131\u011f\u0131 i\u00e7in kol ba\u011flayacak. 658. Tarihi K\u0131rkp\u0131nar Ya\u011fl\u0131 G\u00fcre\u015fleri\u2019nde finalist Orhan Okulu\u2019nun da g\u00fcre\u015flere kat\u0131lmas\u0131yla ya\u011fl\u0131 g\u00fcre\u015f sezonu kapanmadan K\u0131rkp\u0131nar\u2019\u0131n r\u00f6van\u015f\u0131 Biga\u2019da ya\u015fanacak. Ayr\u0131ca 2014 y\u0131l\u0131 K\u0131rkp\u0131nar Ba\u015fpehlivan\u0131 Fatih Atl\u0131, 2006 y\u0131l\u0131 Ba\u015fpehlivan\u0131 Osman Aynur, \u0130smail Ko\u00e7, Turan Balaban, Furkan Durmu\u015f Alt\u0131n ve Tanju Gemici\u2019nin de aralar\u0131nda bulundu\u011fu toplam 32 ba\u015fpehlivan m\u00fcsabakalara kat\u0131lacak.<\/p>\n<p>\u201cBiga\u2019ya ve Bigal\u0131 hem\u015fehrilerimize kazand\u0131rm\u0131\u015f bulunuyoruz\u201d<\/p>\n<p>M\u00fcsabakalar\u0131n yap\u0131laca\u011f\u0131 alan\u0131n in\u015faat\u0131n\u0131 b\u00f6lgede yak\u0131ndan takip eden Biga Belediye Ba\u015fkan\u0131 B\u00fclent Erdo\u011fan, \u201cBiga\u2019m\u0131z\u0131n kurtulu\u015funun 97. y\u0131l d\u00f6n\u00fcm\u00fc etkinlikleri kapsam\u0131nda Biga Belediyesi olarak biz de \u00e7al\u0131\u015fmalar\u0131m\u0131za h\u0131zl\u0131ca ba\u015flad\u0131k. Bu alan daha \u00f6nce lunapark\u0131n kuruldu\u011fu bo\u015f bir aland\u0131. \u015eu an buras\u0131n\u0131, Biga\u2019m\u0131zda kurtulu\u015f y\u0131l d\u00f6n\u00fcm\u00fc etkinlikleri kapsam\u0131nda yapt\u0131\u011f\u0131m\u0131z ya\u011fl\u0131 g\u00fcre\u015fler i\u00e7in d\u00fczenliyoruz. Ayn\u0131 zamanda bu alan sosyal ve k\u00fclt\u00fcrel etkinliklerde kullan\u0131labilecek. Buray\u0131 yakla\u015f\u0131k 2 bin metrekare olarak Biga\u2019ya ve Bigal\u0131 hem\u015fehrilerimize kazand\u0131rm\u0131\u015f bulunuyoruz. Buras\u0131 a\u00e7\u0131k hava sinemalar\u0131 gibi gen\u00e7lerimizin farkl\u0131 etkinliklerde kullanaca\u011f\u0131 \u00e7ok g\u00fczel bir ya\u015fam alan\u0131 olarak halk\u0131m\u0131za hizmet verecek&#8221; \u015feklinde konu\u015ftu.<\/p>\n<p>\u201cBiga\u2019m\u0131zda ilk defa ya\u011fl\u0131 g\u00fcre\u015fleri d\u00fczenleyece\u011fiz\u201d<\/p>\n<p>Yap\u0131lacak olan g\u00fcre\u015f m\u00fcsabakalar\u0131 hakk\u0131nda da bilgi veren Ba\u015fkan Erdo\u011fan, \u015funlar\u0131 kaydetti:<\/p>\n<p>\u201cBiga\u2019m\u0131zda ilk defa ya\u011fl\u0131 g\u00fcre\u015fleri d\u00fczenleyece\u011fiz. Bunu \u00f6nemsiyoruz \u00e7\u00fcnk\u00fc bizim il\u00e7emizde UNESCO taraf\u0131ndan \u2018Ya\u015fayan \u0130nsan \u00d6d\u00fcl\u00fc\u2019n\u00fc alan Kispet ustam\u0131z var. El i\u015f\u00e7ili\u011fi ile bir\u00e7ok ba\u015f pehlivan\u0131n kispetini diken bir ustam\u0131z. Milli ve manevi de\u011ferlerimizi ya\u015fatmak \u00fczere biz de ata sporumuz olan ya\u011fl\u0131 g\u00fcre\u015fleri ba\u015flatm\u0131\u015f olman\u0131n gururunu ya\u015f\u0131yoruz. \u0130n\u015fallah t\u00fcm T\u00fcrkiye\u2019den ba\u015fpehlivanlar\u0131m\u0131z\u0131n ve g\u00fcre\u015fseverlerin kat\u0131l\u0131m\u0131yla 18 Eyl\u00fcl\u2019de ger\u00e7ekle\u015ftirece\u011fiz.\u201d<\/p>\n","protected":false},"excerpt":{"rendered":"<p>B\u0130GA\u2019NIN D\u00dc\u015eMAN \u0130\u015eGAL\u0130NDEN KURTULU\u015eUNUN 97. YIL D\u00d6N\u00dcM\u00dc ETK\u0130NL\u0130KLER\u0130 KAPSAMINDA YAPILACAK OLAN \u2018B\u0130GA\u2019NIN KURTULU\u015eU YA\u011eLI PEHL\u0130VAN G\u00dcRE\u015eLER\u0130\u2019N\u0130N GER\u00c7EKLE\u015eT\u0130R\u0130LECE\u011e\u0130 ALANIN \u0130N\u015eAAT \u00c7ALI\u015eMALARI ARALIKSIZ OLARAK DEVAM ED\u0130YOR.<\/p>\n","protected":false},"author":1,"featured_media":191548,"comment_status":"closed","ping_status":"open","sticky":false,"template":"","format":"standard","meta":{"jetpack_post_was_ever_published":false,"_jetpack_newsletter_access":"","_jetpack_dont_email_post_to_subs":false,"_jetpack_newsletter_tier_id":0,"_jetpack_memberships_contains_paywalled_content":false,"_jetpack_memberships_contains_paid_content":false,"footnotes":"","jetpack_publicize_message":"","jetpack_publicize_feature_enabled":true,"jetpack_social_post_already_shared":true,"jetpack_social_options":{"image_generator_settings":{"template":"highway","default_image_id":0,"font":"","enabled":false},"version":2}},"categories":[657],"tags":[6406,37250,23430,158],"class_list":["post-191547","post","type-post","status-publish","format-standard","has-post-thumbnail","hentry","category-spor","tag-bigada","tag-kirkpinarin","tag-rovansi","tag-yapilacak"],"jetpack_publicize_connections":[],"jetpack_featured_media_url":"https:\/\/i0.wp.com\/www.tvturk.com\/wp-content\/uploads\/2019\/08\/kirkpinarin-rovansi-bigada-yapilacak_ad6ce37.jpg?fit=1000%2C562","jetpack_sharing_enabled":true,"jetpack_shortlink":"https:\/\/wp.me\/paKIfm-NPt","_links":{"self":[{"href":"http:\/\/www.tvturk.com\/index.php\/wp-json\/wp\/v2\/posts\/191547","targetHints":{"allow":["GET"]}}],"collection":[{"href":"http:\/\/www.tvturk.com\/index.php\/wp-json\/wp\/v2\/posts"}],"about":[{"href":"http:\/\/www.tvturk.com\/index.php\/wp-json\/wp\/v2\/types\/post"}],"author":[{"embeddable":true,"href":"http:\/\/www.tvturk.com\/index.php\/wp-json\/wp\/v2\/users\/1"}],"replies":[{"embeddable":true,"href":"http:\/\/www.tvturk.com\/index.php\/wp-json\/wp\/v2\/comments?post=191547"}],"version-history":[{"count":0,"href":"http:\/\/www.tvturk.com\/index.php\/wp-json\/wp\/v2\/posts\/191547\/revisions"}],"wp:featuredmedia":[{"embeddable":true,"href":"http:\/\/www.tvturk.com\/index.php\/wp-json\/wp\/v2\/media\/191548"}],"wp:attachment":[{"href":"http:\/\/www.tvturk.com\/index.php\/wp-json\/wp\/v2\/media?parent=191547"}],"wp:term":[{"taxonomy":"category","embeddable":true,"href":"http:\/\/www.tvturk.com\/index.php\/wp-json\/wp\/v2\/categories?post=191547"},{"taxonomy":"post_tag","embeddable":true,"href":"http:\/\/www.tvturk.com\/index.php\/wp-json\/wp\/v2\/tags?post=191547"}],"curies":[{"name":"wp","href":"https:\/\/api.w.org\/{rel}","templated":true}]}}