{"id":191613,"date":"2019-08-08T11:31:54","date_gmt":"2019-08-08T08:31:54","guid":{"rendered":"http:\/\/www.tvturk.com\/index.php\/ozel-haber-cep-telefonuyla-mobil-kurban-satisi-ilgi-goruyor\/"},"modified":"2019-08-08T11:31:54","modified_gmt":"2019-08-08T08:31:54","slug":"ozel-haber-cep-telefonuyla-mobil-kurban-satisi-ilgi-goruyor","status":"publish","type":"post","link":"http:\/\/www.tvturk.com\/index.php\/ozel-haber-cep-telefonuyla-mobil-kurban-satisi-ilgi-goruyor\/","title":{"rendered":"(\u00d6zel Haber) Cep telefonuyla \u2018mobil\u2019 kurban sat\u0131\u015f\u0131 ilgi g\u00f6r\u00fcyor"},"content":{"rendered":"<p>Edirne\u2019de bir besici, Kurban Bayram\u0131 \u00f6ncesi kurbanl\u0131k almak i\u00e7in vakit bulamayan m\u00fc\u015fterilerine, cep telefonu ile hayvanlar\u0131n foto\u011fraflar\u0131n\u0131 g\u00f6ndererek, kurbanl\u0131k almalar\u0131 i\u00e7in kolayl\u0131k sa\u011fl\u0131yor.<\/p>\n<p>Edirne\u2019nin Karaa\u011fa\u00e7 Mahallesi\u2019nde bulunan besi \u00e7iftli\u011finde i\u015fletmecilik yapan Cem Pakarda, Kurban Bayram\u0131 \u00f6ncesinde, kurbanl\u0131k almak i\u00e7in vakit bulamayan ya da \u015fehir d\u0131\u015f\u0131nda ya\u015fayan m\u00fc\u015fterilerine, \u2018mobil kurban\u2019 hizmeti sunuyor. Sat\u0131\u015fa \u00e7\u0131kard\u0131\u011f\u0131 kurbanl\u0131klar\u0131n\u0131n foto\u011fraflar\u0131n\u0131 \u00e7ekerek, WhatsApp uygulamas\u0131 \u00fczerinden m\u00fc\u015fterilerine g\u00f6nderen Pakarda, yine pazarl\u0131\u011f\u0131 da mobil olarak yap\u0131yor. Hayvanlar\u0131n kilo ve fiyatlar\u0131n\u0131 yazan Pakarda, anla\u015fma sa\u011fland\u0131\u011f\u0131 takdirde, vekaletlerini alarak kesim i\u015flemini ger\u00e7ekle\u015ftiriyor.<\/p>\n<p>\u201c\u00c7iftli\u011fe gelmeden, ibadetlerini ger\u00e7ekle\u015ftiriyorlar\u201d<\/p>\n<p>Pakarda, \u0130HA\u2019ya yapt\u0131\u011f\u0131 a\u00e7\u0131klamada, \u201cBu y\u0131l yedinci senemiz olacak. Besicilik ile u\u011fra\u015f\u0131yorum. Telefonla, WhatsApp \u00fczerinden hayvan sat\u0131\u015f\u0131 yap\u0131yoruz. Genelde hayvan sat\u0131\u015f\u0131 yapt\u0131\u011f\u0131m\u0131z insanlar, Edirneli olup da yurt d\u0131\u015f\u0131nda ya da \u015fehir d\u0131\u015f\u0131nda ya\u015fayan arkada\u015flar\u0131m\u0131z ve tabi ki onlar\u0131n arkada\u015flar\u0131, dostlar\u0131. Yapm\u0131\u015f oldu\u011fumuz payla\u015f\u0131mlardan g\u00f6rerek, bizlere ula\u015f\u0131yorlar. Biz de onlar\u0131n istedi\u011fi kriterde istedi\u011fi \u00fccrette hayvanlar\u0131 bulup, foto\u011fraflay\u0131p k\u00fcpe numaralar\u0131n\u0131, kimliklerini g\u00f6nderilerine at\u0131yoruz. E\u011fer anla\u015fabilirsek, hayvanlar\u0131 i\u015faretleyip ay\u0131r\u0131yoruz. \u0130ki taraf i\u00e7inde g\u00fczel oluyor. Hi\u00e7 \u00e7iftli\u011fe gelmeden ibadetlerini ger\u00e7ekle\u015ftirmi\u015f oluyorlar\u201d dedi.<\/p>\n<p>Pakarda, k\u00fc\u00e7\u00fckba\u015f kurbanl\u0131k fiyatlar\u0131n\u0131n kilosuna g\u00f6re bin 300 liradan sat\u0131\u015fa sunuldu\u011funu belirtti.<\/p>\n","protected":false},"excerpt":{"rendered":"<p>ED\u0130RNE&#8217;DE B\u0130R BES\u0130C\u0130, KURBANLIK ALMAK \u0130\u00c7\u0130N VAK\u0130T BULAMAYAN M\u00dc\u015eTER\u0130LER\u0130NE, CEP TELEFONU \u0130LE HAYVANLARIN FOTO\u011eRAFLARINI G\u00d6NDER\u0130P KOLAYLIK SA\u011eLIYOR.<\/p>\n","protected":false},"author":1,"featured_media":191614,"comment_status":"closed","ping_status":"open","sticky":false,"template":"","format":"standard","meta":{"jetpack_post_was_ever_published":false,"_jetpack_newsletter_access":"","_jetpack_dont_email_post_to_subs":false,"_jetpack_newsletter_tier_id":0,"_jetpack_memberships_contains_paywalled_content":false,"_jetpack_memberships_contains_paid_content":false,"footnotes":"","jetpack_publicize_message":"","jetpack_publicize_feature_enabled":true,"jetpack_social_post_already_shared":true,"jetpack_social_options":{"image_generator_settings":{"template":"highway","default_image_id":0,"font":"","enabled":false},"version":2}},"categories":[1],"tags":[1073,8488,17907,1545,1726,20956,2183,2588,8489],"class_list":["post-191613","post","type-post","status-publish","format-standard","has-post-thumbnail","hentry","category-genel","tag-ozel","tag-cep","tag-goruyor","tag-haber","tag-ilgi","tag-kurban","tag-mobil","tag-satisi","tag-telefonuyla"],"jetpack_publicize_connections":[],"jetpack_featured_media_url":"https:\/\/i0.wp.com\/www.tvturk.com\/wp-content\/uploads\/2019\/08\/ozel-haber-cep-telefonuyla-mobil-kurban-satisi-ilgi-goruyor_ea3bec5.jpg?fit=1000%2C666","jetpack_sharing_enabled":true,"jetpack_shortlink":"https:\/\/wp.me\/paKIfm-NQx","_links":{"self":[{"href":"http:\/\/www.tvturk.com\/index.php\/wp-json\/wp\/v2\/posts\/191613","targetHints":{"allow":["GET"]}}],"collection":[{"href":"http:\/\/www.tvturk.com\/index.php\/wp-json\/wp\/v2\/posts"}],"about":[{"href":"http:\/\/www.tvturk.com\/index.php\/wp-json\/wp\/v2\/types\/post"}],"author":[{"embeddable":true,"href":"http:\/\/www.tvturk.com\/index.php\/wp-json\/wp\/v2\/users\/1"}],"replies":[{"embeddable":true,"href":"http:\/\/www.tvturk.com\/index.php\/wp-json\/wp\/v2\/comments?post=191613"}],"version-history":[{"count":0,"href":"http:\/\/www.tvturk.com\/index.php\/wp-json\/wp\/v2\/posts\/191613\/revisions"}],"wp:featuredmedia":[{"embeddable":true,"href":"http:\/\/www.tvturk.com\/index.php\/wp-json\/wp\/v2\/media\/191614"}],"wp:attachment":[{"href":"http:\/\/www.tvturk.com\/index.php\/wp-json\/wp\/v2\/media?parent=191613"}],"wp:term":[{"taxonomy":"category","embeddable":true,"href":"http:\/\/www.tvturk.com\/index.php\/wp-json\/wp\/v2\/categories?post=191613"},{"taxonomy":"post_tag","embeddable":true,"href":"http:\/\/www.tvturk.com\/index.php\/wp-json\/wp\/v2\/tags?post=191613"}],"curies":[{"name":"wp","href":"https:\/\/api.w.org\/{rel}","templated":true}]}}