{"id":191641,"date":"2019-08-08T12:01:33","date_gmt":"2019-08-08T09:01:33","guid":{"rendered":"http:\/\/www.tvturk.com\/index.php\/tayvandaki-deprem-korkuttu\/"},"modified":"2019-08-08T12:01:33","modified_gmt":"2019-08-08T09:01:33","slug":"tayvandaki-deprem-korkuttu","status":"publish","type":"post","link":"http:\/\/www.tvturk.com\/index.php\/tayvandaki-deprem-korkuttu\/","title":{"rendered":"Tayvan\u2019daki deprem korkuttu"},"content":{"rendered":"<p>Tayvan\u2019\u0131n kuzeydo\u011fu k\u0131y\u0131s\u0131nda meydana gelen 6.4 \u015fiddetindeki deprem korkuttu.<\/p>\n<p>Tayvan Merkezi Meteoroloji B\u00fcrosu, Tayvan\u2019\u0131n kuzeydo\u011fusundaki Yilan il\u00e7esi a\u00e7\u0131klar\u0131nda 6.4 b\u00fcy\u00fckl\u00fc\u011f\u00fcnde deprem meydana geldi\u011fini a\u00e7\u0131klad\u0131. Deprem, Tayvan\u2019\u0131n merkezinden 16 kilometre uzakl\u0131kta ve yerin 30 kilometre alt\u0131nda meydana geldi. Depremde \u00f6len veya yaralanan olup olmad\u0131\u011f\u0131na ili\u015fkin bilgi payla\u015f\u0131lmad\u0131.<\/p>\n<p>Depremin \u015fiddeti ise kameraya yans\u0131yan g\u00f6r\u00fcnt\u00fclerde ortaya \u00e7\u0131kt\u0131. Korkutan depremde asans\u00f6rde kalan bir ki\u015fi panik ya\u015farken, ekipler taraf\u0131ndan asans\u00f6rden \u00e7\u0131kar\u0131ld\u0131.<\/p>\n","protected":false},"excerpt":{"rendered":"<p>TAYVAN\u2019IN KUZEYDO\u011eU KIYISINDA MEYDANA GELEN 6.4 \u015e\u0130DDET\u0130NDEK\u0130 DEPREM KORKUTTU.<\/p>\n","protected":false},"author":1,"featured_media":191642,"comment_status":"closed","ping_status":"open","sticky":false,"template":"","format":"standard","meta":{"jetpack_post_was_ever_published":false,"_jetpack_newsletter_access":"","_jetpack_dont_email_post_to_subs":false,"_jetpack_newsletter_tier_id":0,"_jetpack_memberships_contains_paywalled_content":false,"_jetpack_memberships_contains_paid_content":false,"footnotes":"","jetpack_publicize_message":"","jetpack_publicize_feature_enabled":true,"jetpack_social_post_already_shared":true,"jetpack_social_options":{"image_generator_settings":{"template":"highway","default_image_id":0,"font":"","enabled":false},"version":2}},"categories":[10],"tags":[221,4877,47975],"class_list":["post-191641","post","type-post","status-publish","format-standard","has-post-thumbnail","hentry","category-dunya","tag-deprem","tag-korkuttu","tag-tayvandaki"],"jetpack_publicize_connections":[],"jetpack_featured_media_url":"https:\/\/i0.wp.com\/www.tvturk.com\/wp-content\/uploads\/2019\/08\/tayvandaki-deprem-korkuttu_ce5ac66.jpg?fit=1000%2C562","jetpack_sharing_enabled":true,"jetpack_shortlink":"https:\/\/wp.me\/paKIfm-NQZ","_links":{"self":[{"href":"http:\/\/www.tvturk.com\/index.php\/wp-json\/wp\/v2\/posts\/191641","targetHints":{"allow":["GET"]}}],"collection":[{"href":"http:\/\/www.tvturk.com\/index.php\/wp-json\/wp\/v2\/posts"}],"about":[{"href":"http:\/\/www.tvturk.com\/index.php\/wp-json\/wp\/v2\/types\/post"}],"author":[{"embeddable":true,"href":"http:\/\/www.tvturk.com\/index.php\/wp-json\/wp\/v2\/users\/1"}],"replies":[{"embeddable":true,"href":"http:\/\/www.tvturk.com\/index.php\/wp-json\/wp\/v2\/comments?post=191641"}],"version-history":[{"count":0,"href":"http:\/\/www.tvturk.com\/index.php\/wp-json\/wp\/v2\/posts\/191641\/revisions"}],"wp:featuredmedia":[{"embeddable":true,"href":"http:\/\/www.tvturk.com\/index.php\/wp-json\/wp\/v2\/media\/191642"}],"wp:attachment":[{"href":"http:\/\/www.tvturk.com\/index.php\/wp-json\/wp\/v2\/media?parent=191641"}],"wp:term":[{"taxonomy":"category","embeddable":true,"href":"http:\/\/www.tvturk.com\/index.php\/wp-json\/wp\/v2\/categories?post=191641"},{"taxonomy":"post_tag","embeddable":true,"href":"http:\/\/www.tvturk.com\/index.php\/wp-json\/wp\/v2\/tags?post=191641"}],"curies":[{"name":"wp","href":"https:\/\/api.w.org\/{rel}","templated":true}]}}