{"id":191683,"date":"2019-08-08T12:32:23","date_gmt":"2019-08-08T09:32:23","guid":{"rendered":"http:\/\/www.tvturk.com\/index.php\/yonten-saglik-turizminde-samsunu-guzel-noktalara-tasimaya-devam-edecegiz\/"},"modified":"2019-08-08T12:32:23","modified_gmt":"2019-08-08T09:32:23","slug":"yonten-saglik-turizminde-samsunu-guzel-noktalara-tasimaya-devam-edecegiz","status":"publish","type":"post","link":"http:\/\/www.tvturk.com\/index.php\/yonten-saglik-turizminde-samsunu-guzel-noktalara-tasimaya-devam-edecegiz\/","title":{"rendered":"Y\u00f6nten: \u201cSa\u011fl\u0131k turizminde Samsun\u2019u g\u00fczel noktalara ta\u015f\u0131maya devam edece\u011fiz\u201d"},"content":{"rendered":"<p>B\u00fcy\u00fck Anadolu Hastaneleri Y\u00f6netim Kurulu Ba\u015fkan\u0131 Opr. Dr. Yakup Y\u00f6nten, \u201cHastanemiz sadece Samsun de\u011fil d\u00fcnyan\u0131n d\u00f6rt bir yan\u0131ndan gelen misafirlerine hizmet vermektedir. Bu anlamda sa\u011fl\u0131k turizmi a\u00e7\u0131s\u0131ndan Samsun\u2019u g\u00fczel noktalara ta\u015f\u0131maya devam edece\u011fiz\u201d dedi.<\/p>\n<p>B\u00fcy\u00fck Anadolu Hastaneleri, teknolojik ve ak\u0131ll\u0131 bina konsepti, g\u00fc\u00e7l\u00fc hekim kadrosu, g\u00fcler y\u00fczl\u00fc personeli ile insanlar\u0131n kolayca ula\u015fabilece\u011fi yeni binas\u0131nda, hasta kabul\u00fcne ba\u015flad\u0131. Yeni hastanenin tan\u0131t\u0131m lansmanlar\u0131nda, \u015fehrin kamu, kurum ve sivil toplum kurulu\u015flar\u0131na kadar hem kesimi yeni hizmet binas\u0131nda a\u011f\u0131rlayan B\u00fcy\u00fck Anadolu Hastaneleri Y\u00f6netim Kurulu Ba\u015fkan\u0131 Opr. Dr. Yakup Y\u00f6nten, son olarak Ba\u011f\u0131ms\u0131z Samsun Milletvekili Erhan Usta\u2019y\u0131 ve beraberindeki heyeti misafir ederek, yeni hastane hakk\u0131nda bilgiler verdi.<\/p>\n<p>\u201cHasta kabul\u00fcne ba\u015flad\u0131k\u201d<\/p>\n<p>Ziyaret esnas\u0131nda konu\u015fan Y\u00f6nten, gerekli belgelerin tamamland\u0131\u011f\u0131n\u0131 ve art\u0131k hasta kabul\u00fcne ba\u015flad\u0131klar\u0131n\u0131 s\u00f6yledi. 22 y\u0131ld\u0131r Samsun\u2019da sa\u011fl\u0131k sekt\u00f6r\u00fcnde istihdam sa\u011flad\u0131klar\u0131n\u0131 ve hizmet verdiklerini kaydeden Y\u00f6nten, \u201cBiz sa\u011fl\u0131kta ilk ad\u0131m\u0131m\u0131z\u0131 atarken bug\u00fcn geldi\u011fimiz nokta itibar\u0131yla yeni nesil hastanecilik olarak ilklere imza at\u0131yoruz. Hastanemiz sadece Samsun de\u011fil d\u00fcnyan\u0131n d\u00f6rt bir yan\u0131ndan gelen misafirlerine hizmet vermektedir. Bu anlamda sa\u011fl\u0131k turizmi a\u00e7\u0131s\u0131ndan Samsun\u2019u g\u00fczel noktalara ta\u015f\u0131maya devam edece\u011fiz. \u00c7iftlik hastanemizin ruhsat\u0131n\u0131 yeni hastanemize ta\u015f\u0131d\u0131k, art\u0131k burada hasta kabul\u00fcne ba\u015flad\u0131k\u201d diye konu\u015ftu.<\/p>\n<p>Yeni hizmet binas\u0131n\u0131n \u2019hay\u0131rl\u0131 olsun\u2019 dileklerini ileten Usta ise Y\u00f6nten\u2019e \u00e7al\u0131\u015fmalar\u0131nda ba\u015far\u0131lar diledi.<\/p>\n","protected":false},"excerpt":{"rendered":"<p>B\u00dcY\u00dcK ANADOLU HASTANELER\u0130, TEKNOLOJ\u0130K VE AKILLI B\u0130NA KONSEPT\u0130, G\u00dc\u00c7L\u00dc HEK\u0130M KADROSU, G\u00dcLER Y\u00dcZL\u00dc PERSONEL\u0130 \u0130LE \u0130NSANLARIN KOLAYCA ULA\u015eAB\u0130LECE\u011e\u0130 YEN\u0130 B\u0130NASINDA, HASTA KABUL\u00dcNE BA\u015eLADI. YEN\u0130 HASTANEN\u0130N TANITIM LANSMANLARINDA, \u015eEHR\u0130N KAMU, KURUM VE S\u0130V\u0130L TOPLUM KURULU\u015eLARINA KADAR HEM KES\u0130M\u0130 YEN\u0130 H\u0130ZMET B\u0130NASINDA A\u011eIRLAYAN B\u00dcY\u00dcK ANADOLU HASTANELER\u0130 Y\u00d6NET\u0130M KURULU BA\u015eKANI OPR. DR. YAKUP Y\u00d6NTEN, SON OLARAK BA\u011eIMSIZ SAMSUN M\u0130LLETVEK\u0130L\u0130 ERHAN USTA\u2019YI VE BERABER\u0130NDEK\u0130 HEYET\u0130 M\u0130SAF\u0130R EDEREK, YEN\u0130 HASTANE HAKKINDA B\u0130LG\u0130LER VERD\u0130.<\/p>\n","protected":false},"author":1,"featured_media":191684,"comment_status":"closed","ping_status":"open","sticky":false,"template":"","format":"standard","meta":{"jetpack_post_was_ever_published":false,"_jetpack_newsletter_access":"","_jetpack_dont_email_post_to_subs":false,"_jetpack_newsletter_tier_id":0,"_jetpack_memberships_contains_paywalled_content":false,"_jetpack_memberships_contains_paid_content":false,"footnotes":"","jetpack_publicize_message":"","jetpack_publicize_feature_enabled":true,"jetpack_social_post_already_shared":true,"jetpack_social_options":{"image_generator_settings":{"template":"highway","default_image_id":0,"font":"","enabled":false},"version":2}},"categories":[1],"tags":[522,4901,1019,34731,734,37127,11889,10273,47987],"class_list":["post-191683","post","type-post","status-publish","format-standard","has-post-thumbnail","hentry","category-genel","tag-devam","tag-edecegiz","tag-guzel","tag-noktalara","tag-saglik","tag-samsunu","tag-tasimaya","tag-turizminde","tag-yonten"],"jetpack_publicize_connections":[],"jetpack_featured_media_url":"https:\/\/i0.wp.com\/www.tvturk.com\/wp-content\/uploads\/2019\/08\/yonten-saglik-turizminde-samsunu-guzel-noktalara-tasimaya-devam-edecegiz_68bd1d3.jpg?fit=1000%2C666","jetpack_sharing_enabled":true,"jetpack_shortlink":"https:\/\/wp.me\/paKIfm-NRF","_links":{"self":[{"href":"http:\/\/www.tvturk.com\/index.php\/wp-json\/wp\/v2\/posts\/191683","targetHints":{"allow":["GET"]}}],"collection":[{"href":"http:\/\/www.tvturk.com\/index.php\/wp-json\/wp\/v2\/posts"}],"about":[{"href":"http:\/\/www.tvturk.com\/index.php\/wp-json\/wp\/v2\/types\/post"}],"author":[{"embeddable":true,"href":"http:\/\/www.tvturk.com\/index.php\/wp-json\/wp\/v2\/users\/1"}],"replies":[{"embeddable":true,"href":"http:\/\/www.tvturk.com\/index.php\/wp-json\/wp\/v2\/comments?post=191683"}],"version-history":[{"count":0,"href":"http:\/\/www.tvturk.com\/index.php\/wp-json\/wp\/v2\/posts\/191683\/revisions"}],"wp:featuredmedia":[{"embeddable":true,"href":"http:\/\/www.tvturk.com\/index.php\/wp-json\/wp\/v2\/media\/191684"}],"wp:attachment":[{"href":"http:\/\/www.tvturk.com\/index.php\/wp-json\/wp\/v2\/media?parent=191683"}],"wp:term":[{"taxonomy":"category","embeddable":true,"href":"http:\/\/www.tvturk.com\/index.php\/wp-json\/wp\/v2\/categories?post=191683"},{"taxonomy":"post_tag","embeddable":true,"href":"http:\/\/www.tvturk.com\/index.php\/wp-json\/wp\/v2\/tags?post=191683"}],"curies":[{"name":"wp","href":"https:\/\/api.w.org\/{rel}","templated":true}]}}