{"id":191701,"date":"2019-08-08T13:01:57","date_gmt":"2019-08-08T10:01:57","guid":{"rendered":"http:\/\/www.tvturk.com\/index.php\/sehrin-gelecegi-bursalilarla-belirleniyor\/"},"modified":"2019-08-08T13:01:57","modified_gmt":"2019-08-08T10:01:57","slug":"sehrin-gelecegi-bursalilarla-belirleniyor","status":"publish","type":"post","link":"http:\/\/www.tvturk.com\/index.php\/sehrin-gelecegi-bursalilarla-belirleniyor\/","title":{"rendered":"\u015eehrin gelece\u011fi Bursal\u0131larla belirleniyor"},"content":{"rendered":"<p>Bursa B\u00fcy\u00fck\u015fehir Belediyesi, 5 y\u0131ll\u0131k stratejik plana vatanda\u015f\u0131 da d\u00e2hil etti. https:\/\/www.bursa.bel.tr\/vatandasanket\/adresinde \u2018Sen de kat\u0131l, birlikte planlayal\u0131m\u2019 slogan\u0131yla kampanya a\u00e7an B\u00fcy\u00fck\u015fehir Belediyesi, 19 A\u011fustos\u2019a kadar Bursal\u0131lar\u0131n taleplerini alacak ve bunlara stratejik planda yer verecek.<\/p>\n<p>B\u00fcy\u00fck\u015fehir Belediyesi taraf\u0131ndan 5 y\u0131ll\u0131k stratejik plan \u00e7al\u0131\u015fmalar\u0131 devam ediyor. Mevcut durumu ve ihtiya\u00e7lar\u0131 belirlemeye y\u00f6nelik yap\u0131lan \u00e7al\u0131\u015fmalar \u00e7er\u00e7evesinde ba\u015fta vatanda\u015flar olmak \u00fczere, sivil toplum kurulu\u015flar\u0131, muhtarlar, kamu kurum ve kurulu\u015flar\u0131 ile meslek\u00ee ve akademik odalar\u0131n g\u00f6r\u00fc\u015flerine ba\u015fvuruluyor. Bu do\u011frultuda, ge\u00e7ti\u011fimiz g\u00fcnlerde B\u00fcy\u00fck\u015fehir Belediye Ba\u015fkan\u0131 Alinur Akta\u015f\u2019\u0131n 17 il\u00e7enin muhtarlar\u0131yla bir araya geldi\u011fi bulu\u015fma ger\u00e7ekle\u015ftirildi. Anket y\u00f6ntemi ile muhtarlara, mahallelerine ili\u015fkin belediye taraf\u0131ndan sunulan hizmetlerden memnuniyet ve beklentiler ile \u00f6ncelikli ihtiya\u00e7lar\u0131n neler oldu\u011fu soruldu. Yo\u011fun kat\u0131l\u0131m sa\u011flanan programda muhtarlar, mahallerinde iyile\u015ftirme gereken konularile taleplerini belediye yetkilileriyle payla\u015ft\u0131.\u015eimdi de kat\u0131l\u0131mc\u0131 y\u00f6netim anlay\u0131\u015f\u0131 kapsam\u0131nda, B\u00fcy\u00fck\u015fehir Belediyesi\u2019nden hizmet alan vatanda\u015flara y\u00f6nelik memnuniyet ve beklenti ara\u015ft\u0131rmas\u0131 yap\u0131l\u0131yor. https:\/\/www.bursa.bel.tr\/vatandasanket\/adresinden sanal yol ile y\u00fcr\u00fct\u00fclen ara\u015ft\u0131rmada, vatanda\u015flara \u2018ula\u015f\u0131m ba\u015fta olmak \u00fczere\u2019 belediyenin sundu\u011fu hizmetlere d\u00e2ir \u00f6ncelikli beklentilerinin neler oldu\u011fu soruluyor. 19 A\u011fustos tarihine kadar vatanda\u015flar, ankete kat\u0131larak g\u00f6r\u00fc\u015flerini belirtebilecekler.<\/p>\n<p>Her vatanda\u015f i\u00e7in bir fidan<\/p>\n<p>B\u00fcy\u00fck\u015fehir Belediye Ba\u015fkan\u0131 Alinur Akta\u015f, anketi dolduracak her bir vatanda\u015f i\u00e7in il\u00e2ve bir fidan dikilece\u011fini s\u00f6yledi. Bu sayede Bursal\u0131lar\u0131n \u015fehrin gelece\u011fine d\u00e2ir g\u00f6r\u00fc\u015f bildirebilece\u011fini ve Ye\u015fil Bursa\u2019ya bir fidan kazand\u0131rm\u0131\u015f olaca\u011f\u0131n\u0131 vurgulayan Ba\u015fkan Akta\u015f, \u201cBayram \u00f6ncesinde sosyal medya, il\u00e2n tahtalar\u0131 ve web sitesinde duyurusu yap\u0131lan anketimize vatanda\u015flar b\u00fcy\u00fck ilgi g\u00f6sterdi. Hem\u015ferilerimiz g\u00fcnl\u00fck hayatta kulland\u0131klar\u0131 ve gelecekte hayat kalitelerini art\u0131racak hizmetler ile ilgili g\u00f6r\u00fc\u015f bildirerek, planlama s\u00fcrecinedahiloluyorlar\u201d dedi.<\/p>\n<p>Vatanda\u015f ve muhtarlar\u0131n bak\u0131\u015f a\u00e7\u0131lar\u0131 do\u011frultusunda bir ihtiya\u00e7 analizi \u00e7al\u0131\u015fmas\u0131 yap\u0131laca\u011f\u0131n\u0131 ifade eden Ba\u015fkan Akta\u015f, \u201cBu analiz sonucu kamu kurumlar\u0131, \u00fcniversiteler, mesleki ve akademik odalar ile birlikte bir \u00e7al\u0131\u015ftay d\u00fczenlenecek ve hizmet alan\u0131 baz\u0131nda faaliyet ile projeler tart\u0131\u015f\u0131lacak.Kat\u0131l\u0131mc\u0131lar\u0131n g\u00f6r\u00fc\u015fleri do\u011frultusunda \u015fekillenecek stratejik plan, 2020 tarihinden itibaren uygulanmaya ba\u015flanacak ve 5 y\u0131l boyunca Bursa\u2019n\u0131n vizyonunu olu\u015fturacak\u201d diye konu\u015ftu.<\/p>\n","protected":false},"excerpt":{"rendered":"<p>BURSA B\u00dcY\u00dcK\u015eEH\u0130R BELED\u0130YES\u0130, 5 YILLIK STRATEJ\u0130K PLANA VATANDA\u015eI DA D\u00c2H\u0130L ETT\u0130.<\/p>\n","protected":false},"author":1,"featured_media":191702,"comment_status":"closed","ping_status":"open","sticky":false,"template":"","format":"standard","meta":{"jetpack_post_was_ever_published":false,"_jetpack_newsletter_access":"","_jetpack_dont_email_post_to_subs":false,"_jetpack_newsletter_tier_id":0,"_jetpack_memberships_contains_paywalled_content":false,"_jetpack_memberships_contains_paid_content":false,"footnotes":"","jetpack_publicize_message":"","jetpack_publicize_feature_enabled":true,"jetpack_social_post_already_shared":true,"jetpack_social_options":{"image_generator_settings":{"template":"highway","default_image_id":0,"font":"","enabled":false},"version":2}},"categories":[1],"tags":[7173,47992,4472,1770],"class_list":["post-191701","post","type-post","status-publish","format-standard","has-post-thumbnail","hentry","category-genel","tag-belirleniyor","tag-bursalilarla","tag-gelecegi","tag-sehrin"],"jetpack_publicize_connections":[],"jetpack_featured_media_url":"https:\/\/i0.wp.com\/www.tvturk.com\/wp-content\/uploads\/2019\/08\/sehrin-gelecegi-bursalilarla-belirleniyor_c9e0796.jpg?fit=1000%2C666","jetpack_sharing_enabled":true,"jetpack_shortlink":"https:\/\/wp.me\/paKIfm-NRX","_links":{"self":[{"href":"http:\/\/www.tvturk.com\/index.php\/wp-json\/wp\/v2\/posts\/191701","targetHints":{"allow":["GET"]}}],"collection":[{"href":"http:\/\/www.tvturk.com\/index.php\/wp-json\/wp\/v2\/posts"}],"about":[{"href":"http:\/\/www.tvturk.com\/index.php\/wp-json\/wp\/v2\/types\/post"}],"author":[{"embeddable":true,"href":"http:\/\/www.tvturk.com\/index.php\/wp-json\/wp\/v2\/users\/1"}],"replies":[{"embeddable":true,"href":"http:\/\/www.tvturk.com\/index.php\/wp-json\/wp\/v2\/comments?post=191701"}],"version-history":[{"count":0,"href":"http:\/\/www.tvturk.com\/index.php\/wp-json\/wp\/v2\/posts\/191701\/revisions"}],"wp:featuredmedia":[{"embeddable":true,"href":"http:\/\/www.tvturk.com\/index.php\/wp-json\/wp\/v2\/media\/191702"}],"wp:attachment":[{"href":"http:\/\/www.tvturk.com\/index.php\/wp-json\/wp\/v2\/media?parent=191701"}],"wp:term":[{"taxonomy":"category","embeddable":true,"href":"http:\/\/www.tvturk.com\/index.php\/wp-json\/wp\/v2\/categories?post=191701"},{"taxonomy":"post_tag","embeddable":true,"href":"http:\/\/www.tvturk.com\/index.php\/wp-json\/wp\/v2\/tags?post=191701"}],"curies":[{"name":"wp","href":"https:\/\/api.w.org\/{rel}","templated":true}]}}