{"id":191725,"date":"2019-08-08T13:32:29","date_gmt":"2019-08-08T10:32:29","guid":{"rendered":"http:\/\/www.tvturk.com\/index.php\/hekimoglu-trabzon-fk-mustafa-alper-avciya-emanet\/"},"modified":"2019-08-08T13:32:29","modified_gmt":"2019-08-08T10:32:29","slug":"hekimoglu-trabzon-fk-mustafa-alper-avciya-emanet","status":"publish","type":"post","link":"http:\/\/www.tvturk.com\/index.php\/hekimoglu-trabzon-fk-mustafa-alper-avciya-emanet\/","title":{"rendered":"Hekimo\u011flu Trabzon FK, Mustafa Alper Avc\u0131\u2019ya emanet"},"content":{"rendered":"<p>TFF 2. Lig ekiplerinden Hekimo\u011flu Trabzon FK, Teknik Direkt\u00f6r Mustafa Alper Avc\u0131 ile s\u00f6zle\u015fme imzalad\u0131.<\/p>\n<p>Kul\u00fcp binas\u0131nda d\u00fczenlenen \u0130mza t\u00f6reninde Kul\u00fcp Futbol \u015eube Sorumlusu Semih Hekimo\u011flu ve Genel Menajer Serkan \u00dcnver haz\u0131r bulundu. Hekimo\u011flu Trabzon FK Futbol \u015eube Sorumlusu Semih Hekimo\u011flu, hedeflerinin \u00f6rt\u00fc\u015ft\u00fc\u011f\u00fc bir teknik adamla anla\u015fmaktan son derece mutlu olduklar\u0131n\u0131 belirterek, &#8220;Alper hocam\u0131z ve ekibiyle birlikte ba\u015far\u0131l\u0131 bir sezon ge\u00e7irme arzusu i\u00e7indeyiz. Kendisine ba\u015far\u0131lar diliyorum\u201d dedi.<\/p>\n<p>Hekimo\u011flu Trabzon FK\u2019n\u0131n yeni teknik direkt\u00f6r\u00fc Mustafa Alper Avc\u0131 da yapt\u0131\u011f\u0131 a\u00e7\u0131klamada, &#8220;K\u0131sa s\u00fcrede T\u00fcrkiye spor kamuoyunda \u00f6nemli izler b\u0131rakm\u0131\u015f b\u00f6yle g\u00fczide bir kul\u00fcpte \u00e7al\u0131\u015faca\u011f\u0131mdan dolay\u0131 \u00e7ok mutluyum. \u00c7ok iyi bir y\u00f6netim kuruluna sahip, \u00f6nemli projeler hedefleyen Hekimo\u011flu Trabzon FK\u2019n\u0131n, bu projelerine katk\u0131s\u0131 sa\u011flayaca\u011f\u0131mdan dolay\u0131 olduk\u00e7a heyecanl\u0131y\u0131m. Ligin yap\u0131s\u0131na uygun kaliteli transferlerden kurulu bir tak\u0131ma sahibiz. Ben inan\u0131yorum ki hep birlikte ligi hedefledi\u011fimiz yerde bitirece\u011fiz. Allah\u2019\u0131n izniyle bize inanlar\u0131 mahcup etmeyece\u011fiz\u201d dedi.<\/p>\n<p>Avc\u0131\u2019n\u0131n yard\u0131mc\u0131l\u0131klar\u0131n\u0131 Ertunga Ku\u015fhan, Fatih Akt\u00fcrk ve Aslan Toklu yapacak. Kaleci antren\u00f6rl\u00fc\u011f\u00fc g\u00f6revini Murat Aslan, Analiz ve Scout birimlerinde ise Nebil Tekinarslan ve Onur \u00c7ebi \u00e7al\u0131\u015facak.<\/p>\n","protected":false},"excerpt":{"rendered":"<p>HEK\u0130MO\u011eLU TRABZON FK, TEKN\u0130K D\u0130REKT\u00d6R  MUSTAFA ALPER AVCI \u0130LE S\u00d6ZLE\u015eME \u0130MZALADI.<\/p>\n","protected":false},"author":1,"featured_media":191726,"comment_status":"closed","ping_status":"open","sticky":false,"template":"","format":"standard","meta":{"jetpack_post_was_ever_published":false,"_jetpack_newsletter_access":"","_jetpack_dont_email_post_to_subs":false,"_jetpack_newsletter_tier_id":0,"_jetpack_memberships_contains_paywalled_content":false,"_jetpack_memberships_contains_paid_content":false,"footnotes":"","jetpack_publicize_message":"","jetpack_publicize_feature_enabled":true,"jetpack_social_post_already_shared":true,"jetpack_social_options":{"image_generator_settings":{"template":"highway","default_image_id":0,"font":"","enabled":false},"version":2}},"categories":[657],"tags":[4605,7455,9594,9958,8417,4693,159],"class_list":["post-191725","post","type-post","status-publish","format-standard","has-post-thumbnail","hentry","category-spor","tag-trabzon","tag-alper","tag-avciya","tag-emanet","tag-fk","tag-hekimoglu","tag-mustafa"],"jetpack_publicize_connections":[],"jetpack_featured_media_url":"https:\/\/i0.wp.com\/www.tvturk.com\/wp-content\/uploads\/2019\/08\/hekimoglu-trabzon-fk-mustafa-alper-avciya-emanet_7d9b6f0.jpg?fit=1000%2C664","jetpack_sharing_enabled":true,"jetpack_shortlink":"https:\/\/wp.me\/paKIfm-NSl","_links":{"self":[{"href":"http:\/\/www.tvturk.com\/index.php\/wp-json\/wp\/v2\/posts\/191725","targetHints":{"allow":["GET"]}}],"collection":[{"href":"http:\/\/www.tvturk.com\/index.php\/wp-json\/wp\/v2\/posts"}],"about":[{"href":"http:\/\/www.tvturk.com\/index.php\/wp-json\/wp\/v2\/types\/post"}],"author":[{"embeddable":true,"href":"http:\/\/www.tvturk.com\/index.php\/wp-json\/wp\/v2\/users\/1"}],"replies":[{"embeddable":true,"href":"http:\/\/www.tvturk.com\/index.php\/wp-json\/wp\/v2\/comments?post=191725"}],"version-history":[{"count":0,"href":"http:\/\/www.tvturk.com\/index.php\/wp-json\/wp\/v2\/posts\/191725\/revisions"}],"wp:featuredmedia":[{"embeddable":true,"href":"http:\/\/www.tvturk.com\/index.php\/wp-json\/wp\/v2\/media\/191726"}],"wp:attachment":[{"href":"http:\/\/www.tvturk.com\/index.php\/wp-json\/wp\/v2\/media?parent=191725"}],"wp:term":[{"taxonomy":"category","embeddable":true,"href":"http:\/\/www.tvturk.com\/index.php\/wp-json\/wp\/v2\/categories?post=191725"},{"taxonomy":"post_tag","embeddable":true,"href":"http:\/\/www.tvturk.com\/index.php\/wp-json\/wp\/v2\/tags?post=191725"}],"curies":[{"name":"wp","href":"https:\/\/api.w.org\/{rel}","templated":true}]}}