{"id":191727,"date":"2019-08-08T13:32:37","date_gmt":"2019-08-08T10:32:37","guid":{"rendered":"http:\/\/www.tvturk.com\/index.php\/ziynet-sali-30-agustosta-gelilboluda-sahne-alacak\/"},"modified":"2019-08-08T13:32:37","modified_gmt":"2019-08-08T10:32:37","slug":"ziynet-sali-30-agustosta-gelilboluda-sahne-alacak","status":"publish","type":"post","link":"http:\/\/www.tvturk.com\/index.php\/ziynet-sali-30-agustosta-gelilboluda-sahne-alacak\/","title":{"rendered":"Ziynet Sali, 30 A\u011fustosta Gelilbolu\u2019da sahne alacak"},"content":{"rendered":"<p>30 A\u011fustos Zafer Bayram\u2019n\u0131n 97. y\u0131l d\u00f6n\u00fcm\u00fcnde Gelibolu Belediyesi ev sahipli\u011finde d\u00fczenlenecek halk konserinde T\u00fcrk pop m\u00fczi\u011finin g\u00fc\u00e7l\u00fc seslerinden Ziynet Sali sahne alacak. Bal\u0131khane Meydan\u0131nda sahne alacak.<\/p>\n<p>Gelibolu Belediyesi, 30 A\u011fustos Zafer Bayram\u0131n\u0131n 97.y\u0131ld\u00f6n\u00fcm\u00fcn\u00fc co\u015fku ile kutlamaya haz\u0131rlan\u0131yor. Pop \u015fark\u0131c\u0131s\u0131 Ziynet Sali, Bal\u0131khane Meydan\u0131nda konser verecek. Belediye Ba\u015fkan\u0131 Mustafa \u00d6zacar, il\u00e7e halk\u0131n\u0131 g\u00fcnd\u00fcz yap\u0131lacak resmi kutlamalar\u0131n ard\u0131ndan ak\u015fam d\u00fczenlenecek konsere kat\u0131lmaya davet etti.<\/p>\n","protected":false},"excerpt":{"rendered":"<p>30 A\u011eUSTOS ZAFER BAYRAMI\u2019NIN 97. YIL D\u00d6N\u00dcM\u00dcNDE GEL\u0130BOLU BELED\u0130YES\u0130 EV SAH\u0130PL\u0130\u011e\u0130NDE D\u00dcZENLENECEK HALK KONSER\u0130NDE, T\u00dcRK POP M\u00dcZ\u0130\u011e\u0130N\u0130N G\u00dc\u00c7L\u00dc SESLER\u0130NDEN Z\u0130YNET SAL\u0130, BALIKHANE MEYDANINDA SAHNE ALACAK.<\/p>\n","protected":false},"author":1,"featured_media":191728,"comment_status":"closed","ping_status":"open","sticky":false,"template":"","format":"standard","meta":{"jetpack_post_was_ever_published":false,"_jetpack_newsletter_access":"","_jetpack_dont_email_post_to_subs":false,"_jetpack_newsletter_tier_id":0,"_jetpack_memberships_contains_paywalled_content":false,"_jetpack_memberships_contains_paid_content":false,"footnotes":"","jetpack_publicize_message":"","jetpack_publicize_feature_enabled":true,"jetpack_social_post_already_shared":true,"jetpack_social_options":{"image_generator_settings":{"template":"highway","default_image_id":0,"font":"","enabled":false},"version":2}},"categories":[656],"tags":[34538,10559,47998,5135,447,1159],"class_list":["post-191727","post","type-post","status-publish","format-standard","has-post-thumbnail","hentry","category-kultur-sanat","tag-agustosta","tag-alacak","tag-gelilboluda","tag-sahne","tag-sali","tag-ziynet"],"jetpack_publicize_connections":[],"jetpack_featured_media_url":"https:\/\/i0.wp.com\/www.tvturk.com\/wp-content\/uploads\/2019\/08\/ziynet-sali-30-agustosta-gelilboluda-sahne-alacak_00279ee.jpg?fit=1000%2C750","jetpack_sharing_enabled":true,"jetpack_shortlink":"https:\/\/wp.me\/paKIfm-NSn","_links":{"self":[{"href":"http:\/\/www.tvturk.com\/index.php\/wp-json\/wp\/v2\/posts\/191727","targetHints":{"allow":["GET"]}}],"collection":[{"href":"http:\/\/www.tvturk.com\/index.php\/wp-json\/wp\/v2\/posts"}],"about":[{"href":"http:\/\/www.tvturk.com\/index.php\/wp-json\/wp\/v2\/types\/post"}],"author":[{"embeddable":true,"href":"http:\/\/www.tvturk.com\/index.php\/wp-json\/wp\/v2\/users\/1"}],"replies":[{"embeddable":true,"href":"http:\/\/www.tvturk.com\/index.php\/wp-json\/wp\/v2\/comments?post=191727"}],"version-history":[{"count":0,"href":"http:\/\/www.tvturk.com\/index.php\/wp-json\/wp\/v2\/posts\/191727\/revisions"}],"wp:featuredmedia":[{"embeddable":true,"href":"http:\/\/www.tvturk.com\/index.php\/wp-json\/wp\/v2\/media\/191728"}],"wp:attachment":[{"href":"http:\/\/www.tvturk.com\/index.php\/wp-json\/wp\/v2\/media?parent=191727"}],"wp:term":[{"taxonomy":"category","embeddable":true,"href":"http:\/\/www.tvturk.com\/index.php\/wp-json\/wp\/v2\/categories?post=191727"},{"taxonomy":"post_tag","embeddable":true,"href":"http:\/\/www.tvturk.com\/index.php\/wp-json\/wp\/v2\/tags?post=191727"}],"curies":[{"name":"wp","href":"https:\/\/api.w.org\/{rel}","templated":true}]}}