{"id":191735,"date":"2019-08-08T13:47:20","date_gmt":"2019-08-08T10:47:20","guid":{"rendered":"http:\/\/www.tvturk.com\/index.php\/cinar-kardeslere-olimpiyat-vizesi\/"},"modified":"2019-08-08T13:47:20","modified_gmt":"2019-08-08T10:47:20","slug":"cinar-kardeslere-olimpiyat-vizesi","status":"publish","type":"post","link":"http:\/\/www.tvturk.com\/index.php\/cinar-kardeslere-olimpiyat-vizesi\/","title":{"rendered":"\u00c7\u0131nar karde\u015flere olimpiyat vizesi"},"content":{"rendered":"<p>Enoshima-Japonya\u2019da d\u00fczenlenen 470 D\u00fcnya \u015eampiyonas\u0131\u2019nda Fo\u00e7al\u0131 olimpik milli yelkenciler Deniz ve Ate\u015f \u00c7\u0131nar karde\u015fler, 13. s\u0131ray\u0131 elde ederek 2020 Tokyo Olimpiyat Oyunlar\u0131 kotas\u0131 ald\u0131.<\/p>\n<p>25 \u00fclkeden 52 ekibin m\u00fccadele etti\u011fi 470 D\u00fcnya \u015eampiyonas\u0131\u2019nda, Fenerbah\u00e7e Do\u011fu\u015f Yelken sporcular\u0131 Deniz \u00c7\u0131nar-Ate\u015f \u00c7\u0131nar karde\u015fler, yar\u0131\u015flar\u0131 13. s\u0131rada tamamlad\u0131. \u00c7\u0131nar karde\u015fler, elde etti\u011fi dereceyle \u00fclkemize 470 s\u0131n\u0131f\u0131nda olimpiyat kotas\u0131n\u0131 getirdi.<\/p>\n<p>T\u00fcrkiye Yelken Federasyonu Ba\u015fkan\u0131 \u00d6zlem Akdurak, bir ay i\u00e7erisinde sporcular\u0131n\u0131n \u00fclkece b\u00fcy\u00fck gurur duyacaklar\u0131 \u00e7ok g\u00fczel ba\u015far\u0131lara imza att\u0131klar\u0131n\u0131 belirterek, &#8220;Olimpik milli sporcular\u0131m\u0131z 2020 Olimpiyat Oyunlar\u0131 i\u00e7in Finn ve Laser Radial s\u0131n\u0131flar\u0131ndan sonra 470 s\u0131n\u0131f\u0131nda da kota almay\u0131 ba\u015fard\u0131. \u00c7\u0131nar karde\u015fler, b\u00fcy\u00fck bir ba\u015far\u0131 g\u00f6stererek \u00fcst \u00fcste 4. kez olimpiyat oyunlar\u0131nda yar\u0131\u015facak. \u015eimdi kalan di\u011fer s\u0131n\u0131flarda kota almak i\u00e7in m\u00fccadele edece\u011fiz. Sporcular\u0131m\u0131z\u0131n bu s\u0131n\u0131flarda da kota alaca\u011f\u0131na g\u00f6n\u00fclden inan\u0131yorum&#8221; dedi.<\/p>\n","protected":false},"excerpt":{"rendered":"<p>ENOSH\u0130MA-JAPONYA\u2019DA D\u00dcZENLENEN 470 D\u00dcNYA \u015eAMP\u0130YONASINDA FO\u00c7ALI OL\u0130MP\u0130K M\u0130LL\u0130 SPORCULAR DEN\u0130Z VE ATE\u015e \u00c7INAR KARDE\u015eLER, 13. SIRAYI ELDE EDEREK 2020 TOKYO OL\u0130MP\u0130YAT OYUNLARI KOTASI ALDI.<\/p>\n","protected":false},"author":1,"featured_media":191736,"comment_status":"closed","ping_status":"open","sticky":false,"template":"","format":"standard","meta":{"jetpack_post_was_ever_published":false,"_jetpack_newsletter_access":"","_jetpack_dont_email_post_to_subs":false,"_jetpack_newsletter_tier_id":0,"_jetpack_memberships_contains_paywalled_content":false,"_jetpack_memberships_contains_paid_content":false,"footnotes":"","jetpack_publicize_message":"","jetpack_publicize_feature_enabled":true,"jetpack_social_post_already_shared":true,"jetpack_social_options":{"image_generator_settings":{"template":"highway","default_image_id":0,"font":"","enabled":false},"version":2}},"categories":[657],"tags":[5560,9799,48004,22323],"class_list":["post-191735","post","type-post","status-publish","format-standard","has-post-thumbnail","hentry","category-spor","tag-olimpiyat","tag-cinar","tag-kardeslere","tag-vizesi"],"jetpack_publicize_connections":[],"jetpack_featured_media_url":"https:\/\/i0.wp.com\/www.tvturk.com\/wp-content\/uploads\/2019\/08\/cinar-kardeslere-olimpiyat-vizesi_e69969d.jpg?fit=951%2C638","jetpack_sharing_enabled":true,"jetpack_shortlink":"https:\/\/wp.me\/paKIfm-NSv","_links":{"self":[{"href":"http:\/\/www.tvturk.com\/index.php\/wp-json\/wp\/v2\/posts\/191735","targetHints":{"allow":["GET"]}}],"collection":[{"href":"http:\/\/www.tvturk.com\/index.php\/wp-json\/wp\/v2\/posts"}],"about":[{"href":"http:\/\/www.tvturk.com\/index.php\/wp-json\/wp\/v2\/types\/post"}],"author":[{"embeddable":true,"href":"http:\/\/www.tvturk.com\/index.php\/wp-json\/wp\/v2\/users\/1"}],"replies":[{"embeddable":true,"href":"http:\/\/www.tvturk.com\/index.php\/wp-json\/wp\/v2\/comments?post=191735"}],"version-history":[{"count":0,"href":"http:\/\/www.tvturk.com\/index.php\/wp-json\/wp\/v2\/posts\/191735\/revisions"}],"wp:featuredmedia":[{"embeddable":true,"href":"http:\/\/www.tvturk.com\/index.php\/wp-json\/wp\/v2\/media\/191736"}],"wp:attachment":[{"href":"http:\/\/www.tvturk.com\/index.php\/wp-json\/wp\/v2\/media?parent=191735"}],"wp:term":[{"taxonomy":"category","embeddable":true,"href":"http:\/\/www.tvturk.com\/index.php\/wp-json\/wp\/v2\/categories?post=191735"},{"taxonomy":"post_tag","embeddable":true,"href":"http:\/\/www.tvturk.com\/index.php\/wp-json\/wp\/v2\/tags?post=191735"}],"curies":[{"name":"wp","href":"https:\/\/api.w.org\/{rel}","templated":true}]}}