{"id":191745,"date":"2019-08-08T14:02:00","date_gmt":"2019-08-08T11:02:00","guid":{"rendered":"http:\/\/www.tvturk.com\/index.php\/burdur-belediyesinden-bayram-temizligi\/"},"modified":"2019-08-08T14:02:00","modified_gmt":"2019-08-08T11:02:00","slug":"burdur-belediyesinden-bayram-temizligi","status":"publish","type":"post","link":"http:\/\/www.tvturk.com\/index.php\/burdur-belediyesinden-bayram-temizligi\/","title":{"rendered":"Burdur Belediyesi\u2019nden bayram temizli\u011fi"},"content":{"rendered":"<p>Burdur Belediyesi, yakla\u015fan Kurban Bayram\u0131 \u00f6ncesi Asri Mezarl\u0131k ve Sultandere Mezarl\u0131\u011f\u0131 ve K\u0131\u015fla Mahallesi\u2019nde mezarl\u0131k temizlik \u00e7al\u0131\u015fmas\u0131 ba\u015flatt\u0131.<\/p>\n<p>Burdur Belediyesi, yakla\u015fan Kurban Bayram\u0131 \u00f6ncesi Asri Mezarl\u0131k ve Sultandere Mezarl\u0131\u011f\u0131 ve K\u0131\u015fla Mahallesinde temizlik \u00e7al\u0131\u015fmas\u0131 ba\u015flatt\u0131. Burdur Belediyesi Park Bah\u00e7eler M\u00fcd\u00fcrl\u00fc\u011f\u00fc ile Temizlik \u0130\u015fleri M\u00fcd\u00fcrl\u00fc\u011f\u00fc\u2019ne ba\u011fl\u0131 ekipler Kurban Bayram\u0131\u2019nda vatanda\u015flar\u0131n rahat bir \u015fekilde mezarl\u0131k ziyareti yapabilmeleri i\u00e7in temizlik ve bak\u0131m \u00e7al\u0131\u015fmas\u0131na devam ediyor. \u00c7al\u0131\u015fma hakk\u0131nda bilgi veren Burdur Belediye Ba\u015fkan\u0131 Ali Orkun Ercengiz, \u201cMezarl\u0131k alanlar\u0131n\u0131 daha temiz ve d\u00fczenli hale getirmek i\u00e7in yollar, mezarlar ve oturma alanlar\u0131 temizlenip bak\u0131mlar\u0131 yap\u0131l\u0131yor. Vatanda\u015flar\u0131m\u0131z hayat\u0131n\u0131 kaybeden yak\u0131nlar\u0131n\u0131 temiz bir ortamda, huzur i\u00e7erisinde ziyaret edebilecekler. &#8221; dedi.<\/p>\n<p>Kurban Bayram\u0131 \u00f6ncesi Hayvan Pazar\u0131nda s\u00fcrd\u00fcr\u00fclen \u00e7al\u0131\u015fmalar hakk\u0131nda da bilgi veren Ba\u015fkan Ercengiz \u015f\u00f6yle devam etti: &#8221; Canl\u0131 Hayvan Pazar\u0131nda \u00e7at\u0131da onar\u0131mlar, Hayvan Pazar\u0131 i\u00e7erisindeki hayvanlar\u0131n bulundu\u011fu b\u00f6l\u00fcmlerin tamiratlar\u0131 giderildi, musluklar tak\u0131ld\u0131. Ayr\u0131ca Pazar d\u0131\u015f\u0131ndaki kuru otlar\u0131n temizlikleri yap\u0131ld\u0131. Vatanda\u015flar\u0131m\u0131z\u0131n bu t\u00fcr g\u00fcnlerde s\u0131k\u0131nt\u0131 ya\u015famamas\u0131n\u0131 istiyoruz. Kurban Bayram\u0131 \u00f6ncesinde hem vatanda\u015f hem de sat\u0131c\u0131lar\u0131n g\u00f6z\u00fc ile Pazar yerlerinin eksiklerinin giderilmesi i\u00e7in var g\u00fcc\u00fcm\u00fczle \u00e7al\u0131\u015fmaktay\u0131z. Ayr\u0131ca hayvan kesim noktalar\u0131nda kesim ihtiya\u00e7lar\u0131n\u0131 ve gereksinimlerini kar\u015f\u0131layacak \u00f6nlemleri ald\u0131k. Ald\u0131\u011f\u0131m\u0131z tedbirler vatanda\u015flar\u0131 ve sat\u0131c\u0131lar\u0131 mutlu edecek. Vatanda\u015flar\u0131m\u0131zdan belediye ekiplerine yard\u0131mc\u0131 olmalar\u0131n\u0131 istiyoruz. Kurban at\u0131klar\u0131 konusunda dikkatli olal\u0131m, cadde ve sokak aralar\u0131nda kesimler yapmayal\u0131m. Kurban Bayram\u0131 \u00f6ncesinde belediye olarak her anlamda \u00f6nlemlerimizi ald\u0131k, gerek hayvan pazar\u0131m\u0131z\u0131n gerekse bayram esnas\u0131nda kesim noktalar\u0131n\u0131n denetimlerini ger\u00e7ekle\u015ftirece\u011fiz. Kurban Bayram\u0131\u2019na kadar ve bayram boyunca bir\u00e7ok birimimiz haz\u0131r k\u0131ta \u00e7al\u0131\u015facak. T\u00fcm hem\u015ferilerimin Kurban Bayram\u0131 kutlar, sevdikleri ile birlikte sa\u011fl\u0131k ve mutluluk i\u00e7inde bir bayram ge\u00e7irmelerini diliyorum\u201d<\/p>\n","protected":false},"excerpt":{"rendered":"<p>BURDUR BELED\u0130YES\u0130\u2019NDEN BAYRAM TEM\u0130ZL\u0130\u011e\u0130 BURDUR BELED\u0130YES\u0130, YAKLA\u015eAN KURBAN BAYRAMI \u00d6NCES\u0130 ASR\u0130 MEZARLIK VE SULTANDERE MEZARLI\u011eI VE KI\u015eLA MAHALLES\u0130\u2019NDE MEZARLIK TEM\u0130ZL\u0130K \u00c7ALI\u015eMASI BA\u015eLATTI.<\/p>\n","protected":false},"author":1,"featured_media":191746,"comment_status":"closed","ping_status":"open","sticky":false,"template":"","format":"standard","meta":{"jetpack_post_was_ever_published":false,"_jetpack_newsletter_access":"","_jetpack_dont_email_post_to_subs":false,"_jetpack_newsletter_tier_id":0,"_jetpack_memberships_contains_paywalled_content":false,"_jetpack_memberships_contains_paid_content":false,"footnotes":"","jetpack_publicize_message":"","jetpack_publicize_feature_enabled":true,"jetpack_social_post_already_shared":true,"jetpack_social_options":{"image_generator_settings":{"template":"highway","default_image_id":0,"font":"","enabled":false},"version":2}},"categories":[1],"tags":[23995,119,21348,7452],"class_list":["post-191745","post","type-post","status-publish","format-standard","has-post-thumbnail","hentry","category-genel","tag-bayram","tag-belediyesinden","tag-burdur","tag-temizligi"],"jetpack_publicize_connections":[],"jetpack_featured_media_url":"https:\/\/i0.wp.com\/www.tvturk.com\/wp-content\/uploads\/2019\/08\/burdur-belediyesinden-bayram-temizligi_b069659.jpg?fit=1000%2C666","jetpack_sharing_enabled":true,"jetpack_shortlink":"https:\/\/wp.me\/paKIfm-NSF","_links":{"self":[{"href":"http:\/\/www.tvturk.com\/index.php\/wp-json\/wp\/v2\/posts\/191745","targetHints":{"allow":["GET"]}}],"collection":[{"href":"http:\/\/www.tvturk.com\/index.php\/wp-json\/wp\/v2\/posts"}],"about":[{"href":"http:\/\/www.tvturk.com\/index.php\/wp-json\/wp\/v2\/types\/post"}],"author":[{"embeddable":true,"href":"http:\/\/www.tvturk.com\/index.php\/wp-json\/wp\/v2\/users\/1"}],"replies":[{"embeddable":true,"href":"http:\/\/www.tvturk.com\/index.php\/wp-json\/wp\/v2\/comments?post=191745"}],"version-history":[{"count":0,"href":"http:\/\/www.tvturk.com\/index.php\/wp-json\/wp\/v2\/posts\/191745\/revisions"}],"wp:featuredmedia":[{"embeddable":true,"href":"http:\/\/www.tvturk.com\/index.php\/wp-json\/wp\/v2\/media\/191746"}],"wp:attachment":[{"href":"http:\/\/www.tvturk.com\/index.php\/wp-json\/wp\/v2\/media?parent=191745"}],"wp:term":[{"taxonomy":"category","embeddable":true,"href":"http:\/\/www.tvturk.com\/index.php\/wp-json\/wp\/v2\/categories?post=191745"},{"taxonomy":"post_tag","embeddable":true,"href":"http:\/\/www.tvturk.com\/index.php\/wp-json\/wp\/v2\/tags?post=191745"}],"curies":[{"name":"wp","href":"https:\/\/api.w.org\/{rel}","templated":true}]}}