{"id":191771,"date":"2019-08-08T14:32:59","date_gmt":"2019-08-08T11:32:59","guid":{"rendered":"http:\/\/www.tvturk.com\/index.php\/fenerbahce-yeni-sezon-hazirliklarini-suruduruyor\/"},"modified":"2019-08-08T14:32:59","modified_gmt":"2019-08-08T11:32:59","slug":"fenerbahce-yeni-sezon-hazirliklarini-suruduruyor","status":"publish","type":"post","link":"http:\/\/www.tvturk.com\/index.php\/fenerbahce-yeni-sezon-hazirliklarini-suruduruyor\/","title":{"rendered":"Fenerbah\u00e7e, yeni sezon haz\u0131rl\u0131klar\u0131n\u0131 s\u00fcr\u00fcd\u00fcr\u00fcyor"},"content":{"rendered":"<p>Fenerbah\u00e7e, yeni sezon haz\u0131rl\u0131klar\u0131n\u0131 sabah saatlerinde yapt\u0131\u011f\u0131 antrenmanla s\u00fcrd\u00fcrd\u00fc.<\/p>\n<p>Fenerbah\u00e7e Can Bartu Tesisleri\u2019nde, Teknik Direkt\u00f6r Ersun Yanal y\u00f6netiminde ger\u00e7ekle\u015ftirilen antrenman\u0131n ilk b\u00f6l\u00fcm\u00fcnde futbolcular salonda sakatl\u0131k \u00f6nleyici egzersiz \u00e7al\u0131\u015fmalar\u0131 yapt\u0131. D\u00fcn oynanan Cagliari ma\u00e7\u0131nda ilk 11 ba\u015flayan futbolcular rejenerasyon \u00e7al\u0131\u015fmas\u0131yla antrenman\u0131 tamamlarken, di\u011fer oyuncular ko\u015fu, \u0131s\u0131nma ve koordinasyon hareketleriyle idmana ba\u015flad\u0131. Pas \u00e7al\u0131\u015fmalar\u0131n\u0131n ard\u0131ndan dar alanda \u00e7ift kale ma\u00e7 yapan futbolcular, bireysel \u00e7al\u0131\u015fmalarla antrenman\u0131 sona erdirdi.<\/p>\n<p>Fenerbah\u00e7e, yeni sezon haz\u0131rl\u0131klar\u0131na yar\u0131n devam edecek.<\/p>\n","protected":false},"excerpt":{"rendered":"<p>FENERBAH\u00c7E, YEN\u0130 SEZON HAZIRLIKLARINI SABAH SAATLER\u0130NDE YAPTI\u011eI ANTRENMANLA S\u00dcRD\u00dcRD\u00dc.<\/p>\n","protected":false},"author":1,"featured_media":191772,"comment_status":"closed","ping_status":"open","sticky":false,"template":"","format":"standard","meta":{"jetpack_post_was_ever_published":false,"_jetpack_newsletter_access":"","_jetpack_dont_email_post_to_subs":false,"_jetpack_newsletter_tier_id":0,"_jetpack_memberships_contains_paywalled_content":false,"_jetpack_memberships_contains_paid_content":false,"footnotes":"","jetpack_publicize_message":"","jetpack_publicize_feature_enabled":true,"jetpack_social_post_already_shared":true,"jetpack_social_options":{"image_generator_settings":{"template":"highway","default_image_id":0,"font":"","enabled":false},"version":2}},"categories":[657],"tags":[2626,2628,4954,48012,87],"class_list":["post-191771","post","type-post","status-publish","format-standard","has-post-thumbnail","hentry","category-spor","tag-fenerbahce","tag-hazirliklarini","tag-sezon","tag-suruduruyor","tag-yeni"],"jetpack_publicize_connections":[],"jetpack_featured_media_url":"https:\/\/i0.wp.com\/www.tvturk.com\/wp-content\/uploads\/2019\/08\/fenerbahce-yeni-sezon-hazirliklarini-suruduruyor_bfa379f.jpg?fit=1000%2C704","jetpack_sharing_enabled":true,"jetpack_shortlink":"https:\/\/wp.me\/paKIfm-NT5","_links":{"self":[{"href":"http:\/\/www.tvturk.com\/index.php\/wp-json\/wp\/v2\/posts\/191771","targetHints":{"allow":["GET"]}}],"collection":[{"href":"http:\/\/www.tvturk.com\/index.php\/wp-json\/wp\/v2\/posts"}],"about":[{"href":"http:\/\/www.tvturk.com\/index.php\/wp-json\/wp\/v2\/types\/post"}],"author":[{"embeddable":true,"href":"http:\/\/www.tvturk.com\/index.php\/wp-json\/wp\/v2\/users\/1"}],"replies":[{"embeddable":true,"href":"http:\/\/www.tvturk.com\/index.php\/wp-json\/wp\/v2\/comments?post=191771"}],"version-history":[{"count":0,"href":"http:\/\/www.tvturk.com\/index.php\/wp-json\/wp\/v2\/posts\/191771\/revisions"}],"wp:featuredmedia":[{"embeddable":true,"href":"http:\/\/www.tvturk.com\/index.php\/wp-json\/wp\/v2\/media\/191772"}],"wp:attachment":[{"href":"http:\/\/www.tvturk.com\/index.php\/wp-json\/wp\/v2\/media?parent=191771"}],"wp:term":[{"taxonomy":"category","embeddable":true,"href":"http:\/\/www.tvturk.com\/index.php\/wp-json\/wp\/v2\/categories?post=191771"},{"taxonomy":"post_tag","embeddable":true,"href":"http:\/\/www.tvturk.com\/index.php\/wp-json\/wp\/v2\/tags?post=191771"}],"curies":[{"name":"wp","href":"https:\/\/api.w.org\/{rel}","templated":true}]}}