{"id":191785,"date":"2019-08-08T15:16:42","date_gmt":"2019-08-08T12:16:42","guid":{"rendered":"http:\/\/www.tvturk.com\/index.php\/dag-yamacinda-mahsur-kalan-keciyi-akut-kurtardi\/"},"modified":"2019-08-08T15:16:42","modified_gmt":"2019-08-08T12:16:42","slug":"dag-yamacinda-mahsur-kalan-keciyi-akut-kurtardi","status":"publish","type":"post","link":"http:\/\/www.tvturk.com\/index.php\/dag-yamacinda-mahsur-kalan-keciyi-akut-kurtardi\/","title":{"rendered":"Da\u011f yamac\u0131nda mahsur kalan ke\u00e7iyi AKUT kurtard\u0131"},"content":{"rendered":"<p>Mersin\u2019in Erdemli il\u00e7esinde da\u011f yamac\u0131nda mahsur kalan bir ke\u00e7i, AKUT ekibi taraf\u0131ndan kurtar\u0131ld\u0131.<\/p>\n<p>\u0130l\u00e7eye ba\u011fl\u0131 M\u00fc\u011fl\u00fc Mahallesi\u2019nin k\u0131rsal kesiminde, 1 ke\u00e7inin da\u011f yamac\u0131nda mahsur kald\u0131\u011f\u0131 ihbar\u0131n\u0131 alan AKUT Mersin ekibi harekete ge\u00e7ti. Ke\u00e7inin mahsur kald\u0131\u011f\u0131 da\u011fl\u0131k b\u00f6lgeye giden ekip, operasyon ba\u015flatt\u0131. Halatlarla ke\u00e7inin bulundu\u011fu yamaca inen AKUT \u00fcyeleri, ke\u00e7iyi yukar\u0131ya \u00e7\u0131karmay\u0131 ba\u015fard\u0131.<\/p>\n<p>Ke\u00e7iyi yap\u0131klar\u0131 ba\u015far\u0131l\u0131 operasyonla kurtaran ekip, sahibine sa\u011f salim teslim etti.<\/p>\n","protected":false},"excerpt":{"rendered":"<p>MERS\u0130N\u2019\u0130N ERDEML\u0130 \u0130L\u00c7ES\u0130 M\u00dc\u011eL\u00dc MAHALLES\u0130 KIRSALINDA DA\u011e YAMACINDA MAHSUR KALAN 1 KE\u00c7\u0130, AKUT MERS\u0130N EK\u0130B\u0130N\u0130N ZORLU M\u00dcCADELES\u0130 SONUCUNDA KURTARILDI.<\/p>\n","protected":false},"author":1,"featured_media":191786,"comment_status":"closed","ping_status":"open","sticky":false,"template":"","format":"standard","meta":{"jetpack_post_was_ever_published":false,"_jetpack_newsletter_access":"","_jetpack_dont_email_post_to_subs":false,"_jetpack_newsletter_tier_id":0,"_jetpack_memberships_contains_paywalled_content":false,"_jetpack_memberships_contains_paid_content":false,"footnotes":"","jetpack_publicize_message":"","jetpack_publicize_feature_enabled":true,"jetpack_social_post_already_shared":true,"jetpack_social_options":{"image_generator_settings":{"template":"highway","default_image_id":0,"font":"","enabled":false},"version":2}},"categories":[1],"tags":[4973,384,1274,1507,477,2381,7818],"class_list":["post-191785","post","type-post","status-publish","format-standard","has-post-thumbnail","hentry","category-genel","tag-akut","tag-dag","tag-kalan","tag-keciyi","tag-kurtardi","tag-mahsur","tag-yamacinda"],"jetpack_publicize_connections":[],"jetpack_featured_media_url":"https:\/\/i0.wp.com\/www.tvturk.com\/wp-content\/uploads\/2019\/08\/dag-yamacinda-mahsur-kalan-keciyi-akut-kurtardi_260d715.jpg?fit=1000%2C750","jetpack_sharing_enabled":true,"jetpack_shortlink":"https:\/\/wp.me\/paKIfm-NTj","_links":{"self":[{"href":"http:\/\/www.tvturk.com\/index.php\/wp-json\/wp\/v2\/posts\/191785","targetHints":{"allow":["GET"]}}],"collection":[{"href":"http:\/\/www.tvturk.com\/index.php\/wp-json\/wp\/v2\/posts"}],"about":[{"href":"http:\/\/www.tvturk.com\/index.php\/wp-json\/wp\/v2\/types\/post"}],"author":[{"embeddable":true,"href":"http:\/\/www.tvturk.com\/index.php\/wp-json\/wp\/v2\/users\/1"}],"replies":[{"embeddable":true,"href":"http:\/\/www.tvturk.com\/index.php\/wp-json\/wp\/v2\/comments?post=191785"}],"version-history":[{"count":0,"href":"http:\/\/www.tvturk.com\/index.php\/wp-json\/wp\/v2\/posts\/191785\/revisions"}],"wp:featuredmedia":[{"embeddable":true,"href":"http:\/\/www.tvturk.com\/index.php\/wp-json\/wp\/v2\/media\/191786"}],"wp:attachment":[{"href":"http:\/\/www.tvturk.com\/index.php\/wp-json\/wp\/v2\/media?parent=191785"}],"wp:term":[{"taxonomy":"category","embeddable":true,"href":"http:\/\/www.tvturk.com\/index.php\/wp-json\/wp\/v2\/categories?post=191785"},{"taxonomy":"post_tag","embeddable":true,"href":"http:\/\/www.tvturk.com\/index.php\/wp-json\/wp\/v2\/tags?post=191785"}],"curies":[{"name":"wp","href":"https:\/\/api.w.org\/{rel}","templated":true}]}}