{"id":191823,"date":"2019-08-08T16:02:02","date_gmt":"2019-08-08T13:02:02","guid":{"rendered":"http:\/\/www.tvturk.com\/index.php\/kucuk-huma-deprem-anini-gozyaslari-icinde-anlatti-her-sey-dustu-ablam-yatagin-altina-saklandi\/"},"modified":"2019-08-08T16:02:02","modified_gmt":"2019-08-08T13:02:02","slug":"kucuk-huma-deprem-anini-gozyaslari-icinde-anlatti-her-sey-dustu-ablam-yatagin-altina-saklandi","status":"publish","type":"post","link":"http:\/\/www.tvturk.com\/index.php\/kucuk-huma-deprem-anini-gozyaslari-icinde-anlatti-her-sey-dustu-ablam-yatagin-altina-saklandi\/","title":{"rendered":"K\u00fc\u00e7\u00fck H\u00fcma deprem an\u0131n\u0131 g\u00f6zya\u015flar\u0131 i\u00e7inde anlatt\u0131: &#8220;Her \u015fey d\u00fc\u015ft\u00fc, ablam yata\u011f\u0131n alt\u0131na sakland\u0131&#8221;"},"content":{"rendered":"<p>Denizli\u2019de meydana gelen 6.0 b\u00fcy\u00fckl\u00fc\u011f\u00fcnde deprem Burdur\u2019da da hissedildi. Oyun oynad\u0131\u011f\u0131 esnada meydana gelen depremden korkan 8 ya\u015f\u0131ndaki H\u00fcma \u00c7al\u0131\u015fkan g\u00f6zya\u015flar\u0131 i\u00e7inde, &#8220;Her \u015fey d\u00fc\u015ft\u00fc, her ev de dengesini kaybetti sallanba\u00e7ta. Ablam odaya geldi, deprem oluyor dedi ve yata\u011f\u0131n alt\u0131na sakland\u0131&#8221; dedi.<\/p>\n<p>\u0130zmir\u2019de sabah saatlerinde meydana gelen depremin ard\u0131ndan Denizli de art arda iki kez salland\u0131. \u0130lk olarak saat 14.19\u2019da 4,2 b\u00fcy\u00fckl\u00fc\u011f\u00fcnde deprem meydana geldi, ard\u0131ndan Bozkurt il\u00e7esinde saat 14.25\u2019te 6.0 b\u00fcy\u00fckl\u00fc\u011f\u00fcnde ikinci deprem meydana geldi. Afet ve Acil Durum Y\u00f6netimi Ba\u015fkanl\u0131\u011f\u0131n\u0131n (AFAD) internet sitesinde yer alan bilgiye g\u00f6re il\u00e7eye ba\u011fl\u0131 Armutalan\u0131 k\u00f6y\u00fcne 1,74 kilometre mesafede ya\u015fanan depremin 7,09 kilometre derinlikte meydana geldi\u011fi belirlendi.<\/p>\n<p>&#8220;\u0130lk belirlemelere g\u00f6re can kayb\u0131 yok&#8221;<\/p>\n<p>AFAD Denizli \u0130l M\u00fcd\u00fcr\u00fc Ali Etiz, Bozkurt il\u00e7esinde meydana gelen depremde ilk belirlemelere g\u00f6re, can kayb\u0131n\u0131n olmad\u0131\u011f\u0131n\u0131, binalardan \u00f6nemli bir y\u0131k\u0131lma haberinin de kendilerine ula\u015fmad\u0131\u011f\u0131n\u0131 s\u00f6yledi. Etiz, Bozkurt merkezli 6 \u015fiddetindeki depremin, bu il\u00e7e ile \u00c7ardak aras\u0131nda \u00e7ok fazla hissedildi\u011fini, depremin ard\u0131ndan muhtarlarla ilk g\u00f6r\u00fc\u015fmeleri yapt\u0131klar\u0131n\u0131 aktard\u0131. Deprem Antalya, Burdur ve Isparta\u2019da da hissedildi.<\/p>\n<p>&#8220;Halk soka\u011fa d\u00f6k\u00fcld\u00fc, bu sene 5 oldu&#8221;<\/p>\n<p>Burdur\u2019da hissedilen deprem vatanda\u015flar\u0131 panikletti. Sokakta bulunan vatanda\u015flar ara\u00e7lar\u0131ndan inerek ve duraksayarak ne oldu\u011funu anlamaya \u00e7al\u0131\u015ft\u0131, etraftaki binalara bakt\u0131. Tedirgin vatanda\u015flar hemen cep telefonlar\u0131yla yak\u0131nlar\u0131n\u0131 arad\u0131. Evinde oturan bir teyze depremi hissettikten sonra evlerinden \u00e7\u0131kt\u0131klar\u0131n\u0131 belirterek, &#8220;Evde oturuyordum, hemen \u00e7\u0131kt\u0131k. Korkudan sokaktay\u0131z&#8221; dedi.<\/p>\n<p>Bir ba\u015fka vatanda\u015f ise, &#8220;\u00c7ok fena hissettik, Denizli\u2019de olmu\u015f ama Burdur\u2019da \u00e7ok fazla hissettik, halk soka\u011fa \u00e7\u0131kt\u0131. Allah korusun bu sene be\u015f oldu. Allah afetten korusun&#8221; diye konu\u015ftu.<\/p>\n<p>Depremden en \u00e7ok etkilenen ise e\u015fyalar\u0131n yere d\u00fc\u015fmesinden korkan 8 ya\u015f\u0131ndaki H\u00fcma \u00c7al\u0131\u015fkan oldu. Oyun oynad\u0131\u011f\u0131 esnada meydana gelen depremden korkan k\u00fc\u00e7\u00fck k\u0131z g\u00f6zya\u015flar\u0131 i\u00e7inde, &#8220;Her \u015fey d\u00fc\u015ft\u00fc, her ev de dengesini kaybetti sallanba\u00e7ta. Ablam odaya geldi, deprem oluyor dedi ve yata\u011f\u0131n alt\u0131na sakland\u0131&#8221; dedi.<\/p>\n","protected":false},"excerpt":{"rendered":"<p>DEN\u0130ZL\u0130&#8217;DE MEYDANA GELEN 6.0 B\u00dcY\u00dcKL\u00dc\u011e\u00dcNDE DEPREM BURDUR&#8217;DA DA H\u0130SSED\u0130LD\u0130. OYUN OYNADI\u011eI ESNADA MEYDANA GELEN DEPREMDEN KORKAN 8 YA\u015eINDAK\u0130 H\u00dcMA \u00c7ALI\u015eKAN G\u00d6ZYA\u015eLARI \u0130\u00c7\u0130NDE, &#8220;HER \u015eEY D\u00dc\u015eT\u00dc, HER EV DE DENGES\u0130N\u0130 KAYBETT\u0130 SALLANBA\u00c7TA. ABLAM ODAYA GELD\u0130, DEPREM OLUYOR DED\u0130 VE YATA\u011eIN ALTINA SAKLANDI&#8221; DED\u0130.<\/p>\n","protected":false},"author":1,"featured_media":191824,"comment_status":"closed","ping_status":"open","sticky":false,"template":"","format":"standard","meta":{"jetpack_post_was_ever_published":false,"_jetpack_newsletter_access":"","_jetpack_dont_email_post_to_subs":false,"_jetpack_newsletter_tier_id":0,"_jetpack_memberships_contains_paywalled_content":false,"_jetpack_memberships_contains_paid_content":false,"footnotes":"","jetpack_publicize_message":"","jetpack_publicize_feature_enabled":true,"jetpack_social_post_already_shared":true,"jetpack_social_options":{"image_generator_settings":{"template":"highway","default_image_id":0,"font":"","enabled":false},"version":2}},"categories":[1],"tags":[48030,1186,20136,356,221,1613,5268,73,48029,4601,1166,48032,2550,48031],"class_list":["post-191823","post","type-post","status-publish","format-standard","has-post-thumbnail","hentry","category-genel","tag-ablam","tag-altina","tag-anini","tag-anlatti","tag-deprem","tag-dustu","tag-gozyaslari","tag-her","tag-huma","tag-icinde","tag-kucuk","tag-saklandi","tag-sey","tag-yatagin"],"jetpack_publicize_connections":[],"jetpack_featured_media_url":"https:\/\/i0.wp.com\/www.tvturk.com\/wp-content\/uploads\/2019\/08\/kucuk-huma-deprem-anini-gozyaslari-icinde-anlatti-her-sey-dustu-ablam-yatagin-altina-saklandi_8c873a3.jpg?fit=864%2C602","jetpack_sharing_enabled":true,"jetpack_shortlink":"https:\/\/wp.me\/paKIfm-NTV","_links":{"self":[{"href":"http:\/\/www.tvturk.com\/index.php\/wp-json\/wp\/v2\/posts\/191823","targetHints":{"allow":["GET"]}}],"collection":[{"href":"http:\/\/www.tvturk.com\/index.php\/wp-json\/wp\/v2\/posts"}],"about":[{"href":"http:\/\/www.tvturk.com\/index.php\/wp-json\/wp\/v2\/types\/post"}],"author":[{"embeddable":true,"href":"http:\/\/www.tvturk.com\/index.php\/wp-json\/wp\/v2\/users\/1"}],"replies":[{"embeddable":true,"href":"http:\/\/www.tvturk.com\/index.php\/wp-json\/wp\/v2\/comments?post=191823"}],"version-history":[{"count":0,"href":"http:\/\/www.tvturk.com\/index.php\/wp-json\/wp\/v2\/posts\/191823\/revisions"}],"wp:featuredmedia":[{"embeddable":true,"href":"http:\/\/www.tvturk.com\/index.php\/wp-json\/wp\/v2\/media\/191824"}],"wp:attachment":[{"href":"http:\/\/www.tvturk.com\/index.php\/wp-json\/wp\/v2\/media?parent=191823"}],"wp:term":[{"taxonomy":"category","embeddable":true,"href":"http:\/\/www.tvturk.com\/index.php\/wp-json\/wp\/v2\/categories?post=191823"},{"taxonomy":"post_tag","embeddable":true,"href":"http:\/\/www.tvturk.com\/index.php\/wp-json\/wp\/v2\/tags?post=191823"}],"curies":[{"name":"wp","href":"https:\/\/api.w.org\/{rel}","templated":true}]}}