{"id":191843,"date":"2019-08-08T16:46:12","date_gmt":"2019-08-08T13:46:12","guid":{"rendered":"http:\/\/www.tvturk.com\/index.php\/arfrinde-bombali-saldiri-2-olu-11-yarali\/"},"modified":"2019-08-08T16:56:14","modified_gmt":"2019-08-08T13:56:14","slug":"arfrinde-bombali-saldiri-2-olu-11-yarali","status":"publish","type":"post","link":"http:\/\/www.tvturk.com\/index.php\/arfrinde-bombali-saldiri-2-olu-11-yarali\/","title":{"rendered":"AFR\u0130N&#8217;DE BOMBALI SALDIRI: 2 \u00d6L\u00dc, 11 YARALI!"},"content":{"rendered":"<p>Suriye\u2019nin kuzeyindeki Afrin kentinde bomba y\u00fckl\u00fc motosikletin patlat\u0131lmas\u0131 sonucu 2 ki\u015fi \u00f6ld\u00fc, 11 ki\u015fi yaraland\u0131.<\/p>\n<p>Afrin\u2019deki Kava kav\u015fa\u011f\u0131nda bomba y\u00fckl\u00fc motosiklet ile sald\u0131r\u0131 ger\u00e7ekle\u015ftirildi. Sald\u0131r\u0131da 1\u2019i \u00e7ocuk 2 ki\u015fi hayat\u0131n\u0131 kaybetti, 11 ki\u015fi ise yaraland\u0131. Yaral\u0131lar, sa\u011fl\u0131k ekiplerince b\u00f6lgeden tahliye edilerek tedavi i\u00e7in hastanelere g\u00f6t\u00fcr\u00fcld\u00fc.<\/p>\n<p>Sald\u0131r\u0131y\u0131 hen\u00fcz \u00fcstlenen olmad\u0131.<\/p>\n","protected":false},"excerpt":{"rendered":"<p>AFR\u0130N KENT\u0130NDE BOMBA Y\u00dcKL\u00dc MOTOS\u0130KLET\u0130N PATLATILMASI SONUCU 2 K\u0130\u015e\u0130 \u00d6LD\u00dc, 11 K\u0130\u015e\u0130 YARALANDI.<\/p>\n","protected":false},"author":2,"featured_media":191844,"comment_status":"closed","ping_status":"open","sticky":false,"template":"","format":"standard","meta":{"jetpack_post_was_ever_published":false,"_jetpack_newsletter_access":"","_jetpack_dont_email_post_to_subs":false,"_jetpack_newsletter_tier_id":0,"_jetpack_memberships_contains_paywalled_content":false,"_jetpack_memberships_contains_paid_content":false,"footnotes":"","jetpack_publicize_message":"","jetpack_publicize_feature_enabled":true,"jetpack_social_post_already_shared":true,"jetpack_social_options":{"image_generator_settings":{"template":"highway","default_image_id":0,"font":"","enabled":false},"version":2}},"categories":[10],"tags":[48038,12971,1664,999,774],"class_list":["post-191843","post","type-post","status-publish","format-standard","has-post-thumbnail","hentry","category-dunya","tag-arfrinde","tag-bombali","tag-olu","tag-saldiri","tag-yarali"],"jetpack_publicize_connections":[],"jetpack_featured_media_url":"https:\/\/i0.wp.com\/www.tvturk.com\/wp-content\/uploads\/2019\/08\/arfrinde-bombali-saldiri-2-olu-11-yarali_c8844ba.jpg?fit=1000%2C485","jetpack_sharing_enabled":true,"jetpack_shortlink":"https:\/\/wp.me\/paKIfm-NUf","_links":{"self":[{"href":"http:\/\/www.tvturk.com\/index.php\/wp-json\/wp\/v2\/posts\/191843","targetHints":{"allow":["GET"]}}],"collection":[{"href":"http:\/\/www.tvturk.com\/index.php\/wp-json\/wp\/v2\/posts"}],"about":[{"href":"http:\/\/www.tvturk.com\/index.php\/wp-json\/wp\/v2\/types\/post"}],"author":[{"embeddable":true,"href":"http:\/\/www.tvturk.com\/index.php\/wp-json\/wp\/v2\/users\/2"}],"replies":[{"embeddable":true,"href":"http:\/\/www.tvturk.com\/index.php\/wp-json\/wp\/v2\/comments?post=191843"}],"version-history":[{"count":1,"href":"http:\/\/www.tvturk.com\/index.php\/wp-json\/wp\/v2\/posts\/191843\/revisions"}],"predecessor-version":[{"id":191850,"href":"http:\/\/www.tvturk.com\/index.php\/wp-json\/wp\/v2\/posts\/191843\/revisions\/191850"}],"wp:featuredmedia":[{"embeddable":true,"href":"http:\/\/www.tvturk.com\/index.php\/wp-json\/wp\/v2\/media\/191844"}],"wp:attachment":[{"href":"http:\/\/www.tvturk.com\/index.php\/wp-json\/wp\/v2\/media?parent=191843"}],"wp:term":[{"taxonomy":"category","embeddable":true,"href":"http:\/\/www.tvturk.com\/index.php\/wp-json\/wp\/v2\/categories?post=191843"},{"taxonomy":"post_tag","embeddable":true,"href":"http:\/\/www.tvturk.com\/index.php\/wp-json\/wp\/v2\/tags?post=191843"}],"curies":[{"name":"wp","href":"https:\/\/api.w.org\/{rel}","templated":true}]}}