{"id":191855,"date":"2019-08-08T17:16:35","date_gmt":"2019-08-08T14:16:35","guid":{"rendered":"http:\/\/www.tvturk.com\/index.php\/hayvan-pazari-artik-daha-kullanisli\/"},"modified":"2019-08-08T17:16:35","modified_gmt":"2019-08-08T14:16:35","slug":"hayvan-pazari-artik-daha-kullanisli","status":"publish","type":"post","link":"http:\/\/www.tvturk.com\/index.php\/hayvan-pazari-artik-daha-kullanisli\/","title":{"rendered":"Hayvan pazar\u0131 art\u0131k daha kullan\u0131\u015fl\u0131"},"content":{"rendered":"<p>\u0130neg\u00f6l Belediyesi kurban pazar\u0131nda yapt\u0131\u011f\u0131 d\u00fczenlemelerle hem kurbanl\u0131k sat\u0131c\u0131lar\u0131na, hem de vatanda\u015flara daha modern bir ortam sunuyor.<\/p>\n<p>Belediye, kurban bayram\u0131 \u00f6ncesi b\u00f6lgenin en b\u00fcy\u00fck hayvan pazarlar\u0131ndan biri olan \u0130neg\u00f6l Hayvan Pazar\u0131nda da baz\u0131 d\u00fczenlemeler yapt\u0131. Hem kurbanl\u0131k sat\u0131c\u0131lar\u0131na, hem de kurban almak i\u00e7in pazara gelen vatanda\u015flara daha modern bir alanda hizmet sunmak i\u00e7in yap\u0131lan d\u00fczenlemeler takdir toplad\u0131.<\/p>\n<p>\u0130lave kurbanl\u0131k y\u00fckleme rampalar\u0131ndan kurban sat\u0131c\u0131lar\u0131n\u0131n faydalanmas\u0131 i\u00e7in yap\u0131lan lavabo ve du\u015flar\u0131n yenilenmesine, kurban kesim alan\u0131 olu\u015fturulmas\u0131na, g\u00fcnl\u00fck temizlik \u00e7al\u0131\u015fmalar\u0131ndan pazar\u0131n yollar\u0131n\u0131n m\u0131c\u0131r d\u00f6k\u00fclerek d\u00fczenlenmesine kadar yap\u0131lan b\u00fct\u00fcn d\u00fczenlemeler, hayvan pazar\u0131nda daha kaliteli hizmetin sunulmas\u0131n\u0131 sa\u011fl\u0131yor.<\/p>\n<p>Belediye Ba\u015fkan\u0131 Alper Taban, \u201cB\u00f6lgenin en b\u00fcy\u00fck hayvan pazarlar\u0131ndan birine sahibiz. Burada hem kurbanl\u0131k sat\u0131c\u0131lar\u0131m\u0131z\u0131, hem de kurbanl\u0131k almak i\u00e7in gelen vatanda\u015flar\u0131m\u0131z\u0131 d\u00fc\u015f\u00fcnerek bir dizi d\u00fczenlemeler yapt\u0131k. Kurban bayram\u0131 \u00f6ncesi ve esnas\u0131nda vatanda\u015flar\u0131m\u0131z\u0131n konforunu artt\u0131rmaya y\u00f6nelik \u00e7al\u0131\u015fmalar\u0131m\u0131z, Fen \u0130\u015fleri M\u00fcd\u00fcrl\u00fc\u011f\u00fcm\u00fcz taraf\u0131ndan ger\u00e7ekle\u015ftirildi. Burada kurbanl\u0131k sat\u0131c\u0131lar\u0131m\u0131z yakla\u015f\u0131k 1 bu\u00e7uk boyunca gece g\u00fcnd\u00fcz konaklay\u0131p ya\u015famlar\u0131n\u0131 s\u00fcrd\u00fcr\u00fcyor. Bunu da d\u00fc\u015f\u00fcnerek \u015fartlar\u0131 iyile\u015ftirmek istedik. Hayvan pazar\u0131 kotralar\u0131na elektrik tesisat\u0131 kapsam\u0131nda kombinasyon montajlar\u0131 yap\u0131ld\u0131. Yine genel ayd\u0131nlatma yap\u0131ld\u0131 ve ayr\u0131ca 11 ayr\u0131 noktaya konulan santrif\u00fcjlere besleme hatt\u0131 \u00e7ekilip enerji verildi. Bu alanda kalan sat\u0131c\u0131 vatanda\u015flar\u0131m\u0131z\u0131n ma\u011fdur olmamalar\u0131 i\u00e7in du\u015flara da \u015fofben ve su bas\u0131nc\u0131n\u0131 artt\u0131rmak i\u00e7in hidrofor montaj\u0131 yap\u0131ld\u0131\u201d dedi.<\/p>\n<p>Taban, \u201cAlanda 6 saat greyder ve 6 saat beko-loder \u00e7al\u0131\u015ft\u0131r\u0131larak zemin temizleme i\u015flemi yap\u0131ld\u0131. \u00c7\u0131kan moloz da kamyonlarla kald\u0131r\u0131larak \u00fczerine 70 ton \u00e7ak\u0131l serimi yap\u0131l\u0131p d\u00fczleme i\u015flemi ger\u00e7ekle\u015ftirildi. Ayr\u0131ca her g\u00fcn sabah ve ak\u015fam saatlerinde i\u015f makinelerimizle hayvan pislikleri de alandan temizleniyor. Bu sayede b\u00f6lgede koku ve k\u00f6t\u00fc g\u00f6r\u00fcnt\u00fcn\u00fcn \u00f6nlenmesini hedefledik\u201d diye konu\u015ftu.<\/p>\n","protected":false},"excerpt":{"rendered":"<p>\u0130NEG\u00d6L BELED\u0130YES\u0130 KURBAN PAZARINDA YAPTI\u011eI D\u00dcZENLEMELERLE HEM KURBANLIK SATICILARINA, HEM DE VATANDA\u015eLARA DAHA MODERN B\u0130R ORTAM SUNUYOR.<\/p>\n","protected":false},"author":1,"featured_media":191856,"comment_status":"closed","ping_status":"open","sticky":false,"template":"","format":"standard","meta":{"jetpack_post_was_ever_published":false,"_jetpack_newsletter_access":"","_jetpack_dont_email_post_to_subs":false,"_jetpack_newsletter_tier_id":0,"_jetpack_memberships_contains_paywalled_content":false,"_jetpack_memberships_contains_paid_content":false,"footnotes":"","jetpack_publicize_message":"","jetpack_publicize_feature_enabled":true,"jetpack_social_post_already_shared":true,"jetpack_social_options":{"image_generator_settings":{"template":"highway","default_image_id":0,"font":"","enabled":false},"version":2}},"categories":[1],"tags":[2058,1018,3049,48043,43],"class_list":["post-191855","post","type-post","status-publish","format-standard","has-post-thumbnail","hentry","category-genel","tag-artik","tag-daha","tag-hayvan","tag-kullanisli","tag-pazari"],"jetpack_publicize_connections":[],"jetpack_featured_media_url":"https:\/\/i0.wp.com\/www.tvturk.com\/wp-content\/uploads\/2019\/08\/hayvan-pazari-artik-daha-kullanisli_2f557b0.jpg?fit=1000%2C666","jetpack_sharing_enabled":true,"jetpack_shortlink":"https:\/\/wp.me\/paKIfm-NUr","_links":{"self":[{"href":"http:\/\/www.tvturk.com\/index.php\/wp-json\/wp\/v2\/posts\/191855","targetHints":{"allow":["GET"]}}],"collection":[{"href":"http:\/\/www.tvturk.com\/index.php\/wp-json\/wp\/v2\/posts"}],"about":[{"href":"http:\/\/www.tvturk.com\/index.php\/wp-json\/wp\/v2\/types\/post"}],"author":[{"embeddable":true,"href":"http:\/\/www.tvturk.com\/index.php\/wp-json\/wp\/v2\/users\/1"}],"replies":[{"embeddable":true,"href":"http:\/\/www.tvturk.com\/index.php\/wp-json\/wp\/v2\/comments?post=191855"}],"version-history":[{"count":0,"href":"http:\/\/www.tvturk.com\/index.php\/wp-json\/wp\/v2\/posts\/191855\/revisions"}],"wp:featuredmedia":[{"embeddable":true,"href":"http:\/\/www.tvturk.com\/index.php\/wp-json\/wp\/v2\/media\/191856"}],"wp:attachment":[{"href":"http:\/\/www.tvturk.com\/index.php\/wp-json\/wp\/v2\/media?parent=191855"}],"wp:term":[{"taxonomy":"category","embeddable":true,"href":"http:\/\/www.tvturk.com\/index.php\/wp-json\/wp\/v2\/categories?post=191855"},{"taxonomy":"post_tag","embeddable":true,"href":"http:\/\/www.tvturk.com\/index.php\/wp-json\/wp\/v2\/tags?post=191855"}],"curies":[{"name":"wp","href":"https:\/\/api.w.org\/{rel}","templated":true}]}}