{"id":191895,"date":"2019-08-08T19:01:51","date_gmt":"2019-08-08T16:01:51","guid":{"rendered":"http:\/\/www.tvturk.com\/index.php\/afadin-sel-tatbikati-gercegi-aratmadi\/"},"modified":"2019-08-08T19:01:51","modified_gmt":"2019-08-08T16:01:51","slug":"afadin-sel-tatbikati-gercegi-aratmadi","status":"publish","type":"post","link":"http:\/\/www.tvturk.com\/index.php\/afadin-sel-tatbikati-gercegi-aratmadi\/","title":{"rendered":"AFAD\u2019\u0131n sel tatbikat\u0131 ger\u00e7e\u011fi aratmad\u0131"},"content":{"rendered":"<p>Karab\u00fck \u0130l Afet ve Acil Durum M\u00fcd\u00fcrl\u00fc\u011f\u00fc ekipleri taraf\u0131ndan, sivil toplum kurulu\u015flar\u0131n\u0131n da kat\u0131l\u0131m\u0131yla bo\u011fulma, kaybolma, sel ve su bask\u0131nlar\u0131na kar\u015f\u0131 kurtarma tatbikat\u0131 ger\u00e7ekle\u015ftirildi.<\/p>\n<p>AFAD koordinasyonunda Safranbolu il\u00e7esine ba\u011fl\u0131 Kad\u0131b\u00fck\u00fc k\u00f6y\u00fc yak\u0131nlar\u0131ndan ge\u00e7en derede yap\u0131lan tatbikata jandarma, polis, itfaiye, UMKE, \u0130l Sa\u011fl\u0131k M\u00fcd\u00fcrl\u00fc\u011f\u00fc, 112 Acil \u00c7a\u011fr\u0131 Merkezi, Devlet Su \u0130\u015fleri, \u0130l Tar\u0131m ve Orman M\u00fcd\u00fcrl\u00fc\u011f\u00fc, \u00c7evre ve \u015eehircilik M\u00fcd\u00fcrl\u00fc\u011f\u00fc, T\u00fcrk K\u0131z\u0131lay ile Telekom, do\u011fal gaz ve elektrik da\u011f\u0131t\u0131m \u015firketlerinde g\u00f6revli personel kat\u0131ld\u0131. Vali Fuat G\u00fcrel, Safranbolu Kaymakam\u0131 Fatih \u00dcrkmezer, \u0130l Emniyet M\u00fcd\u00fcr\u00fc S\u0131rr\u0131 Tu\u011f, \u0130l Jandarma Komutan\u0131 Albay Ali Sefa Y\u0131lmaz, \u0130l Sa\u011fl\u0131k M\u00fcd\u00fcr\u00fc Ahmet Sar\u0131, Karab\u00fck AFAD M\u00fcd\u00fcr\u00fc Gazanfer Erbay ve di\u011fer yetkililerin de izledi\u011fi tatbikat ger\u00e7e\u011fi aratmad\u0131.<\/p>\n<p>Tatbikatta senaryo gere\u011fi olas\u0131 bir sel felaketinden dolay\u0131 mahsur kald\u0131\u011f\u0131 bilgisi \u00fczerine olay yerine AFAD ekipleri sevk edildi. Ula\u015f\u0131lmas\u0131 g\u00fc\u00e7 alanlarda kalanlar e\u011fitimli k\u00f6peklerin de deste\u011fiyle bulunarak sedye ve halatlar yard\u0131m\u0131yla kurtar\u0131ld\u0131 ve en yak\u0131n hastanelere ula\u015ft\u0131r\u0131ld\u0131. Mahsur kalan vatanda\u015flara ula\u015fan ekipler kurtarma e\u011fitimi yapt\u0131. Ayr\u0131ca trafik kazas\u0131ndan suya u\u00e7an bir ara\u00e7tan yaral\u0131lar\u0131n kurtar\u0131lmas\u0131na dair tatbikat da ger\u00e7ekle\u015ftirildi. Ger\u00e7e\u011fi aratmayan tatbikat ile kurumlar aras\u0131 koordinenin h\u0131zl\u0131 bir \u015fekilde yap\u0131lmas\u0131n\u0131n sa\u011flamas\u0131 ama\u00e7land\u0131.<\/p>\n<p>Tatbikat sonras\u0131 gazetecilere a\u00e7\u0131klama yapan Karab\u00fck Valisi Fuat G\u00fcrel, Denizli\u2019de meydana gelen deprem i\u00e7in ge\u00e7mi\u015f olsun dileklerini ileterek, \u201cTam da biz b\u00f6yle bir afet ba\u015f\u0131m\u0131za geldi\u011finde nelerle kar\u015f\u0131la\u015fabilece\u011fimizi \u00f6nceden g\u00f6r\u00fcp kurumlar\u0131n koordinesini sa\u011flay\u0131p h\u0131zl\u0131 bir \u015fekilde olay mahalline intikal etmek ad\u0131na neler gerekiyor diye konu\u015fmak ad\u0131na bir tatbikat planlad\u0131k. Sel afeti sonucunda bir k\u0131s\u0131m insanlar\u0131n mahsur kald\u0131\u011f\u0131 bir k\u0131s\u0131m s\u0131k\u0131nt\u0131lar oldu\u011funu \u00f6\u011frendi\u011fimiz andan itibaren AFAD Ba\u015fkanl\u0131\u011f\u0131nda b\u00fct\u00fcn kurumlar\u0131m\u0131z olay mahalline intikal ettirilmesi orada gerekli tedbirlerin al\u0131nmas\u0131 gibi \u00e7al\u0131\u015fmalar\u0131 g\u00f6rmek ad\u0131na bir tatbikat yap\u0131ld\u0131. Ba\u015far\u0131l\u0131 bir \u015fekilde sonu\u00e7land\u0131r\u0131ld\u0131 ama bu tabi planl\u0131 ve haberli bir tatbikatt\u0131. Bundan sonraki s\u00fcre\u00e7te plans\u0131z ve habersiz tatbikat yapaca\u011f\u0131z. Bu deprem olabilir, trafik kazas\u0131 olabilir. Kurumlar\u0131n koordinesini gerektiren bu t\u00fcr afetlerde yada olaylarda g\u00fcvenli\u011fi sa\u011flayabilmek ad\u0131na i\u015fleri nas\u0131l ba\u015farabiliriz. Bug\u00fcn ayn\u0131 zamanda tecr\u00fcbe edinildi. Bundan sonra in\u015fallah ihtiya\u00e7 olmaz ama ihtiya\u00e7 oldu\u011funda arkada\u015flar\u0131m\u0131z\u0131n h\u0131zl\u0131 bir \u015fekilde m\u00fcdahalesini sa\u011flamak ad\u0131na tatbikat yap\u0131ld\u0131. \u0130n\u015fallah bu t\u00fcr s\u0131k\u0131nt\u0131lar ba\u015f\u0131m\u0131za gelmez. Geldi\u011finde tedbirimiz \u015fimdiden planlamay\u0131 d\u00fc\u015f\u00fcn\u00fcyoruz\u201d diye konu\u015ftu.<\/p>\n","protected":false},"excerpt":{"rendered":"<p>KARAB\u00dcK \u0130L AFET VE AC\u0130L DURUM M\u00dcD\u00dcRL\u00dc\u011e\u00dc EK\u0130PLER\u0130 TARAFINDAN, S\u0130V\u0130L TOPLUM KURULU\u015eLARININ DA KATILIMIYLA BO\u011eULMA, KAYBOLMA, SEL VE SU BASKINLARINA KAR\u015eI KURTARMA TATB\u0130KATI GER\u00c7EKLE\u015eT\u0130R\u0130LD\u0130.<\/p>\n","protected":false},"author":1,"featured_media":191896,"comment_status":"closed","ping_status":"open","sticky":false,"template":"","format":"standard","meta":{"jetpack_post_was_ever_published":false,"_jetpack_newsletter_access":"","_jetpack_dont_email_post_to_subs":false,"_jetpack_newsletter_tier_id":0,"_jetpack_memberships_contains_paywalled_content":false,"_jetpack_memberships_contains_paid_content":false,"footnotes":"","jetpack_publicize_message":"","jetpack_publicize_feature_enabled":true,"jetpack_social_post_already_shared":true,"jetpack_social_options":{"image_generator_settings":{"template":"highway","default_image_id":0,"font":"","enabled":false},"version":2}},"categories":[1],"tags":[695,20951,732,219,222],"class_list":["post-191895","post","type-post","status-publish","format-standard","has-post-thumbnail","hentry","category-genel","tag-sel","tag-afadin","tag-aratmadi","tag-gercegi","tag-tatbikati"],"jetpack_publicize_connections":[],"jetpack_featured_media_url":"https:\/\/i0.wp.com\/www.tvturk.com\/wp-content\/uploads\/2019\/08\/afadin-sel-tatbikati-gercegi-aratmadi_355a333.jpg?fit=1000%2C562","jetpack_sharing_enabled":true,"jetpack_shortlink":"https:\/\/wp.me\/paKIfm-NV5","_links":{"self":[{"href":"http:\/\/www.tvturk.com\/index.php\/wp-json\/wp\/v2\/posts\/191895","targetHints":{"allow":["GET"]}}],"collection":[{"href":"http:\/\/www.tvturk.com\/index.php\/wp-json\/wp\/v2\/posts"}],"about":[{"href":"http:\/\/www.tvturk.com\/index.php\/wp-json\/wp\/v2\/types\/post"}],"author":[{"embeddable":true,"href":"http:\/\/www.tvturk.com\/index.php\/wp-json\/wp\/v2\/users\/1"}],"replies":[{"embeddable":true,"href":"http:\/\/www.tvturk.com\/index.php\/wp-json\/wp\/v2\/comments?post=191895"}],"version-history":[{"count":0,"href":"http:\/\/www.tvturk.com\/index.php\/wp-json\/wp\/v2\/posts\/191895\/revisions"}],"wp:featuredmedia":[{"embeddable":true,"href":"http:\/\/www.tvturk.com\/index.php\/wp-json\/wp\/v2\/media\/191896"}],"wp:attachment":[{"href":"http:\/\/www.tvturk.com\/index.php\/wp-json\/wp\/v2\/media?parent=191895"}],"wp:term":[{"taxonomy":"category","embeddable":true,"href":"http:\/\/www.tvturk.com\/index.php\/wp-json\/wp\/v2\/categories?post=191895"},{"taxonomy":"post_tag","embeddable":true,"href":"http:\/\/www.tvturk.com\/index.php\/wp-json\/wp\/v2\/tags?post=191895"}],"curies":[{"name":"wp","href":"https:\/\/api.w.org\/{rel}","templated":true}]}}