{"id":191925,"date":"2019-08-08T22:46:29","date_gmt":"2019-08-08T19:46:29","guid":{"rendered":"http:\/\/www.tvturk.com\/index.php\/denizli-depreminde-itfaiye-erini-soke-eden-ihbar\/"},"modified":"2019-08-08T22:46:29","modified_gmt":"2019-08-08T19:46:29","slug":"denizli-depreminde-itfaiye-erini-soke-eden-ihbar","status":"publish","type":"post","link":"http:\/\/www.tvturk.com\/index.php\/denizli-depreminde-itfaiye-erini-soke-eden-ihbar\/","title":{"rendered":"Denizli depreminde itfaiye erini \u015foke eden ihbar"},"content":{"rendered":"<p>Denizli\u2019nin Bozkurt il\u00e7esinde meydana gelen 6.0 b\u00fcy\u00fckl\u00fc\u011f\u00fcndeki depremin \u00e7at\u0131 \u00e7\u00f6kmesi ihbar\u0131na giden itfaiye eri, gittikleri adresin kendi evi oldu\u011funu g\u00f6r\u00fcnce b\u00fcy\u00fck \u015fok ya\u015fad\u0131. \u0130tfaiye eri \u00e7at\u0131s\u0131 \u00e7\u00f6ken evinde meslek hayat\u0131n\u0131n en ac\u0131 g\u00f6revini yerine getirdi.<\/p>\n<p>Denizli \u00f6\u011flen saatlerinde merkez \u00fcss\u00fc Bozkurt il\u00e7esi olan 6.0 b\u00fcy\u00fckl\u00fc\u011f\u00fcnde depremle sars\u0131ld\u0131. Depremde Bozkurt, \u00c7ardak ve Baklan il\u00e7elerinde bir\u00e7ok yap\u0131da zarar meydana geldi. Depremin en ilgin\u00e7 anlar\u0131ndan birisi ise itfaiye eri \u00d6zg\u00fcr Bekta\u015f\u2019\u0131n ba\u015f\u0131na gelen olay oldu. Deprem olduktan sonra komuta merkezini araya ihbarc\u0131 evin tavan\u0131n\u0131n \u00e7\u00f6kt\u00fc\u011f\u00fcn\u00fc s\u00f6yledi. Komuta merkezi ise adresi Denizli B\u00fcy\u00fck\u015fehir Belediyesi \u0130tfaiye Daire Ba\u015fkanl\u0131\u011f\u0131 Bozkurt ekibine bildirdi. Bekta\u015f ise adresten habersiz bir \u015fekilde ekip arkada\u015flar\u0131 ile olay yerine gittiklerinde b\u00fcy\u00fck bir \u015fokla kar\u015f\u0131la\u015ft\u0131. Bekta\u015f gitti\u011fi adreste \u00e7at\u0131s\u0131 \u00e7\u00f6ken evin kendi evi oldu\u011funu g\u00f6rd\u00fc. Ard\u0131ndan eve giren Bekta\u015f evin \u00e7at\u0131s\u0131nda \u00e7\u00f6kme olmayan odas\u0131ndaki iki \u00e7ocu\u011funu d\u0131\u015far\u0131 \u00e7\u0131kard\u0131. \u00c7at\u0131 k\u0131sm\u0131nda \u00e7\u00f6kme olan di\u011fer odaya giren Bekta\u015f daha sonra b\u00fcy\u00fck bir \u00fcz\u00fcnt\u00fc ile evinin i\u00e7inde dola\u015farak \u00e7\u00f6kme olan yerleri inceledi.<\/p>\n<p>Meydana gelen olayda Be\u015fta\u015f\u2019\u0131n e\u015fyalar\u0131n\u0131n da zarar g\u00f6rd\u00fc\u011f\u00fc ve ciddi miktarda maddi zarar meydana geldi\u011fi \u00f6\u011frenildi.<\/p>\n","protected":false},"excerpt":{"rendered":"<p>DEN\u0130ZL\u0130\u2019N\u0130N BOZKURT \u0130L\u00c7ES\u0130NDE MEYDANA GELEN 6.0 B\u00dcY\u00dcKL\u00dc\u011e\u00dcNDEK\u0130 DEPREM\u0130N \u00c7ATI \u00c7\u00d6KMES\u0130 \u0130HBARINA G\u0130DEN \u0130TFA\u0130YE ER\u0130, G\u0130TT\u0130KLER\u0130 ADRES\u0130N KEND\u0130 EV\u0130 OLDU\u011eUNU G\u00d6R\u00dcNCE B\u00dcY\u00dcK \u015eOK YA\u015eADI. \u0130TFA\u0130YE ER\u0130 \u00c7ATISI \u00c7\u00d6KEN EV\u0130NDE MESLEK HAYATININ EN ACI G\u00d6REV\u0130N\u0130 YER\u0130NE GET\u0130RD\u0130.<\/p>\n","protected":false},"author":1,"featured_media":191926,"comment_status":"closed","ping_status":"open","sticky":false,"template":"","format":"standard","meta":{"jetpack_post_was_ever_published":false,"_jetpack_newsletter_access":"","_jetpack_dont_email_post_to_subs":false,"_jetpack_newsletter_tier_id":0,"_jetpack_memberships_contains_paywalled_content":false,"_jetpack_memberships_contains_paid_content":false,"footnotes":"","jetpack_publicize_message":"","jetpack_publicize_feature_enabled":true,"jetpack_social_post_already_shared":true,"jetpack_social_options":{"image_generator_settings":{"template":"highway","default_image_id":0,"font":"","enabled":false},"version":2}},"categories":[1],"tags":[2553,48063,2393,48064,8816,764,165],"class_list":["post-191925","post","type-post","status-publish","format-standard","has-post-thumbnail","hentry","category-genel","tag-denizli","tag-depreminde","tag-eden","tag-erini","tag-ihbar","tag-itfaiye","tag-soke"],"jetpack_publicize_connections":[],"jetpack_featured_media_url":"https:\/\/i0.wp.com\/www.tvturk.com\/wp-content\/uploads\/2019\/08\/denizli-depreminde-itfaiye-erini-soke-eden-ihbar_b2a746e.jpg?fit=1000%2C873","jetpack_sharing_enabled":true,"jetpack_shortlink":"https:\/\/wp.me\/paKIfm-NVz","_links":{"self":[{"href":"http:\/\/www.tvturk.com\/index.php\/wp-json\/wp\/v2\/posts\/191925","targetHints":{"allow":["GET"]}}],"collection":[{"href":"http:\/\/www.tvturk.com\/index.php\/wp-json\/wp\/v2\/posts"}],"about":[{"href":"http:\/\/www.tvturk.com\/index.php\/wp-json\/wp\/v2\/types\/post"}],"author":[{"embeddable":true,"href":"http:\/\/www.tvturk.com\/index.php\/wp-json\/wp\/v2\/users\/1"}],"replies":[{"embeddable":true,"href":"http:\/\/www.tvturk.com\/index.php\/wp-json\/wp\/v2\/comments?post=191925"}],"version-history":[{"count":0,"href":"http:\/\/www.tvturk.com\/index.php\/wp-json\/wp\/v2\/posts\/191925\/revisions"}],"wp:featuredmedia":[{"embeddable":true,"href":"http:\/\/www.tvturk.com\/index.php\/wp-json\/wp\/v2\/media\/191926"}],"wp:attachment":[{"href":"http:\/\/www.tvturk.com\/index.php\/wp-json\/wp\/v2\/media?parent=191925"}],"wp:term":[{"taxonomy":"category","embeddable":true,"href":"http:\/\/www.tvturk.com\/index.php\/wp-json\/wp\/v2\/categories?post=191925"},{"taxonomy":"post_tag","embeddable":true,"href":"http:\/\/www.tvturk.com\/index.php\/wp-json\/wp\/v2\/tags?post=191925"}],"curies":[{"name":"wp","href":"https:\/\/api.w.org\/{rel}","templated":true}]}}