{"id":191952,"date":"2019-08-09T09:31:45","date_gmt":"2019-08-09T06:31:45","guid":{"rendered":"http:\/\/www.tvturk.com\/index.php\/ankara-sehir-hastanesinde-bir-ilk-daha\/"},"modified":"2019-08-09T09:31:45","modified_gmt":"2019-08-09T06:31:45","slug":"ankara-sehir-hastanesinde-bir-ilk-daha","status":"publish","type":"post","link":"http:\/\/www.tvturk.com\/index.php\/ankara-sehir-hastanesinde-bir-ilk-daha\/","title":{"rendered":"Ankara \u015eehir Hastanesinde bir ilk daha"},"content":{"rendered":"<p>Ankara \u015eehir Hastanesinde G\u00f6\u011f\u00fcs Cerrahisi Uzmanlar\u0131 bir ilke daha imza att\u0131.<\/p>\n<p>Eski\u015fehir den Ankara\u2019ya e\u015fi \u0130smail Varal ile birlikte tedavi i\u00e7in gelen Ay\u015fenur Varal, Ankara \u015eehir Hastanesinde Do\u00e7. Doktor Erdal Yelkeler  ve ekibinin yapt\u0131\u011f\u0131 ba\u015far\u0131l\u0131 ameliyat sonucunda 7 ay sonra yemek yedi, su i\u00e7ti ve d\u00fczg\u00fcn nefes almaya ba\u015flad\u0131.<\/p>\n<p>Ameliyat\u0131n zor ve nadir oldu\u011funu belirten Ankara \u015eehir Hastanesi G\u00f6\u011f\u00fcs Cerrahisi uzman\u0131 ve Do\u00e7. Doktor Erdal Yelkeler, \u201c Asl\u0131nda nefes borusu ameliyatlar\u0131nda g\u00f6\u011f\u00fcs cerrahisini yapt\u0131\u011f\u0131 nadir ve \u00e7ok zor i\u015flerden bir tanesidir. Nefes borusunda en s\u0131k kar\u015f\u0131la\u015ft\u0131\u011f\u0131m\u0131z  ameliyat gerektiren, daha \u00e7ok yo\u011fun bak\u0131mda kalm\u0131\u015f hastalarda ortaya \u00e7\u0131kan nefes borusu darl\u0131klar\u0131d\u0131r. Yo\u011fun bak\u0131mda uzun s\u00fcre yatan hastalarda \u00f6zellikle solunum cihaz\u0131na ba\u011fl\u0131 hastalarda, nefes borusuna yerle\u015ftirdi\u011fimiz t\u00fcpler var, bu t\u00fcp\u00fcn uzun s\u00fcre kalmas\u0131 neticesinde nefes borusunda darl\u0131klar ortaya \u00e7\u0131kmaktad\u0131r. Nefes borusunda yapt\u0131\u011f\u0131m\u0131z di\u011fer b\u00fcy\u00fck t\u00fcm\u00f6r, yani kanserleri veya iyi huylu t\u00fcm\u00f6rleri s\u0131ralayabiliriz\u201d \u015feklinde konu\u015ftu.<\/p>\n<p>\u201cAy\u015fenur  han\u0131m 7 ayd\u0131r yemek yiyemiyor, su i\u00e7emiyordu\u201d<\/p>\n<p>Hastal\u0131k hakk\u0131nda bilgiler veren Yelkeler, s\u00f6zlerine \u015f\u00f6yle devam etti,\u201dNefes borusu ile yemek borusu aras\u0131ndaki y\u0131rt\u0131klara  Trakea \u00d6zofagus diyoruz. Bir \u00e7ok b\u00fcy\u00fck merkezde ula\u015famayan hastalar\u0131m\u0131z i\u00e7in bu nefes darl\u0131\u011f\u0131n\u0131 ortadan kald\u0131rmak i\u00e7in nefes borusuna delikler a\u00e7\u0131lmas\u0131d\u0131r. Hastam\u0131z yakla\u015f\u0131k 7 ayd\u0131r nefes borusu ile yemek borusu aras\u0131nda darl\u0131k arkas\u0131ndaki a\u00e7\u0131lan delik nedeniyle yakla\u015f\u0131k 7 ayd\u0131r a\u011f\u0131zdan s\u0131v\u0131 alam\u0131yor, yemek yiyemiyor vaziyette. Konu\u015fma ve nefes darl\u0131\u011f\u0131 vard\u0131. Hastam\u0131z bize bu \u015fekilde ba\u015fvurdu. Hastam\u0131z\u0131 g\u00f6\u011f\u00fcs cerrahine yat\u0131rd\u0131k ve arkas\u0131ndan ameliyat\u0131m\u0131za ba\u015flam\u0131\u015f olduk.\u201d<\/p>\n<p>\u201cAnkara \u015eehir Hastanesinde 9 ameliyatta da ba\u015far\u0131l\u0131 olduk\u201d<\/p>\n<p>\u00dcz\u00fcc\u00fc bir durum ya\u015famad\u0131klar\u0131n\u0131 belirten Yelkeler, \u201cAmeliyatlar ger\u00e7ekten zor ameliyatlar. Bazen diki\u015f tutmuyor darac\u0131k alanlarda diki\u015f tutmuyor. Her \u015fey yolunda giderse 2 haftaya taburcu ediyoruz. \u00dclkemizde bu ameliyat\u0131n korkulan k\u0131sm\u0131 diki\u015flerin tutmamas\u0131, art\u0131k hastalar a\u00e7\u0131s\u0131ndan ve hekimler a\u00e7\u0131s\u0131ndan da baz\u0131 problemler olu\u015fturuyor. Ankara \u015eehir Hastanesi  bu anlamda nefes darl\u0131\u011f\u0131, nefes y\u0131rt\u0131lmas\u0131, yemek borusu y\u0131rt\u0131lmas\u0131 durumunda, a\u00e7\u0131ld\u0131\u011f\u0131 bu tarihten yana 9 tane bu \u015fekilde ameliyat ger\u00e7ekle\u015ftirdi. Bu ameliyatlar T\u00fcrkiye de \u00e7ok az merkezlerde yap\u0131lmakta  ve bu vakte kadar yapt\u0131\u011f\u0131m\u0131z ameliyatlarda neticesinde elde etti\u011fimiz sonu\u00e7lar g\u00fczel, \u00fcz\u00fcc\u00fc bir durum ya\u015famad\u0131k\u201d diye konu\u015ftu.<\/p>\n<p>Ya\u015fad\u0131klar\u0131 zorluklar\u0131 anlatan \u0130smail Varal, \u201c7 ay \u00f6nce hastaneye gittik. Yo\u011fun bak\u0131ma girdik nefes borusuna delik a\u00e7t\u0131lar. Daha sonras\u0131nda Ankara \u015fehir hastanesine geldik. 15 g\u00fcn sonra burada ameliyat\u0131 yap\u0131ld\u0131. \u00c7ok \u015f\u00fck\u00fcr sa\u011fl\u0131\u011f\u0131na kavu\u015ftu. Eski\u015fehir de bu gibi tedaviler pek bilinmiyor.<\/p>\n<p>Hocam\u0131za te\u015fekk\u00fcr ederim. Allah raz\u0131 olsun. Ankara \u015fehir hastanesindeki doktorlar olsun , \u00e7al\u0131\u015fanlar olsun ilgi bak\u0131m\u0131ndan olsun gayet iyi. Bu hastal\u0131\u011f\u0131 olanlar buraya gelsinler.<\/p>\n<p>7 ay sonra  yemek  yiyebilmenin ve su i\u00e7ebilmenin mutlulu\u011funu ya\u015fayan Ay\u015fenur Varal,\u201d\u00c7ok \u015fey hat\u0131rlam\u0131yorum yo\u011fun bak\u0131mdayd\u0131m. Ya\u015fad\u0131\u011f\u0131m zorluklar\u0131 hat\u0131rlat\u0131yorum. \u015eimdi gayet iyiyim. 7 ay sonra yemek ve su i\u00e7mek \u00e7ok g\u00fczel bir duygu. Hastaneyi ve doktorlar\u0131m\u0131z\u0131 \u00e7ok g\u00fczel buldum.  Bayram\u0131 da ailemle ge\u00e7irece\u011fim i\u00e7inde \u00e7ok mutluyum\u201d ifadelerini kulland\u0131.<\/p>\n","protected":false},"excerpt":{"rendered":"<p>ANKARA \u015eEH\u0130R HASTANES\u0130NDE G\u00d6\u011e\u00dcS CERRAH\u0130S\u0130 UZMANLARI B\u0130R \u0130LKE DAHA \u0130MZA ATTI.<\/p>\n","protected":false},"author":1,"featured_media":191953,"comment_status":"closed","ping_status":"open","sticky":false,"template":"","format":"standard","meta":{"jetpack_post_was_ever_published":false,"_jetpack_newsletter_access":"","_jetpack_dont_email_post_to_subs":false,"_jetpack_newsletter_tier_id":0,"_jetpack_memberships_contains_paywalled_content":false,"_jetpack_memberships_contains_paid_content":false,"footnotes":"","jetpack_publicize_message":"","jetpack_publicize_feature_enabled":true,"jetpack_social_post_already_shared":true,"jetpack_social_options":{"image_generator_settings":{"template":"highway","default_image_id":0,"font":"","enabled":false},"version":2}},"categories":[1],"tags":[1475,125,1018,4797,37,553],"class_list":["post-191952","post","type-post","status-publish","format-standard","has-post-thumbnail","hentry","category-genel","tag-ankara","tag-bir","tag-daha","tag-hastanesinde","tag-ilk","tag-sehir"],"jetpack_publicize_connections":[],"jetpack_featured_media_url":"https:\/\/i0.wp.com\/www.tvturk.com\/wp-content\/uploads\/2019\/08\/ankara-sehir-hastanesinde-bir-ilk-daha_e3d38a8.jpg?fit=1000%2C664","jetpack_sharing_enabled":true,"jetpack_shortlink":"https:\/\/wp.me\/paKIfm-NW0","_links":{"self":[{"href":"http:\/\/www.tvturk.com\/index.php\/wp-json\/wp\/v2\/posts\/191952","targetHints":{"allow":["GET"]}}],"collection":[{"href":"http:\/\/www.tvturk.com\/index.php\/wp-json\/wp\/v2\/posts"}],"about":[{"href":"http:\/\/www.tvturk.com\/index.php\/wp-json\/wp\/v2\/types\/post"}],"author":[{"embeddable":true,"href":"http:\/\/www.tvturk.com\/index.php\/wp-json\/wp\/v2\/users\/1"}],"replies":[{"embeddable":true,"href":"http:\/\/www.tvturk.com\/index.php\/wp-json\/wp\/v2\/comments?post=191952"}],"version-history":[{"count":0,"href":"http:\/\/www.tvturk.com\/index.php\/wp-json\/wp\/v2\/posts\/191952\/revisions"}],"wp:featuredmedia":[{"embeddable":true,"href":"http:\/\/www.tvturk.com\/index.php\/wp-json\/wp\/v2\/media\/191953"}],"wp:attachment":[{"href":"http:\/\/www.tvturk.com\/index.php\/wp-json\/wp\/v2\/media?parent=191952"}],"wp:term":[{"taxonomy":"category","embeddable":true,"href":"http:\/\/www.tvturk.com\/index.php\/wp-json\/wp\/v2\/categories?post=191952"},{"taxonomy":"post_tag","embeddable":true,"href":"http:\/\/www.tvturk.com\/index.php\/wp-json\/wp\/v2\/tags?post=191952"}],"curies":[{"name":"wp","href":"https:\/\/api.w.org\/{rel}","templated":true}]}}