{"id":191976,"date":"2019-08-09T10:02:14","date_gmt":"2019-08-09T07:02:14","guid":{"rendered":"http:\/\/www.tvturk.com\/index.php\/besiktas-portekizli-sol-beki-renklerine-katti\/"},"modified":"2019-08-09T10:02:14","modified_gmt":"2019-08-09T07:02:14","slug":"besiktas-portekizli-sol-beki-renklerine-katti","status":"publish","type":"post","link":"http:\/\/www.tvturk.com\/index.php\/besiktas-portekizli-sol-beki-renklerine-katti\/","title":{"rendered":"Be\u015fikta\u015f Portekizli sol beki renklerine katt\u0131"},"content":{"rendered":"<p>Be\u015fikta\u015f, Guingamp\u2019dan 24 ya\u015f\u0131ndaki sol bek Pedro Rebocho\u2019yu 1 y\u0131ll\u0131\u011f\u0131na opsiyonlu olarak kiralad\u0131.<\/p>\n<p>Frans\u0131z ekibi Guingamp, Portekizli stoper Pedro Rebocho\u2019nun 1 y\u0131ll\u0131\u011f\u0131na opsiyonlu olarak Be\u015fikta\u015f\u2019a kiraland\u0131\u011f\u0131n\u0131 duyurdu. Kul\u00fcp yapt\u0131\u011f\u0131 payla\u015f\u0131mla futbolcuya te\u015fekk\u00fcr etti.<\/p>\n<p>Ge\u00e7en sezon tak\u0131m\u0131 k\u00fcme d\u00fc\u015fmesine ra\u011fmen Ligue 1\u2019de olduk\u00e7a iyi bir performans g\u00f6steren Rebocho, 38 haftal\u0131k maratonun 36 ma\u00e7\u0131nda sahada yer ald\u0131 ve 8 asist yapt\u0131. Portekizli oyuncu, lig kupas\u0131 ve Fransa Kupas\u0131\u2019nda ise g\u00f6rev yapt\u0131\u011f\u0131 7 kar\u015f\u0131la\u015fmada, 4 kez gol pas\u0131 verdi.<\/p>\n","protected":false},"excerpt":{"rendered":"<p>BE\u015e\u0130KTA\u015e, GU\u0130NGAMP&#8217;DAN 24 YA\u015eINDAK\u0130 SOL BEK PEDRO REBOCHO&#8217;YU 1 YILLI\u011eINA OPS\u0130YONLU OLARAK K\u0130RALADI.<\/p>\n","protected":false},"author":1,"featured_media":191977,"comment_status":"closed","ping_status":"open","sticky":false,"template":"","format":"standard","meta":{"jetpack_post_was_ever_published":false,"_jetpack_newsletter_access":"","_jetpack_dont_email_post_to_subs":false,"_jetpack_newsletter_tier_id":0,"_jetpack_memberships_contains_paywalled_content":false,"_jetpack_memberships_contains_paid_content":false,"footnotes":"","jetpack_publicize_message":"","jetpack_publicize_feature_enabled":true,"jetpack_social_post_already_shared":true,"jetpack_social_options":{"image_generator_settings":{"template":"highway","default_image_id":0,"font":"","enabled":false},"version":2}},"categories":[657],"tags":[48075,2864,5801,34354,38579,14674],"class_list":["post-191976","post","type-post","status-publish","format-standard","has-post-thumbnail","hentry","category-spor","tag-beki","tag-besiktas","tag-katti","tag-portekizli","tag-renklerine","tag-sol"],"jetpack_publicize_connections":[],"jetpack_featured_media_url":"https:\/\/i0.wp.com\/www.tvturk.com\/wp-content\/uploads\/2019\/08\/besiktas-portekizli-sol-beki-renklerine-katti_2afb467.jpg?fit=1000%2C666","jetpack_sharing_enabled":true,"jetpack_shortlink":"https:\/\/wp.me\/paKIfm-NWo","_links":{"self":[{"href":"http:\/\/www.tvturk.com\/index.php\/wp-json\/wp\/v2\/posts\/191976","targetHints":{"allow":["GET"]}}],"collection":[{"href":"http:\/\/www.tvturk.com\/index.php\/wp-json\/wp\/v2\/posts"}],"about":[{"href":"http:\/\/www.tvturk.com\/index.php\/wp-json\/wp\/v2\/types\/post"}],"author":[{"embeddable":true,"href":"http:\/\/www.tvturk.com\/index.php\/wp-json\/wp\/v2\/users\/1"}],"replies":[{"embeddable":true,"href":"http:\/\/www.tvturk.com\/index.php\/wp-json\/wp\/v2\/comments?post=191976"}],"version-history":[{"count":0,"href":"http:\/\/www.tvturk.com\/index.php\/wp-json\/wp\/v2\/posts\/191976\/revisions"}],"wp:featuredmedia":[{"embeddable":true,"href":"http:\/\/www.tvturk.com\/index.php\/wp-json\/wp\/v2\/media\/191977"}],"wp:attachment":[{"href":"http:\/\/www.tvturk.com\/index.php\/wp-json\/wp\/v2\/media?parent=191976"}],"wp:term":[{"taxonomy":"category","embeddable":true,"href":"http:\/\/www.tvturk.com\/index.php\/wp-json\/wp\/v2\/categories?post=191976"},{"taxonomy":"post_tag","embeddable":true,"href":"http:\/\/www.tvturk.com\/index.php\/wp-json\/wp\/v2\/tags?post=191976"}],"curies":[{"name":"wp","href":"https:\/\/api.w.org\/{rel}","templated":true}]}}