{"id":192004,"date":"2019-08-09T10:46:38","date_gmt":"2019-08-09T07:46:38","guid":{"rendered":"http:\/\/www.tvturk.com\/index.php\/kurban-bayraminda-toplu-tasima-ucretsiz\/"},"modified":"2019-08-09T10:46:38","modified_gmt":"2019-08-09T07:46:38","slug":"kurban-bayraminda-toplu-tasima-ucretsiz","status":"publish","type":"post","link":"http:\/\/www.tvturk.com\/index.php\/kurban-bayraminda-toplu-tasima-ucretsiz\/","title":{"rendered":"Kurban Bayram\u0131\u2019nda toplu ta\u015f\u0131ma \u00fccretsiz"},"content":{"rendered":"<p>Kurban Bayram\u0131 ile 30 A\u011fustos Zafer Bayram\u0131\u2019nda \u0130stanbul\u2019daki toplu ta\u015f\u0131ma ara\u00e7lar\u0131 \u00fccretsiz hizmet verecek. \u0130ETT, vatanda\u015flar\u0131n \u0130BB\u2019nin kurban kesim alanlar\u0131na rahat ula\u015f\u0131m\u0131 i\u00e7in seferler d\u00fczenleyecek.<\/p>\n<p>\u0130stanbul B\u00fcy\u00fck\u015fehir Belediyesi (\u0130BB), vatanda\u015flar\u0131n rahat ve huzurlu bir bayram ge\u00e7irmeleri i\u00e7in gerekli \u00f6nlemleri ald\u0131. Ula\u015f\u0131mda ve kurban vecibesinin yerine getirilmesinde herhangi bir olumsuzluk ya\u015fanmamas\u0131 i\u00e7in ilgili \u0130BB ekipleri bayram boyunca 7\/24 g\u00f6rev ba\u015f\u0131nda olacak. \u0130BB Ba\u015fkan\u0131 Ekrem \u0130mamo\u011flu\u2019nun ba\u015fkanl\u0131\u011f\u0131nda 11 Temmuz\u2019da toplanan \u0130stanbul B\u00fcy\u00fck\u015fehir Belediye Meclisi, Kurban Bayram\u0131 ile 30 A\u011fustos Zafer Bayram\u0131\u2019nda \u0130stanbul\u2019daki toplu ta\u015f\u0131ma ara\u00e7lar\u0131 \u00fccretsiz hizmet vermesini karara ba\u011flam\u0131\u015ft\u0131. CHP ve AK Parti gruplar\u0131n\u0131n ortak verdi\u011fi \u00f6nerge, meclis \u00fcyelerinin oy birli\u011fiyle onaylanm\u0131\u015ft\u0131.<\/p>\n<p>Karar kapsam\u0131nda, 11-14 A\u011fustos tarihleri aras\u0131ndaki Kurban Bayram\u0131 ile 30 A\u011fustos Zafer Bayram\u0131\u2019nda \u0130stanbul\u2019daki toplu ta\u015f\u0131ma ara\u00e7lar\u0131 \u00fccretsiz hizmet verecek. Yolcular, \u0130stanbulkart entegrasyonuna dahil t\u00fcm toplu ta\u015f\u0131ma ara\u00e7lar\u0131na kart\u0131n\u0131 okutmak suretiyle \u00fccretsiz binecek. \u00dccret bedellerinin tamam\u0131 \u0130stanbul B\u00fcy\u00fck\u015fehir Belediyesi\u2019nin b\u00fct\u00e7esinden kar\u015f\u0131lanacak. Bug\u00fcnlerde toplu ta\u015f\u0131maya ek seferler de konulacak. Uygulama; \u0130ETT, Metrob\u00fcs, OTOB\u00dcS A\u015e (Havaliman\u0131 Otob\u00fcsleri Hari\u00e7), \u00d6zel Halk Otob\u00fcsleri, \u015eehir Hatlar\u0131 Vapurlar\u0131, \u00d6zel Deniz Yolu Toplu Ula\u015f\u0131m Motorlar\u0131 ile Metro \u0130stanbul\u2019un y\u00f6netti\u011fi Tramvay, Metro, F\u00fcnik\u00fcler, t\u00fcnel ve teleferik hatlar\u0131nda ge\u00e7erli olacak.<\/p>\n<p>\u0130ETT, kurban kesim alanlar\u0131na sefer d\u00fczenleyecek<\/p>\n<p>\u0130BB\u2019nin Avrupa ve Anadolu yakas\u0131nda olu\u015fturdu\u011fu kurban sat\u0131\u015f ve kesim alanlar\u0131na rahat ula\u015f\u0131m i\u00e7in, \u0130ETT bu noktalar\u0131ndan ge\u00e7en hatlar olu\u015fturdu. \u0130ETT Avrupa Yakas\u0131nda Kaya\u015fehir-Ba\u015fak\u015fehir, Ye\u015filkent-Avc\u0131lar, Alibeyk\u00f6y-Ey\u00fcpsultan, \u00c7akmakl\u0131-B\u00fcy\u00fck\u00e7ekmece, Kestanelik-\u00c7atalca\u2019dan, Anadolu Yakas\u0131nda ise Ferhatpa\u015fa-Ata\u015fehir, Pa\u015fak\u00f6y-Sancaktepe ve Kurnak\u00f6y-Pendik kurban kesim alan\u0131na seferler d\u00fczenlenecek.<\/p>\n","protected":false},"excerpt":{"rendered":"<p>KURBAN BAYRAMI \u0130LE 30 A\u011eUSTOS ZAFER BAYRAMI\u2019NDA \u0130STANBUL\u2019DAK\u0130 TOPLU TA\u015eIMA ARA\u00c7LARI \u00dcCRETS\u0130Z H\u0130ZMET VERECEK. \u0130ETT, VATANDA\u015eLARIN \u0130BB\u2019N\u0130N KURBAN KES\u0130M ALANLARINA RAHAT ULA\u015eIMI \u0130\u00c7\u0130N SEFERLER D\u00dcZENLEYECEK.<\/p>\n","protected":false},"author":1,"featured_media":192005,"comment_status":"closed","ping_status":"open","sticky":false,"template":"","format":"standard","meta":{"jetpack_post_was_ever_published":false,"_jetpack_newsletter_access":"","_jetpack_dont_email_post_to_subs":false,"_jetpack_newsletter_tier_id":0,"_jetpack_memberships_contains_paywalled_content":false,"_jetpack_memberships_contains_paid_content":false,"footnotes":"","jetpack_publicize_message":"","jetpack_publicize_feature_enabled":true,"jetpack_social_post_already_shared":true,"jetpack_social_options":{"image_generator_settings":{"template":"highway","default_image_id":0,"font":"","enabled":false},"version":2}},"categories":[1],"tags":[24243,20956,876,1349,324],"class_list":["post-192004","post","type-post","status-publish","format-standard","has-post-thumbnail","hentry","category-genel","tag-bayraminda","tag-kurban","tag-tasima","tag-toplu","tag-ucretsiz"],"jetpack_publicize_connections":[],"jetpack_featured_media_url":"https:\/\/i0.wp.com\/www.tvturk.com\/wp-content\/uploads\/2019\/08\/kurban-bayraminda-toplu-tasima-ucretsiz_39df5e3.jpg?fit=1000%2C660","jetpack_sharing_enabled":true,"jetpack_shortlink":"https:\/\/wp.me\/paKIfm-NWQ","_links":{"self":[{"href":"http:\/\/www.tvturk.com\/index.php\/wp-json\/wp\/v2\/posts\/192004","targetHints":{"allow":["GET"]}}],"collection":[{"href":"http:\/\/www.tvturk.com\/index.php\/wp-json\/wp\/v2\/posts"}],"about":[{"href":"http:\/\/www.tvturk.com\/index.php\/wp-json\/wp\/v2\/types\/post"}],"author":[{"embeddable":true,"href":"http:\/\/www.tvturk.com\/index.php\/wp-json\/wp\/v2\/users\/1"}],"replies":[{"embeddable":true,"href":"http:\/\/www.tvturk.com\/index.php\/wp-json\/wp\/v2\/comments?post=192004"}],"version-history":[{"count":0,"href":"http:\/\/www.tvturk.com\/index.php\/wp-json\/wp\/v2\/posts\/192004\/revisions"}],"wp:featuredmedia":[{"embeddable":true,"href":"http:\/\/www.tvturk.com\/index.php\/wp-json\/wp\/v2\/media\/192005"}],"wp:attachment":[{"href":"http:\/\/www.tvturk.com\/index.php\/wp-json\/wp\/v2\/media?parent=192004"}],"wp:term":[{"taxonomy":"category","embeddable":true,"href":"http:\/\/www.tvturk.com\/index.php\/wp-json\/wp\/v2\/categories?post=192004"},{"taxonomy":"post_tag","embeddable":true,"href":"http:\/\/www.tvturk.com\/index.php\/wp-json\/wp\/v2\/tags?post=192004"}],"curies":[{"name":"wp","href":"https:\/\/api.w.org\/{rel}","templated":true}]}}