{"id":192038,"date":"2019-08-09T11:17:03","date_gmt":"2019-08-09T08:17:03","guid":{"rendered":"http:\/\/www.tvturk.com\/index.php\/genc-guresciler-estonyadaki-dunya-sampiyonasina-hazir\/"},"modified":"2019-08-09T11:17:03","modified_gmt":"2019-08-09T08:17:03","slug":"genc-guresciler-estonyadaki-dunya-sampiyonasina-hazir","status":"publish","type":"post","link":"http:\/\/www.tvturk.com\/index.php\/genc-guresciler-estonyadaki-dunya-sampiyonasina-hazir\/","title":{"rendered":"Gen\u00e7 g\u00fcre\u015f\u00e7iler, Estonya\u2019daki D\u00fcnya \u015eampiyonas\u0131\u2019na haz\u0131r"},"content":{"rendered":"<p>Estonya\u2019da 12-18 A\u011fustos tarihleri aras\u0131nda d\u00fczenlenecek olan D\u00fcnya Gen\u00e7ler G\u00fcre\u015f \u015eampiyonas\u0131\u2019na kat\u0131lacak olan milliler haz\u0131rl\u0131klar\u0131n\u0131 tamamlad\u0131.<\/p>\n<p>D\u00fcnya Gen\u00e7ler G\u00fcre\u015f \u015eampiyonas\u0131\u2019nda ilk olarak mindere serbest stildeki g\u00fcre\u015f\u00e7iler \u00e7\u0131kacak. Teknik Direkt\u00f6r Ru\u015fan \u00c7etin y\u00f6netimindeki Serbest G\u00fcre\u015f Milli Tak\u0131m\u0131, yar\u0131n Estonya\u2019ya hareket edecek. Bu y\u0131l haz\u0131rl\u0131k kamplar\u0131n\u0131n olduk\u00e7a verimli ge\u00e7ti\u011fini belirten Ru\u015fan \u00c7etin, \u201cAvrupa \u015eampiyonas\u0131 \u00f6ncesinde Ni\u011fde\u2019de, sonras\u0131nda ise Elmada\u011f\u2019da 2 ve son olarak da Bursa TOHM Merkezi\u2019nde kamplar yapt\u0131k. Avrupa G\u00fcre\u015f \u015eampiyonas\u0131\u2019nda 1 alt\u0131n, 2 g\u00fcm\u00fc\u015f, 1 bronz olmak \u00fczere toplam 4 madalya alm\u0131\u015ft\u0131k. \u015eu an tak\u0131m\u0131m\u0131z\u0131n form durumu Avrupa \u015eampiyonas\u0131\u2019na g\u00f6re daha iyi. Hedefimiz tak\u0131m halinde ilk \u00fc\u00e7e girmek ve madalya say\u0131m\u0131z\u0131 art\u0131rmak\u201d \u015feklinde konu\u015ftu. Yar\u0131n sabah Estonya\u2019ya hareket edecek olan Gen\u00e7 Serbest G\u00fcre\u015f Milli Tak\u0131m\u0131, 15 A\u011fustos tarihinde yurda d\u00f6necek.<\/p>\n<p>Serbest stilde m\u00fccadele edecek g\u00fcre\u015f\u00e7iler \u015funlar:<\/p>\n<p>57 kg: Ahmet Duman (\u0130stanbul \u0130BB)<\/p>\n<p>61 kg: Mustafa Kele\u015f (\u0130stanbul Sancaktepe SK)<\/p>\n<p>65 kg: Ahmet Salim Yi\u011fit (Ankara TEDA\u015e)<\/p>\n<p>70 kg: \u00d6mer Faruk \u00c7ay\u0131r (Kahramanmara\u015f B.B.Spor )<\/p>\n<p>74 kg: Abdulvasi Balta (\u0130stanbul Sancaktepe SK)<\/p>\n<p>79 kg: \u00d6mer Faruk Karadeniz (\u0130stanbul Sancaktepe SK)<\/p>\n<p>86 kg: \u00c7a\u011fr\u0131 Can Bayram (Ankara TEDA\u015e)<\/p>\n<p>92 kg: Polat Polat\u00e7\u0131 (\u0130BB)<\/p>\n<p>97 kg: Feyzullah Akt\u00fcrk (Kahramanmara\u015f B.B. Spor)<\/p>\n<p>125 kg: Pa\u015fa Ekrem Karabulut ( Ankara TEDA\u015e)<\/p>\n<p>Gen\u00e7 Kad\u0131n Milli Tak\u0131m\u0131, 12 A\u011fustos\u2019ta gidecek<\/p>\n<p>\u015eampiyonada serbest stil ma\u00e7lar\u0131n\u0131n ard\u0131ndan gen\u00e7 kad\u0131nlar m\u00fcsabakalar\u0131 yap\u0131lacak. Gen\u00e7 Kad\u0131n Milli Tak\u0131m\u0131, Estonya\u2019ya 12 A\u011fustos tarihinde gidecek. Teknik Direkt\u00f6r Murat Gen\u00e7t\u00fcrk y\u00f6netiminde Yalova\u2019da 4 haz\u0131rl\u0131k kamp\u0131n\u0131 geride b\u0131rakan milliler, \u00e7al\u0131\u015fmalar\u0131n\u0131 tamamlad\u0131. \u0130yi bir haz\u0131rl\u0131k d\u00f6nemini geride b\u0131rakt\u0131klar\u0131n\u0131 belirten Murat Gen\u00e7t\u00fcrk, \u201cKamplar\u0131m\u0131z verimli ge\u00e7ti. Ancak madalya alabilecek bir ka\u00e7 g\u00fcre\u015f\u00e7imiz sakatl\u0131klar\u0131ndan dolay\u0131 bizlerle birlikte olamad\u0131. Avrupa \u015eampiyonas\u0131\u2019ndan iki g\u00fcm\u00fc\u015f madalya ile d\u00f6nm\u00fc\u015ft\u00fck. D\u00fcnya \u015eampiyonas\u0131\u2019ndan da madalyalarla d\u00f6nmeyi hedefliyoruz\u201d dedi. G\u00fcre\u015f\u00e7iler 17 A\u011fustos tarihinde yurda d\u00f6necek.<\/p>\n<p>\u015eampiyonada yer alacak sporcular \u015f\u00f6yle:<\/p>\n<p>50 kg: Zehra Demirhan (\u0130stanbul ENKA)<\/p>\n<p>53 kg: Rahime Ar\u0131 (\u0130stanbul ENKA)<\/p>\n<p>55 kg: Elvira Kamalo\u011flu (Erzincan \u00dcz\u00fcml\u00fc SK)<\/p>\n<p>57 kg: \u00d6zge F\u0131nd\u0131k\u00e7\u0131 (Yalova Tersaneler SK)<\/p>\n<p>59 kg: Elmas \u00c7elik (Yalova Tersaneler SK)<\/p>\n<p>62 kg: Cansu AKSOY (\u0130stanbul ENKA)<\/p>\n<p>65 kg: Ya\u011fmur \u00c7akmak (\u0130stanbul ENKA)<\/p>\n<p>68 kg: Kadriye Aksoy (\u0130stanbul ENKA)<\/p>\n<p>72 kg: Merve Pul (\u0130stanbul ENKA)<\/p>\n<p>76 kg: Mehtap G\u00fcltekin (Yalova Tersaneler SK)<\/p>\n<p>Greko-romende hedef ilk \u00fc\u00e7<\/p>\n<p>Gen\u00e7ler D\u00fcnya G\u00fcre\u015f \u015eampiyonas\u0131\u2019nda mindere son olarak greko-romen stildeki g\u00fcre\u015f\u00e7iler \u00e7\u0131kacak. 14 A\u011fustos tarihinde Estonya\u2019ya gidecek olan Greko-Romen Milli Tak\u0131m\u0131, \u015fu an Sar\u0131yer Mersinli Ahmet Tesisleri\u2019nde kampta. \u0130lk iki kamp\u0131n\u0131 Ni\u011fde Demirkaz\u0131k\u2019ta yapan milli g\u00fcre\u015f\u00e7iler, sonras\u0131ndaki iki kamp\u0131 Sar\u0131yer\u2019de ger\u00e7ekle\u015ftirdi. Teknik Direkt\u00f6r Muhammet Y\u00fcceda\u011f \u015fampiyona i\u00e7in art\u0131k haz\u0131r olduklar\u0131n\u0131 s\u00f6yleyerek, \u201cG\u00fcre\u015f\u00e7ilerimizin performans\u0131 bizleri mutlu ediyor. D\u00fcnya \u015eampiyonas\u0131\u2019na haz\u0131r durumday\u0131z diyebilirim. Son Avrupa \u015eampiyonas\u0131\u2019nda 2 alt\u0131n, 1 bronz madalya olmak \u00fczere 3 madalya kazan\u0131p, tak\u0131m olarak k\u0131l pay\u0131 \u00fc\u00e7\u00fcnc\u00fcl\u00fc\u011f\u00fc ka\u00e7\u0131rm\u0131\u015ft\u0131k. Estonya\u2019da madalya say\u0131m\u0131z\u0131 art\u0131rmay\u0131 ve tak\u0131m olarak ilk \u00fc\u00e7e girmeyi hedefliyoruz\u201d \u015feklinde konu\u015ftu. Milli Tak\u0131m \u015fampiyonan\u0131n ard\u0131ndan 19 A\u011fustos\u2019ta yurda d\u00f6necek.<\/p>\n<p>\u015eampiyonada greko-romen stilde \u015fu sporcular temsil edecek:<\/p>\n<p>55 kg: M\u00fckremin Akta\u015f (Hendek G\u00fcre\u015f \u0130htisas)<\/p>\n<p>60 kg: Kerem Kamal (\u0130stanbul Pendik G\u00fcre\u015f \u0130htisas Kul\u00fcb\u00fc)<\/p>\n<p>63 kg: Abdullah Toprak (Kayseri \u015eeker Spor)<\/p>\n<p>67 kg: Abdussamet Ba\u015far (\u0130stanbul B.B)<\/p>\n<p>72 kg: \u0130smail G\u00fcn (Ankara ASK\u0130)<\/p>\n<p>77 kg: Abdurrahman Kalkan (\u0130stanbul B.B.)<\/p>\n<p>82 kg: Do\u011fan Kaya (Manisa Akhisar Belediyespor)<\/p>\n<p>87 kg: Bedirhan Tan (\u0130stanbul B.B.)<\/p>\n<p>97 kg: Beytullah Kay\u0131\u015fda\u011f\u0131 (Ankara ASK\u0130)<\/p>\n<p>130 kg: Muhammet Hamza Bak\u0131r (\u0130stanbul B.B.)<\/p>\n","protected":false},"excerpt":{"rendered":"<p>ESTONYA\u2019DA 12-18 A\u011eUSTOS TAR\u0130HLER\u0130 ARASINDA D\u00dcZENLENECEK OLAN D\u00dcNYA GEN\u00c7LER G\u00dcRE\u015e \u015eAMP\u0130YONASI&#8217;NA KATILACAK OLAN M\u0130LL\u0130LER HAZIRLIKLARINI TAMAMLADI.<\/p>\n","protected":false},"author":1,"featured_media":192039,"comment_status":"closed","ping_status":"open","sticky":false,"template":"","format":"standard","meta":{"jetpack_post_was_ever_published":false,"_jetpack_newsletter_access":"","_jetpack_dont_email_post_to_subs":false,"_jetpack_newsletter_tier_id":0,"_jetpack_memberships_contains_paywalled_content":false,"_jetpack_memberships_contains_paid_content":false,"footnotes":"","jetpack_publicize_message":"","jetpack_publicize_feature_enabled":true,"jetpack_social_post_already_shared":true,"jetpack_social_options":{"image_generator_settings":{"template":"highway","default_image_id":0,"font":"","enabled":false},"version":2}},"categories":[657],"tags":[349,48095,803,11604,4013,6842],"class_list":["post-192038","post","type-post","status-publish","format-standard","has-post-thumbnail","hentry","category-spor","tag-dunya","tag-estonyadaki","tag-genc","tag-guresciler","tag-hazir","tag-sampiyonasina"],"jetpack_publicize_connections":[],"jetpack_featured_media_url":"https:\/\/i0.wp.com\/www.tvturk.com\/wp-content\/uploads\/2019\/08\/genc-guresciler-estonyadaki-dunya-sampiyonasina-hazir_bb58efc.jpg?fit=1000%2C750","jetpack_sharing_enabled":true,"jetpack_shortlink":"https:\/\/wp.me\/paKIfm-NXo","_links":{"self":[{"href":"http:\/\/www.tvturk.com\/index.php\/wp-json\/wp\/v2\/posts\/192038","targetHints":{"allow":["GET"]}}],"collection":[{"href":"http:\/\/www.tvturk.com\/index.php\/wp-json\/wp\/v2\/posts"}],"about":[{"href":"http:\/\/www.tvturk.com\/index.php\/wp-json\/wp\/v2\/types\/post"}],"author":[{"embeddable":true,"href":"http:\/\/www.tvturk.com\/index.php\/wp-json\/wp\/v2\/users\/1"}],"replies":[{"embeddable":true,"href":"http:\/\/www.tvturk.com\/index.php\/wp-json\/wp\/v2\/comments?post=192038"}],"version-history":[{"count":0,"href":"http:\/\/www.tvturk.com\/index.php\/wp-json\/wp\/v2\/posts\/192038\/revisions"}],"wp:featuredmedia":[{"embeddable":true,"href":"http:\/\/www.tvturk.com\/index.php\/wp-json\/wp\/v2\/media\/192039"}],"wp:attachment":[{"href":"http:\/\/www.tvturk.com\/index.php\/wp-json\/wp\/v2\/media?parent=192038"}],"wp:term":[{"taxonomy":"category","embeddable":true,"href":"http:\/\/www.tvturk.com\/index.php\/wp-json\/wp\/v2\/categories?post=192038"},{"taxonomy":"post_tag","embeddable":true,"href":"http:\/\/www.tvturk.com\/index.php\/wp-json\/wp\/v2\/tags?post=192038"}],"curies":[{"name":"wp","href":"https:\/\/api.w.org\/{rel}","templated":true}]}}