{"id":192078,"date":"2019-08-09T12:01:50","date_gmt":"2019-08-09T09:01:50","guid":{"rendered":"http:\/\/www.tvturk.com\/index.php\/engelliler-sosyal-tesisinin-acilisini-baskan-ertugrul-cetin-yapti\/"},"modified":"2019-08-09T12:01:50","modified_gmt":"2019-08-09T09:01:50","slug":"engelliler-sosyal-tesisinin-acilisini-baskan-ertugrul-cetin-yapti","status":"publish","type":"post","link":"http:\/\/www.tvturk.com\/index.php\/engelliler-sosyal-tesisinin-acilisini-baskan-ertugrul-cetin-yapti\/","title":{"rendered":"Engelliler Sosyal Tesisinin a\u00e7\u0131l\u0131\u015f\u0131n\u0131 Ba\u015fkan Ertu\u011frul \u00c7etin yapt\u0131"},"content":{"rendered":"<p>Pursaklar Belediyesi taraf\u0131ndan yapt\u0131r\u0131lan Engelliler Sosyal Tesisi ger\u00e7ekle\u015ftirilen t\u00f6renle hizmete a\u00e7\u0131ld\u0131.<\/p>\n<p>A\u00e7\u0131l\u0131\u015f t\u00f6renine Ankara Milletvekili Prof. Dr. Emrullah \u0130\u015fler, \u0130l\u00e7e Kaymakam\u0131 \u0130hsan Kara, Pursaklar Belediye Ba\u015fkan\u0131 Ertu\u011frul \u00c7etin, Ak Parti \u0130l\u00e7e Ba\u015fkan\u0131 Servet T\u00fcrkay\u0131k ve il\u00e7e te\u015fkilat\u0131, MHP il\u00e7e Ba\u015fkan\u0131 G\u00f6khan Balc\u0131, \u0130l\u00e7e meclis \u00fcyeleri, Belediye Ba\u015fkan Yard\u0131mc\u0131lar\u0131 ve \u00e7ok say\u0131da vatanda\u015f kat\u0131ld\u0131.<\/p>\n<p>T\u00f6renin a\u00e7\u0131l\u0131\u015f konu\u015fmas\u0131n\u0131 yapan Pursaklar Belediye Ba\u015fkan\u0131 Ertu\u011frul \u00c7etin, \u2018\u2018Pursaklar\u2019da hi\u00e7bir engelli karde\u015fim mahzun olmayacak. Bu sosyal tesisi engelli karde\u015flerim ve aileleri i\u00e7in dizayn ettik. Hem aileleri hem de engelli karde\u015flerimizin y\u00fcz\u00fcnden tebess\u00fcm eksik olmas\u0131n\u2019\u2019 dedi.<\/p>\n<p>Tesiste, sosyal ve k\u00fclt\u00fcrel faaliyet hizmetleri verilerek engelli vatanda\u015flar\u0131n g\u00fcn boyu keyifli ve e\u011flenceli vakit ge\u00e7irmesi ama\u00e7lanmaktad\u0131r. Tesise gelecek olan vatanda\u015flar, aileleriyle birlikte burada d\u00fczenlenecek olan etkinliklere kat\u0131l\u0131mlar\u0131 sa\u011flanacakt\u0131r.<\/p>\n","protected":false},"excerpt":{"rendered":"<p>PURSAKLAR BELED\u0130YES\u0130 TARAFINDAN YAPTIRILAN ENGELL\u0130LER SOSYAL TES\u0130S\u0130 GER\u00c7EKLE\u015eT\u0130R\u0130LEN T\u00d6RENLE H\u0130ZMETE A\u00c7ILDI.<\/p>\n","protected":false},"author":1,"featured_media":192079,"comment_status":"closed","ping_status":"open","sticky":false,"template":"","format":"standard","meta":{"jetpack_post_was_ever_published":false,"_jetpack_newsletter_access":"","_jetpack_dont_email_post_to_subs":false,"_jetpack_newsletter_tier_id":0,"_jetpack_memberships_contains_paywalled_content":false,"_jetpack_memberships_contains_paid_content":false,"footnotes":"","jetpack_publicize_message":"","jetpack_publicize_feature_enabled":true,"jetpack_social_post_already_shared":true,"jetpack_social_options":{"image_generator_settings":{"template":"highway","default_image_id":0,"font":"","enabled":false},"version":2}},"categories":[1],"tags":[7647,100,9555,4760,8333,1229,1230,292],"class_list":["post-192078","post","type-post","status-publish","format-standard","has-post-thumbnail","hentry","category-genel","tag-acilisini","tag-baskan","tag-cetin","tag-engelliler","tag-ertugrul","tag-sosyal","tag-tesisinin","tag-yapti"],"jetpack_publicize_connections":[],"jetpack_featured_media_url":"https:\/\/i0.wp.com\/www.tvturk.com\/wp-content\/uploads\/2019\/08\/engelliler-sosyal-tesisinin-acilisini-baskan-ertugrul-cetin-yapti_babae15.jpg?fit=1000%2C667","jetpack_sharing_enabled":true,"jetpack_shortlink":"https:\/\/wp.me\/paKIfm-NY2","_links":{"self":[{"href":"http:\/\/www.tvturk.com\/index.php\/wp-json\/wp\/v2\/posts\/192078","targetHints":{"allow":["GET"]}}],"collection":[{"href":"http:\/\/www.tvturk.com\/index.php\/wp-json\/wp\/v2\/posts"}],"about":[{"href":"http:\/\/www.tvturk.com\/index.php\/wp-json\/wp\/v2\/types\/post"}],"author":[{"embeddable":true,"href":"http:\/\/www.tvturk.com\/index.php\/wp-json\/wp\/v2\/users\/1"}],"replies":[{"embeddable":true,"href":"http:\/\/www.tvturk.com\/index.php\/wp-json\/wp\/v2\/comments?post=192078"}],"version-history":[{"count":0,"href":"http:\/\/www.tvturk.com\/index.php\/wp-json\/wp\/v2\/posts\/192078\/revisions"}],"wp:featuredmedia":[{"embeddable":true,"href":"http:\/\/www.tvturk.com\/index.php\/wp-json\/wp\/v2\/media\/192079"}],"wp:attachment":[{"href":"http:\/\/www.tvturk.com\/index.php\/wp-json\/wp\/v2\/media?parent=192078"}],"wp:term":[{"taxonomy":"category","embeddable":true,"href":"http:\/\/www.tvturk.com\/index.php\/wp-json\/wp\/v2\/categories?post=192078"},{"taxonomy":"post_tag","embeddable":true,"href":"http:\/\/www.tvturk.com\/index.php\/wp-json\/wp\/v2\/tags?post=192078"}],"curies":[{"name":"wp","href":"https:\/\/api.w.org\/{rel}","templated":true}]}}