{"id":192096,"date":"2019-08-09T12:16:31","date_gmt":"2019-08-09T09:16:31","guid":{"rendered":"http:\/\/www.tvturk.com\/index.php\/karalar-calisanlarina-maas-odeyemeyen-bir-belediye-baskani-olmayacagim\/"},"modified":"2019-08-09T12:16:31","modified_gmt":"2019-08-09T09:16:31","slug":"karalar-calisanlarina-maas-odeyemeyen-bir-belediye-baskani-olmayacagim","status":"publish","type":"post","link":"http:\/\/www.tvturk.com\/index.php\/karalar-calisanlarina-maas-odeyemeyen-bir-belediye-baskani-olmayacagim\/","title":{"rendered":"Karalar: \u201c\u00c7al\u0131\u015fanlar\u0131na maa\u015f \u00f6deyemeyen bir belediye ba\u015fkan\u0131 olmayaca\u011f\u0131m\u201d"},"content":{"rendered":"<p>Adana B\u00fcy\u00fck\u015fehir Belediye Ba\u015fkan\u0131 Zeydan Karalar, \u00e7al\u0131\u015fanlar\u0131n\u0131n geriye d\u00f6n\u00fck alacaklar\u0131n\u0131 \u00f6demek i\u00e7in bor\u00e7lanma talebinde bulundu\u011funu belirterek, bu talebinin siyasi nedenlerle B\u00fcy\u00fck\u015fehir Belediye Meclisi taraf\u0131ndan reddedildi\u011fini s\u00f6yledi. Ba\u015fkan Karalar, bu bayramda ASK\u0130\u2019den gelen gelirle, \u00e7al\u0131\u015fanlar\u0131na 600 lira bayram har\u00e7l\u0131\u011f\u0131 verece\u011fini a\u00e7\u0131klad\u0131.<\/p>\n<p>Adana B\u00fcy\u00fck\u015fehir Belediyesinde \u2018Bayramla\u015fma T\u00f6reni\u2019 ger\u00e7ekle\u015ftirildi. Adana B\u00fcy\u00fck\u015fehir Belediyesi Tiyatro Salonu\u2019nda d\u00fczenlenen t\u00f6rende Adana B\u00fcy\u00fck\u015fehir Belediye Ba\u015fkan\u0131 Zeydan Karalar, b\u00fcrokratlar ve belediye \u00e7al\u0131\u015fanlar\u0131 bir araya geldi. Sayg\u0131 duru\u015fu ve \u0130stikal Mar\u015f\u0131\u2019n\u0131n okunmas\u0131yla ba\u015flayan t\u00f6rende konu\u015fan Ba\u015fkan Karalar, bayramlar\u0131n insanlar\u0131n birbirlerini hat\u0131rlad\u0131\u011f\u0131, k\u00fcsk\u00fcnl\u00fcklerin unutuldu\u011fu g\u00fcnler oldu\u011funu belirterek, \u201cT\u00fcrkiye\u2019nin art\u0131k kucakla\u015fmaya ihtiyac\u0131 var. \u00dclkemizde art\u0131k bar\u0131\u015f ikliminin tesis edilmesi gerekiyor. Se\u00e7im s\u00fcrecinde de bizim dilimiz, mesajlar\u0131m\u0131z hep bu y\u00f6ndeydi. \u00c7\u00fcnk\u00fc insanlar art\u0131k didi\u015fmekten, kavgadan yoruldular\u201d diye konu\u015ftu.<\/p>\n<p>\u201cK\u00f6t\u00fc i\u015f yapana paras\u0131n\u0131 \u00f6demeyece\u011fiz\u201d<\/p>\n<p>Ba\u015fkan Karalar, \u00e7al\u0131\u015fanlar\u0131na maa\u015flar\u0131n\u0131 zaman\u0131nda \u00f6deyen, vatanda\u015f\u0131na hizmet edebilen, k\u00f6yden kurtar\u0131lm\u0131\u015f modern bir Adana fikrinin oldu\u011fu bir belediye hayal etti\u011fini kaydederek, \u201cBen \u015fikayeti seven bir adam de\u011filim ancak \u00e7al\u0131\u015fanlar\u0131m\u0131n ve halk\u0131m\u0131n bir \u015feyleri bilmesi gerekiyor. E\u011fer kontroller gerekti\u011fi gibi yap\u0131lmazsa, ihale verdi\u011fimiz m\u00fcteahhitlerin yapt\u0131\u011f\u0131 i\u015fler takip edilemezse oradan \u00e7ok\u00e7a bozuk i\u015fler \u00e7\u0131kar. Bize k\u00f6t\u00fc i\u015f yapan m\u00fcteahhide paras\u0131n\u0131 \u00f6demeyece\u011fiz. E\u011fer do\u011fru i\u015f yapmazlarsa paralar\u0131n\u0131 alamayacaklar\u0131n\u0131 bilecekler. Ben sizlerin paras\u0131n\u0131 \u00e7ar\u00e7ur etmem\u201d ifadelerini kulland\u0131.<\/p>\n<p>\u201cYeni y\u0131la kadar gelir gidere denk olacak\u201d<\/p>\n<p>Adana B\u00fcy\u00fck\u015fehir Belediyesinin Ocak ay\u0131ndan bu yana gelir ve gider fark\u0131n\u0131 de\u011ferlendiren Ba\u015fkan Karalar, Mart ay\u0131nda fark\u0131n yakla\u015f\u0131k 80 milyon lirayken belediyenin devral\u0131nd\u0131\u011f\u0131n\u0131, kademeli olarak bu fark\u0131 d\u00fc\u015f\u00fcrd\u00fcklerini kaydetti. Nisan ay\u0131nda 72 milyon 876 bin 412 lira olan gelir gider fark\u0131n\u0131n May\u0131s ay\u0131nda 28 milyon 848 bin 706 liraya d\u00fc\u015ft\u00fc\u011f\u00fcn\u00fc, Haziran ay\u0131nda 13 milyon 299 bin 998 liraya geriledi\u011fini belirten Ba\u015fkan Karalar, \u015funlar\u0131 s\u00f6yledi:<\/p>\n<p>\u201cGelir gider a\u00e7\u0131\u011f\u0131n\u0131 g\u00fcn ge\u00e7tik\u00e7e azalt\u0131yoruz. Muhtemelen Temmuz ay\u0131nda da bu fark, 10 ila 12 milyon liraya kadar d\u00fc\u015fecek. Hedefim Aral\u0131k veya Ocak ay\u0131nda B\u00fcy\u00fck\u015fehir Belediyesinde gelir ve gideri denk haline getirmek. Ben, maa\u015f \u00f6deyemeyen bir belediye ba\u015fkan\u0131 olamam. Ge\u00e7ti\u011fimiz g\u00fcnlerde bor\u00e7lanma talebinde bulunduk ancak meclisten ge\u00e7medi. Ben mecliste \u2018\u00c7al\u0131\u015fanlar\u0131m\u0131z\u0131n geriye d\u00f6n\u00fck alacaklar\u0131, bayram ikramiyesi ve har\u00e7l\u0131klar\u0131 var. Biraz da m\u00fcteahhitlere \u00f6deme yapal\u0131m\u2019 dedim ancak ne yaz\u0131k ki siyaset i\u015fin i\u00e7in girince bu talebim reddedildi. Yapacak bir \u015fey yok. Sonu\u00e7ta bu karar\u0131 ben tek ba\u015f\u0131ma alam\u0131yorum.\u201d<\/p>\n<p>Kurban Bayram\u0131 har\u00e7l\u0131\u011f\u0131 600 TL<\/p>\n<p>B\u00fcy\u00fck\u015fehir Belediyesindeki i\u015ften \u00e7\u0131karmalara da de\u011finen Karalar, \u201cHi\u00e7 kimse \u00e7al\u0131\u015fan\u0131n\u0131 i\u015ften \u00e7\u0131karmak ister mi? Bu d\u00fcnyan\u0131n en k\u00f6t\u00fc \u015feyi ancak e\u011fer i\u015f\u00e7iye \u00f6deyecek paran\u0131z yoksa tedbir almak zorunday\u0131z. 2 bu\u00e7uk milyon Adanal\u0131, benden hizmet bekliyor. Seyhan\u2019dayken ta\u015feronlara bayramlarda daha fazla har\u00e7l\u0131k vermek i\u00e7in \u00e7aba g\u00f6steriyorduk. Mevcut belediye ba\u015fkan\u0131 yap\u0131yor mu, bilmiyorum. Ge\u00e7ti\u011fimiz bayramda \u00e7al\u0131\u015fanlar\u0131ma ikramiye veremedi\u011fim i\u00e7in \u00e7ok \u00fcz\u00fclm\u00fc\u015ft\u00fcm. Bu bayramda 600 lira har\u00e7l\u0131k verece\u011fim\u201d diye konu\u015ftu.<\/p>\n<p>\u00c7al\u0131\u015fanlar\u0131ndan i\u015flerini iyi yapmas\u0131 temennisinde bulunan Karalar, \u201cMustafa Kemal Atat\u00fcrk\u2019\u00fcn dedi\u011fi gibi vatan\u0131n\u0131 en \u00e7ok seven, i\u015fini en iyi yapand\u0131r. Elinizden geldi\u011finin en iyisini yap\u0131n. Bayram\u0131n\u0131z\u0131 en i\u00e7ten dileklerimle kutluyorum. Her \u015fey \u00e7ok g\u00fczel olacak\u201d dedi.<\/p>\n<p>Konu\u015fmalar\u0131n ard\u0131ndan salonun fuayesine ge\u00e7en Ba\u015fkan Karalar belediye \u00e7al\u0131\u015fanlar\u0131yla tek tek selamla\u015farak bayramla\u015ft\u0131.<\/p>\n","protected":false},"excerpt":{"rendered":"<p>ADANA B\u00dcY\u00dcK\u015eEH\u0130R BELED\u0130YE BA\u015eKANI ZEYDAN KARALAR, \u00c7ALI\u015eANLARININ GER\u0130YE D\u00d6N\u00dcK ALACAKLARINI \u00d6DEMEK \u0130\u00c7\u0130N BOR\u00c7LANMA TALEB\u0130NDE BULUNDU\u011eUNU BEL\u0130RTEREK, BU TALEB\u0130N\u0130N S\u0130YAS\u0130 NEDENLERLE B\u00dcY\u00dcK\u015eEH\u0130R BELED\u0130YE MECL\u0130S\u0130 TARAFINDAN REDDED\u0130LD\u0130\u011e\u0130N\u0130 S\u00d6YLED\u0130. BA\u015eKAN KARALAR, BU BAYRAMDA ASK\u0130\u2019DEN GELEN GEL\u0130RLE, \u00c7ALI\u015eANLARINA 600 L\u0130RA BAYRAM HAR\u00c7LI\u011eI VERECE\u011e\u0130N\u0130 A\u00c7IKLADI.<\/p>\n","protected":false},"author":1,"featured_media":192097,"comment_status":"closed","ping_status":"open","sticky":false,"template":"","format":"standard","meta":{"jetpack_post_was_ever_published":false,"_jetpack_newsletter_access":"","_jetpack_dont_email_post_to_subs":false,"_jetpack_newsletter_tier_id":0,"_jetpack_memberships_contains_paywalled_content":false,"_jetpack_memberships_contains_paid_content":false,"footnotes":"","jetpack_publicize_message":"","jetpack_publicize_feature_enabled":true,"jetpack_social_post_already_shared":true,"jetpack_social_options":{"image_generator_settings":{"template":"highway","default_image_id":0,"font":"","enabled":false},"version":2}},"categories":[1],"tags":[216,134,125,4087,14603,2914,38539,48113],"class_list":["post-192096","post","type-post","status-publish","format-standard","has-post-thumbnail","hentry","category-genel","tag-baskani","tag-belediye","tag-bir","tag-calisanlarina","tag-karalar","tag-maas","tag-odeyemeyen","tag-olmayacagim"],"jetpack_publicize_connections":[],"jetpack_featured_media_url":"https:\/\/i0.wp.com\/www.tvturk.com\/wp-content\/uploads\/2019\/08\/karalar-calisanlarina-maas-odeyemeyen-bir-belediye-baskani-olmayacagim_4e55c87.jpg?fit=1000%2C662","jetpack_sharing_enabled":true,"jetpack_shortlink":"https:\/\/wp.me\/paKIfm-NYk","_links":{"self":[{"href":"http:\/\/www.tvturk.com\/index.php\/wp-json\/wp\/v2\/posts\/192096","targetHints":{"allow":["GET"]}}],"collection":[{"href":"http:\/\/www.tvturk.com\/index.php\/wp-json\/wp\/v2\/posts"}],"about":[{"href":"http:\/\/www.tvturk.com\/index.php\/wp-json\/wp\/v2\/types\/post"}],"author":[{"embeddable":true,"href":"http:\/\/www.tvturk.com\/index.php\/wp-json\/wp\/v2\/users\/1"}],"replies":[{"embeddable":true,"href":"http:\/\/www.tvturk.com\/index.php\/wp-json\/wp\/v2\/comments?post=192096"}],"version-history":[{"count":0,"href":"http:\/\/www.tvturk.com\/index.php\/wp-json\/wp\/v2\/posts\/192096\/revisions"}],"wp:featuredmedia":[{"embeddable":true,"href":"http:\/\/www.tvturk.com\/index.php\/wp-json\/wp\/v2\/media\/192097"}],"wp:attachment":[{"href":"http:\/\/www.tvturk.com\/index.php\/wp-json\/wp\/v2\/media?parent=192096"}],"wp:term":[{"taxonomy":"category","embeddable":true,"href":"http:\/\/www.tvturk.com\/index.php\/wp-json\/wp\/v2\/categories?post=192096"},{"taxonomy":"post_tag","embeddable":true,"href":"http:\/\/www.tvturk.com\/index.php\/wp-json\/wp\/v2\/tags?post=192096"}],"curies":[{"name":"wp","href":"https:\/\/api.w.org\/{rel}","templated":true}]}}