{"id":192148,"date":"2019-08-09T13:01:49","date_gmt":"2019-08-09T10:01:49","guid":{"rendered":"http:\/\/www.tvturk.com\/index.php\/buude-bayramlasma-sevinci\/"},"modified":"2019-08-09T13:01:49","modified_gmt":"2019-08-09T10:01:49","slug":"buude-bayramlasma-sevinci","status":"publish","type":"post","link":"http:\/\/www.tvturk.com\/index.php\/buude-bayramlasma-sevinci\/","title":{"rendered":"BU\u00dc\u2019de bayramla\u015fma sevinci"},"content":{"rendered":"<p>Bursa Uluda\u011f \u00dcniversitesi\u2019nde (BU\u00dc) bayramla\u015fma gelene\u011fi devam ediyor. Akademik ve idar\u00ee personelin ilgi g\u00f6sterdi\u011fi t\u00f6rende Prof. Dr. Ahmet Saim K\u0131lavuz ve rekt\u00f6r yard\u0131mc\u0131lar\u0131 b\u00fct\u00fcn personelle tek tek bayramla\u015ft\u0131.<\/p>\n<p>Prof. Dr. Mete Cengiz K\u00fclt\u00fcr Merkezi\u2019nde d\u00fczenlenen bayramla\u015fma t\u00f6reninde Rekt\u00f6r Prof. Dr. Ahmet Saim K\u0131lavuz, rekt\u00f6r yard\u0131mc\u0131lar\u0131 Prof. Dr. Ferudun Y\u0131lmaz, Prof. Dr. \u0130rfan K\u0131r\u0131\u015ft\u0131o\u011flu ve Prof. Dr. Adem Do\u011fang\u00fcn haz\u0131r bulundu. T\u00f6ren \u00f6ncesinde k\u0131sa bir selamlama konu\u015fmas\u0131 yapan K\u0131lavuz, birlik ve beraberlik ile daha ya\u015fan\u0131l\u0131r bir d\u00fcnya meydana getirmenin m\u00fcmk\u00fcn oldu\u011funun alt\u0131n\u0131 \u00e7izdi. \u0130d\u00e2re olarak g\u00f6revde 110 g\u00fcn\u00fc tamamlad\u0131klar\u0131n\u0131, akademik ve idar\u00ee  kadrolar\u0131m\u0131z ile kurban bayram\u0131na eri\u015fmekten dolay\u0131 mutlu oldu\u011funu vurgulayan Rekt\u00f6r Prof. Dr. Ahmet Saim K\u0131lavuz, \u201cCenab-\u0131 Hak\u2019tan sa\u011fl\u0131k ve afiyet \u00fczere nice bayramlara eri\u015fmemizi niyaz ediyorum. Bayram\u0131n ad\u0131 kurban. Kurban kelimesi yak\u0131nla\u015fmak demek. \u0130n\u015fallah bizim i\u00e7in manev\u00ee olarak dini de\u011ferlerimize yakla\u015fma noktas\u0131nda bir vesile olur. Kurban Bayram\u0131\u2019n\u0131n maddi ve manev\u00ee m\u00e2n\u00e2da \u00f6\u011frencilerimizin, akademik ve idar\u00ee  personellerimizin, t\u00fcm payda\u015flar\u0131m\u0131z\u0131n, \u015fehrimizin, \u00fclkemizin, \u0130slam d\u00fcnyas\u0131n\u0131n ve en geni\u015f platformda da b\u00fct\u00fcn insanl\u0131\u011f\u0131n birbirine yak\u0131nla\u015fmas\u0131na ve dayan\u0131\u015fmas\u0131na vesile olmas\u0131n\u0131 diliyorum. Bayram\u0131n huzur i\u00e7erisinde sa\u011fl\u0131kla, afiyetle, sevdiklerinizle, bug\u00fcn\u00fcn\u00fczden daha iyi ge\u00e7ecek \u015fekilde idrak edilmesini ve hay\u0131rlara vesile olmas\u0131n\u0131 Rabbimden niyaz ediyorum\u201d dedi.<\/p>\n<p>Program\u0131n ard\u0131ndan Rekt\u00f6r Prof. Dr. Ahmet Saim K\u0131lavuz ve rekt\u00f6r yard\u0131mc\u0131lar\u0131 Prof. Dr. FerudunY\u0131lmaz, Prof. Dr. \u0130rfan K\u0131r\u0131\u015ft\u0131o\u011flu ve Prof. Dr. Adem Do\u011fang\u00fcn t\u00f6rene kat\u0131lan b\u00fct\u00fcn personel ile tek tek bayramla\u015ft\u0131.<\/p>\n","protected":false},"excerpt":{"rendered":"<p>BURSA ULUDA\u011e \u00dcN\u0130VERS\u0130TES\u0130\u2019NDE (BU\u00dc) BAYRAMLA\u015eMA GELENE\u011e\u0130 DEVAM ED\u0130YOR. AKADEM\u0130K VE \u0130DAR\u00ce PERSONEL\u0130N \u0130LG\u0130 G\u00d6STERD\u0130\u011e\u0130 T\u00d6RENDE PROF. DR. AHMET SA\u0130M KILAVUZ VE REKT\u00d6R YARDIMCILARI B\u00dcT\u00dcN PERSONELLE TEK TEK BAYRAMLA\u015eTI.<\/p>\n","protected":false},"author":1,"featured_media":192149,"comment_status":"closed","ping_status":"open","sticky":false,"template":"","format":"standard","meta":{"jetpack_post_was_ever_published":false,"_jetpack_newsletter_access":"","_jetpack_dont_email_post_to_subs":false,"_jetpack_newsletter_tier_id":0,"_jetpack_memberships_contains_paywalled_content":false,"_jetpack_memberships_contains_paid_content":false,"footnotes":"","jetpack_publicize_message":"","jetpack_publicize_feature_enabled":true,"jetpack_social_post_already_shared":true,"jetpack_social_options":{"image_generator_settings":{"template":"highway","default_image_id":0,"font":"","enabled":false},"version":2}},"categories":[1],"tags":[39511,13417,821],"class_list":["post-192148","post","type-post","status-publish","format-standard","has-post-thumbnail","hentry","category-genel","tag-bayramlasma","tag-buude","tag-sevinci"],"jetpack_publicize_connections":[],"jetpack_featured_media_url":"https:\/\/i0.wp.com\/www.tvturk.com\/wp-content\/uploads\/2019\/08\/buude-bayramlasma-sevinci_c289c3f.jpg?fit=1000%2C666","jetpack_sharing_enabled":true,"jetpack_shortlink":"https:\/\/wp.me\/paKIfm-NZa","_links":{"self":[{"href":"http:\/\/www.tvturk.com\/index.php\/wp-json\/wp\/v2\/posts\/192148","targetHints":{"allow":["GET"]}}],"collection":[{"href":"http:\/\/www.tvturk.com\/index.php\/wp-json\/wp\/v2\/posts"}],"about":[{"href":"http:\/\/www.tvturk.com\/index.php\/wp-json\/wp\/v2\/types\/post"}],"author":[{"embeddable":true,"href":"http:\/\/www.tvturk.com\/index.php\/wp-json\/wp\/v2\/users\/1"}],"replies":[{"embeddable":true,"href":"http:\/\/www.tvturk.com\/index.php\/wp-json\/wp\/v2\/comments?post=192148"}],"version-history":[{"count":0,"href":"http:\/\/www.tvturk.com\/index.php\/wp-json\/wp\/v2\/posts\/192148\/revisions"}],"wp:featuredmedia":[{"embeddable":true,"href":"http:\/\/www.tvturk.com\/index.php\/wp-json\/wp\/v2\/media\/192149"}],"wp:attachment":[{"href":"http:\/\/www.tvturk.com\/index.php\/wp-json\/wp\/v2\/media?parent=192148"}],"wp:term":[{"taxonomy":"category","embeddable":true,"href":"http:\/\/www.tvturk.com\/index.php\/wp-json\/wp\/v2\/categories?post=192148"},{"taxonomy":"post_tag","embeddable":true,"href":"http:\/\/www.tvturk.com\/index.php\/wp-json\/wp\/v2\/tags?post=192148"}],"curies":[{"name":"wp","href":"https:\/\/api.w.org\/{rel}","templated":true}]}}