{"id":192150,"date":"2019-08-09T13:01:53","date_gmt":"2019-08-09T10:01:53","guid":{"rendered":"http:\/\/www.tvturk.com\/index.php\/4-ayda-4-ton-cikolata-harcayarak-sehir-insa-etti\/"},"modified":"2019-08-09T13:01:53","modified_gmt":"2019-08-09T10:01:53","slug":"4-ayda-4-ton-cikolata-harcayarak-sehir-insa-etti","status":"publish","type":"post","link":"http:\/\/www.tvturk.com\/index.php\/4-ayda-4-ton-cikolata-harcayarak-sehir-insa-etti\/","title":{"rendered":"4 ayda 4 ton \u00e7ikolata harcayarak \u015fehir in\u015fa etti"},"content":{"rendered":"<p>Bel\u00e7ika\u2019da ya\u015fayan Mesut K\u0131r\u0131ml\u0131 4 ton \u00e7ikolata harcayarak UNESCO Miras Listesi\u2019nde bulunan Safranbolu il\u00e7esindeki han, hamam, konak ve cami gibi Osmanl\u0131 eserlerinin 1\/10 \u00f6l\u00e7e\u011finde \u00e7ikolatadan yapt\u0131\u011f\u0131 tarihi yap\u0131lar\u0131 m\u00fczede sergilemeye a\u00e7t\u0131.<\/p>\n<p>Uzun y\u0131llar Bel\u00e7ika\u2019da bulunan ve \u00e7ikolata imalat\u0131 konusunda akademik e\u011fitim alan Mesut K\u0131r\u0131ml\u0131, d\u00fcnyan\u0131n en iyi korunan 20 kenti aras\u0131nda bulunan Safranbolu\u2019nun tarihi evlerini ve eserlerini \u00e7ikolatadan in\u015fa etti. Osmanl\u0131 mimarisini ya\u015fatan konak, \u00e7e\u015fme, han, hamam ve camilere sahip eserlerinin yan\u0131 s\u0131ra Safran \u00e7i\u00e7e\u011fi, cam teras ve Meclis ma\u011faras\u0131n\u0131 \u00e7ikolatadan yapan K\u0131r\u0131ml\u0131, yakla\u015f\u0131k 4 ton civar\u0131nda \u00e7ikolata harcad\u0131. Her t\u00fcrl\u00fc \u00e7ikolata kaplama tekniklerini uygulayarak in\u015fa edilen \u00e7ikolata kentinin yap\u0131m\u0131 4 ay s\u00fcrd\u00fc. \u0130\u00e7erisinde \u00e7ikolata havuzunun da yer ald\u0131\u011f\u0131 m\u00fczeyi gezenler ayr\u0131ca \u00e7ikolata yap\u0131m\u0131n\u0131 da birebir izleyerek bilgi sahibi olmas\u0131n\u0131n yan\u0131 s\u0131ra, kad\u0131nlara \u00e7ikolatadan y\u00fcz maskesi de uygulan\u0131yor.<\/p>\n<p>\u201cB\u00fct\u00fcn tarihi eserleri tamamen \u00e7ikolatadan in\u015fa ettik\u201d<\/p>\n<p>Bel\u00e7ika\u2019da \u00e7ikolata \u00fczerine akademik bir e\u011fitim ald\u0131\u011f\u0131n\u0131 ifade eden Mesut K\u0131r\u0131ml\u0131, \u201c2014 y\u0131l\u0131nda akademik alanda Bel\u00e7ika birincili\u011fim var. \u00c7ikolata benim hayat\u0131m\u0131n her evresine i\u015flemi\u015f durumdad\u0131r. Biz My Safran projesi ile Safranbolu\u2019muzun k\u00fclt\u00fcrel ve tarihi de\u011ferlerine dikkat \u00e7ekmek istedik. Toplumumuzda bir \u00e7ikolata k\u00fclt\u00fcr\u00fc ve bilinci olu\u015fturmak istedik. Kurmak istedi\u011fimiz zincirin ilk halkas\u0131nda Safranbolu \u015fehrini se\u00e7erek devasa boyutlarda 1 b\u00f6l\u00fc 10 \u00f6l\u00e7ekli ebatta Safranbolu\u2019da g\u00f6rm\u00fc\u015f oldu\u011funuz b\u00fct\u00fcn tarihi eserleri tamamen \u00e7ikolatadan in\u015fa ettik&#8221; dedi.<\/p>\n<p>\u201c4 ton civar\u0131nda \u00e7ikolata harcad\u0131k\u201d<\/p>\n<p>D\u00fcnyada bu t\u00fcr m\u00fczelerdeki eserlerin  genelde minyat\u00fcr versiyonda oldu\u011funu belirten K\u0131r\u0131ml\u0131, \u201cBu derece b\u00fcy\u00fck, bir ilktir bu. Bu ilk de Safranbolu\u2019ya nasip oldu. \u00c7ikolatan\u0131n bu derece mukavemetini artt\u0131rmak ve bu derece y\u00fcksek binalar in\u015fa etmek ger\u00e7ekten kolay de\u011fil. 4 ayd\u0131r s\u00fcredir geceli g\u00fcnd\u00fczl\u00fc bu konu \u00fczerinde ekip olarak \u00e7al\u0131\u015fmaktay\u0131z. Yakla\u015f\u0131k olarak 4 ton civar\u0131nda \u00e7ikolata harcad\u0131k. De\u011fi\u015fik kaplama teknikleri kulland\u0131k. Blok kaplama, negatif kaplama ve pozitif kaplama gibi \u00e7ikolata ile ilgili her t\u00fcrl\u00fc tekni\u011fi bu m\u00fczede kulland\u0131k. \u00d6rnek eserlerimizde orijinalinde bir pencere hafif e\u011fri ise bizim eserimizde o pencere de e\u011fridir. \u00d6rne\u011fin Ulu Camii\u2019ye nam\u0131 di\u011fer Ayestefenos Kilisesine kar\u015f\u0131dan bakt\u0131\u011f\u0131n\u0131zda bir pencerenin olmad\u0131\u011f\u0131n\u0131 g\u00f6r\u00fcrs\u00fcn\u00fcz. Yani biz bire bir orijinalli\u011fine dikkat ettik ve ayn\u0131s\u0131n\u0131 yapmaya \u00f6zen g\u00f6sterdik. Tabi ufak tefek kusurlar\u0131m\u0131z muhakkak olmu\u015ftur\u201d dedi.<\/p>\n<p>\u201cToplumumuzun ger\u00e7ek \u00e7ikolata ile tan\u0131\u015fma vakti geldi\u201d<\/p>\n<p>T\u00fcrkiye genelinde insanlara \u00e7ikolata ad\u0131 alt\u0131nda kokolin i\u00e7eren \u00fcr\u00fcnlerin yedirildi\u011fini s\u00f6yleyen K\u0131r\u0131ml\u0131, \u201cAllah bizim v\u00fccudumuzu 37.5 derecede ayarlam\u0131\u015f. 40 derecede bir insano\u011flu hasta olup ate\u015ften \u00f6lmekte. Kakao ya\u011f\u0131 \u00e7ikolatay\u0131 \u00e7ikolata yapan k\u0131ymetli o g\u00fczel sa\u011fl\u0131kl\u0131 ya\u011f 37.5 derecede tamamen \u00e7\u00f6z\u00fclmektedir. Ama kokolin dedi\u011fimiz ya\u011f ancak ve ancak 55 derecede \u00e7\u00f6z\u00fclmeye ba\u015flamaktad\u0131r. Yani biz 40 derecede \u00f6len bir v\u00fccuda, 55 derecede \u00e7\u00f6z\u00fclen bir ya\u011f\u0131 \u00e7ikolata ad\u0131 alt\u0131nda doldurduk. Biz buna dur deme zaman\u0131n\u0131n geldi\u011fine inan\u0131yoruz. Art\u0131k toplumumuzun ger\u00e7ek \u00e7ikolata ile tan\u0131\u015fma vakti geldi diyoruz\u201d ifadelerini kulland\u0131.<\/p>\n<p>\u201cSa\u011fl\u0131kl\u0131 ve sa\u011fl\u0131ks\u0131z \u00e7ikolata aras\u0131ndaki fark\u0131 \u00f6\u011fretmek istiyoruz\u201d<\/p>\n<p>K\u0131r\u0131ml\u0131 insanlar\u0131n \u00e7ikolata m\u00fczesini gezerken ayn\u0131 zamanda el yap\u0131m\u0131 \u00e7ikolatan\u0131n nas\u0131l yap\u0131ld\u0131\u011f\u0131n\u0131 b\u00fcy\u00fck bir ekran kar\u015f\u0131s\u0131nda g\u00f6rebileceklerini  ve bu anlara \u015fahit olacaklar\u0131n\u0131 ifade ederek \u015funlar\u0131 s\u00f6yledi:<\/p>\n<p>\u201c\u00c7ikolata konusunda da bilin\u00e7lenmektedir. Hatta bu proje ba\u011flam\u0131nda b\u00fct\u00fcn ilkokullar\u0131 \u00fccretsiz olarak buraya getirmek istiyoruz.  \u00c7ocuklar\u0131m\u0131z\u0131 ger\u00e7ek \u00e7ikolata ile sa\u011fl\u0131kl\u0131 olmayan \u00e7ikolata aras\u0131ndaki fark\u0131 \u00f6\u011fretmek istiyoruz.\u201d<\/p>\n<p>M\u00fczede \u00e7ikolatadan yap\u0131lm\u0131\u015f \u00fcr\u00fcnler hakk\u0131nda bilgi veren K\u0131r\u0131ml\u0131, \u201cM\u00fczemize konuklar\u0131m\u0131z girdi\u011finde Cinci Hamam\u0131ndan, han\u0131ndan, Safranbolu tarihi \u00e7e\u015fmesinden, Bulak Meclis Ma\u011faras\u0131ndan, krsital cam terastan, H\u00fck\u00fcmet Kona\u011f\u0131ndan, \u0130zzetpa\u015fa Camii\u2019nden, Kaymakamlar Evinden, Ulu Cami\u2019nden, K\u00f6pr\u00fcl\u00fc Mehmet Pa\u015fa Camii\u2019nden, L\u00fctfiye Camii\u2019nden, \u0130ncekaya Su Kemerinden, H\u0131d\u0131rl\u0131k tepesinden ve Safran \u00c7i\u00e7e\u011fi maketinden her \u015feyi g\u00f6rmekteler\u201d dedi.<\/p>\n<p>\u201cDevlet b\u00fcy\u00fcklerimizin \u00e7ikolatadan dev posterlerini yapmay\u0131 planl\u0131yoruz\u201d<\/p>\n<p>M\u00fcze i\u00e7erisine ilave edecek birka\u00e7 eserin daha oldu\u011funu kaydeden K\u0131r\u0131ml\u0131, \u201cM\u00fczemize tarihi binalar\u0131n yan\u0131nda Safranbolu\u2019muza ve \u00fclkemize hizmet veren devlet b\u00fcy\u00fcklerimizin bire bir \u00e7ikolatadan dev posterlerini yapmay\u0131 planl\u0131yoruz. Onlar\u0131 da tamamlad\u0131ktan sonra a\u00e7\u0131l\u0131\u015f\u0131m\u0131z\u0131 yapaca\u011f\u0131z\u201d diye konu\u015ftu.<\/p>\n<p>Ayr\u0131ca K\u0131r\u0131ml\u0131, m\u00fcze i\u00e7erisinde kad\u0131nlar\u0131n\u0131n cilt bak\u0131m maskelerinin favorileri aras\u0131nda bulunan \u00e7ikolata maskesinin de yap\u0131laca\u011f\u0131n\u0131 aktard\u0131.<\/p>\n","protected":false},"excerpt":{"rendered":"<p>OSMANLI M\u0130MAR\u0130S\u0130N\u0130 YA\u015eATAN KONAK, \u00c7E\u015eME, HAN, HAMAM VE CAM\u0130LERE SAH\u0130P ESERLER\u0130 \u00c7\u0130KOLATADAN YAPAN KIRIMLI, YAKLA\u015eIK 4 TON C\u0130VARINDA \u00c7\u0130KOLATA HARCADI. HER T\u00dcRL\u00dc \u00c7\u0130KOLATA KAPLAMA TEKN\u0130KLER\u0130N\u0130 UYGULAYARAK \u0130N\u015eA ED\u0130LEN \u00c7\u0130KOLATA KENT\u0130N\u0130N YAPIMI 4 AY S\u00dcRD\u00dc. 2014 YILINDA \u00c7\u0130KOLATA KONUSUNDA BEL\u00c7\u0130KA\u2019DA B\u0130R\u0130NC\u0130L\u0130\u011e\u0130 BULUNAN KIRIMLI\u2019NIN ASIL AMACI TOPLUMU GER\u00c7EK \u00c7\u0130KOLATA \u0130LE BULU\u015eTURMAK.<\/p>\n","protected":false},"author":1,"featured_media":192151,"comment_status":"closed","ping_status":"open","sticky":false,"template":"","format":"standard","meta":{"jetpack_post_was_ever_published":false,"_jetpack_newsletter_access":"","_jetpack_dont_email_post_to_subs":false,"_jetpack_newsletter_tier_id":0,"_jetpack_memberships_contains_paywalled_content":false,"_jetpack_memberships_contains_paid_content":false,"footnotes":"","jetpack_publicize_message":"","jetpack_publicize_feature_enabled":true,"jetpack_social_post_already_shared":true,"jetpack_social_options":{"image_generator_settings":{"template":"highway","default_image_id":0,"font":"","enabled":false},"version":2}},"categories":[1],"tags":[1164,2737,207,48123,3148,553,6778],"class_list":["post-192150","post","type-post","status-publish","format-standard","has-post-thumbnail","hentry","category-genel","tag-ayda","tag-cikolata","tag-etti","tag-harcayarak","tag-insa","tag-sehir","tag-ton"],"jetpack_publicize_connections":[],"jetpack_featured_media_url":"https:\/\/i0.wp.com\/www.tvturk.com\/wp-content\/uploads\/2019\/08\/4-ayda-4-ton-cikolata-harcayarak-sehir-insa-etti_d5c17d4.jpg?fit=1000%2C666","jetpack_sharing_enabled":true,"jetpack_shortlink":"https:\/\/wp.me\/paKIfm-NZc","_links":{"self":[{"href":"http:\/\/www.tvturk.com\/index.php\/wp-json\/wp\/v2\/posts\/192150","targetHints":{"allow":["GET"]}}],"collection":[{"href":"http:\/\/www.tvturk.com\/index.php\/wp-json\/wp\/v2\/posts"}],"about":[{"href":"http:\/\/www.tvturk.com\/index.php\/wp-json\/wp\/v2\/types\/post"}],"author":[{"embeddable":true,"href":"http:\/\/www.tvturk.com\/index.php\/wp-json\/wp\/v2\/users\/1"}],"replies":[{"embeddable":true,"href":"http:\/\/www.tvturk.com\/index.php\/wp-json\/wp\/v2\/comments?post=192150"}],"version-history":[{"count":0,"href":"http:\/\/www.tvturk.com\/index.php\/wp-json\/wp\/v2\/posts\/192150\/revisions"}],"wp:featuredmedia":[{"embeddable":true,"href":"http:\/\/www.tvturk.com\/index.php\/wp-json\/wp\/v2\/media\/192151"}],"wp:attachment":[{"href":"http:\/\/www.tvturk.com\/index.php\/wp-json\/wp\/v2\/media?parent=192150"}],"wp:term":[{"taxonomy":"category","embeddable":true,"href":"http:\/\/www.tvturk.com\/index.php\/wp-json\/wp\/v2\/categories?post=192150"},{"taxonomy":"post_tag","embeddable":true,"href":"http:\/\/www.tvturk.com\/index.php\/wp-json\/wp\/v2\/tags?post=192150"}],"curies":[{"name":"wp","href":"https:\/\/api.w.org\/{rel}","templated":true}]}}