{"id":192160,"date":"2019-08-09T13:16:34","date_gmt":"2019-08-09T10:16:34","guid":{"rendered":"http:\/\/www.tvturk.com\/index.php\/temmuz-ayinin-siyaset-gundemi-aciklandi\/"},"modified":"2019-08-09T13:16:34","modified_gmt":"2019-08-09T10:16:34","slug":"temmuz-ayinin-siyaset-gundemi-aciklandi","status":"publish","type":"post","link":"http:\/\/www.tvturk.com\/index.php\/temmuz-ayinin-siyaset-gundemi-aciklandi\/","title":{"rendered":"Temmuz ay\u0131n\u0131n siyaset g\u00fcndemi a\u00e7\u0131kland\u0131"},"content":{"rendered":"<p>Medya Takip Merkezi (MTM) taraf\u0131ndan haz\u0131rlanan raporda, Temmuz ay\u0131n\u0131n siyaset g\u00fcndeminde en \u00e7ok, 15 Temmuz kutlamalar\u0131 ve S-400 sevkiyatlar\u0131 konu\u015fuldu.<\/p>\n<p>Medya Takip Merkezi (MTM) taraf\u0131ndan haz\u0131rlanan raporda, Temmuz ay\u0131n\u0131n siyaset g\u00fcndeminin ba\u015fl\u0131klar\u0131 belirlendi. Geride b\u0131rakt\u0131\u011f\u0131m\u0131z ay i\u00e7erisinde 159 bin 159 habere konu olan 15 Temmuz kutlamalar\u0131, medyan\u0131n en \u00e7ok yer verdi\u011fi ba\u015fl\u0131k olurken, sevkiyat\u0131 h\u0131z kesmeden devam etmekte olan S-400 f\u00fcze sistemi haberleri ise Haziran ay\u0131nda oldu\u011fu gibi g\u00fcndemde kalan konular\u0131n ba\u015f\u0131nda geldi. Yeni parti iddialar\u0131 ile s\u0131k s\u0131k g\u00fcndeme gelen Ali Babacan ve T\u00fcrkiye Cumhuriyeti\u2019nin 11\u2019inci Cumhurba\u015fkan\u0131 Abdullah G\u00fcl de siyaset g\u00fcndeminin \u00e7ok konu\u015fulan isimlerinden oldu.<\/p>\n<p>Atat\u00fcrk Havaliman\u0131\u2019nda 15 Temmuz bulu\u015fmas\u0131<\/p>\n<p>2016 y\u0131l\u0131nda ya\u015fanan darbe giri\u015fimin 3\u2019\u00fcnc\u00fc y\u0131l\u0131nda, Cumhurba\u015fkanl\u0131\u011f\u0131 \u0130leti\u015fim Ba\u015fkanl\u0131\u011f\u0131 taraf\u0131ndan 15 Temmuz Demokrasi ve Milli Birlik G\u00fcn\u00fc dolay\u0131s\u0131yla Atat\u00fcrk Havaliman\u0131\u2019nda etkinlik ger\u00e7ekle\u015ftirildi. D\u00fczenlenen gecede konu\u015fan Cumhurba\u015fkan\u0131 Recep Tayyip Erdo\u011fan, &#8220;Her an\u0131m\u0131zda \u00f6zellikle de 15 Temmuz\u2019da \u015fehitlerimizi, gazilerimizi, meydanlar\u0131 dolduran kahramanlar\u0131m\u0131z\u0131 hep kalbimizde ya\u015fataca\u011f\u0131z. 15 Temmuz gecesi T\u00fcrkiye\u2019yi karanl\u0131\u011fa g\u00f6mmek istediler ama ba\u015faramad\u0131lar. Allah\u2019\u0131n izniyle bu \u00fclkeyi kimse i\u015fgal edemez, bu milleti kimse k\u00f6le yapamaz&#8221; dedi.<\/p>\n<p>Cumhurba\u015fkan\u0131 ayr\u0131ca 15 Temmuz Demokrasi ve Milli Birlik G\u00fcn\u00fc dolay\u0131s\u0131yla Cumhurba\u015fkanl\u0131\u011f\u0131 K\u00fclliyesi\u2019nin ana giri\u015f kap\u0131s\u0131n\u0131n kar\u015f\u0131s\u0131nda bulunan 15 Temmuz \u015eehitler An\u0131t\u0131\u2019n\u0131 da ziyaret etti.<\/p>\n<p>\u0130stanbul B\u00fcy\u00fck\u015fehir Belediye Ba\u015fkan\u0131 Ekrem \u0130mamo\u011flu da 15 Temmuz Demokrasi ve Milli Birlik G\u00fcn\u00fc kapsam\u0131nda Sara\u00e7hane\u2019de d\u00fczenlenen etkinli\u011fe kat\u0131ld\u0131. Ge\u00e7mi\u015fte ya\u015fananlardan ders al\u0131nmad\u0131\u011f\u0131n\u0131 belirten \u0130mamo\u011flu, &#8220;Herkes bilsin ki 15 Temmuz\u2019un kahramanlar\u0131na, aziz \u015fehitlerimiz ve gazilerimize, sevgi, sayg\u0131 ve \u015f\u00fckran duygular\u0131m\u0131z hi\u00e7 ama hi\u00e7bir zaman eksilmeyecek&#8221; ifadelerini kulland\u0131.<\/p>\n<p>Sadece \u0130stanbul\u2019da de\u011fil, yurdun d\u00f6rt bir yan\u0131nda \u015fehitleri anma etkinlikleri d\u00fczenlendi. Ankara B\u00fcy\u00fck\u015fehir Belediyesince FET\u00d6\u2019n\u00fcn 2016\u2019da ger\u00e7ekle\u015ftirdi\u011fi darbe giri\u015fiminde \u015fehit d\u00fc\u015fen 251 ki\u015fi i\u00e7in Hac\u0131 Bayram Veli Camisi\u2019nde mevlit okutuldu. \u0130zmir\u2019in Kemalpa\u015fa ve \u00d6demi\u015f il\u00e7elerinde 15 Temmuz Demokrasi ve Milli Birlik G\u00fcn\u00fc dolay\u0131s\u0131yla \u00e7e\u015fitli anma etkinlikleri d\u00fczenlendi. Mardin\u2019de merkez Artuklu il\u00e7esi Mustafa Yaman Caddesi\u2019ndeki programda sayg\u0131 duru\u015funda bulunuldu, \u0130stiklal Mar\u015f\u0131 okundu, \u015fehitler i\u00e7in dua edildi.<\/p>\n<p>Medya Takip Merkezi\u2019nin ara\u015ft\u0131rmas\u0131na g\u00f6re 15 Temmuz, 159 bin 159 habere konu olarak siyaset g\u00fcndeminin en \u00e7ok konu\u015fulan konusu oldu.<\/p>\n<p>S-400 sevkiyat\u0131 devam ediyor<\/p>\n<p>Milli Savunma Bakanl\u0131\u011f\u0131\u2019n\u0131n, uzun s\u00fcredir g\u00fcndemi me\u015fgul eden S-400 hava savunma f\u00fczeleri ile ilgili yapt\u0131\u011f\u0131 a\u00e7\u0131klamada; &#8220;S-400 Uzun Menzilli B\u00f6lge Hava ve F\u00fcze Savunma Sisteminin birinci grup malzemelerinin M\u00fcrted Hava Meydan\u0131 \/ Ankara\u2019ya intikali, 12 Temmuz 2019 tarihinden itibaren ba\u015flad\u0131\u011f\u0131 belirtildi. Sistem b\u00fct\u00fcn\u00fcyle haz\u0131r olduktan sonra ilgili makamlar\u0131n belirleyece\u011fi \u015fekilde kullan\u0131m\u0131na ba\u015flanaca\u011f\u0131 ifade edildi.<\/p>\n<p>T\u00fcrkiye ile ba\u015fta ABD olmak \u00fczere NATO \u00fclkeleri aras\u0131nda sorun olu\u015fturan Rus yap\u0131m\u0131 S-400 hava savunma sisteminin ilk parti sevkiyat\u0131n\u0131n ba\u015flamas\u0131, Amerikan bas\u0131n\u0131nda geni\u015f yer buldu. New York Times gazetesi bunun ABD\u2019nin yapt\u0131r\u0131mlar\u0131n\u0131 tetikleyebilecek ve Ankara\u2019n\u0131n NATO ittifak\u0131n\u0131 s\u0131nayacak bir s\u00fcre\u00e7 oldu\u011fu yorumunu yapt\u0131.<\/p>\n<p>Rusya Federal Askeri ve Teknik \u0130\u015fbirli\u011fi Servisi (FSVTS) Ba\u015fkan\u0131 Dmitriy \u015eugayev, T\u00fcrkiye S-400 sevkiyat\u0131n\u0131n ikinci a\u015famas\u0131n\u0131n gelecek aylarda ger\u00e7ekle\u015fece\u011fini s\u00f6yledi. Sovyetler Birli\u011fi d\u00f6neminde S-300 f\u00fczelerinin \u00fcretilmesinden sonra geli\u015ftirilmeye ba\u015flayan S-400 sistemi, 2007\u2019den bu yana Rusya\u2019n\u0131n silah envanterinde yer al\u0131yor. \u00d6nemli siyasi, ekonomik ve askeri hedefleri \u2019y\u00fcksek etkili koruma\u2019 i\u00e7in tasarlanan bir sistem olarak tan\u0131mlanan S-400\u2019ler, 85 bin 487 habere konu olarak listede ikinci s\u0131rada yer ald\u0131.<\/p>\n<p>Yeni kurulacak partilerde \u00f6ne \u00e7\u0131kan isimler<\/p>\n<p>Yap\u0131lan ikinci se\u00e7im sonras\u0131nda, \u0130stanbul B\u00fcy\u00fck\u015fehir Belediye Ba\u015fkan\u0131\u2019n\u0131n belli olmas\u0131n\u0131n ard\u0131ndan siyasetin yeni g\u00fcndem maddelerinin ba\u015f\u0131nda yeni parti iddialar\u0131 gelmeye ba\u015flad\u0131. Eski Ba\u015fbakan Yard\u0131mc\u0131s\u0131 Ali Babacan\u2019\u0131n genel ba\u015fkanl\u0131\u011f\u0131n\u0131 \u00fcstlenece\u011fi iddia edilen yeni parti \u00e7al\u0131\u015fmalar\u0131yla ilgili eski Cumhurba\u015fkan\u0131 Abdullah G\u00fcl ve Be\u015fir Atalay gibi siyasilerin isimleri \u00f6n plana \u00e7\u0131k\u0131yor. Eski Ba\u015fbakan Ahmet Davuto\u011flu\u2019nun da yeni bir parti kuraca\u011f\u0131, g\u00fcndemde olan konular aras\u0131ndayd\u0131.<\/p>\n<p>Eski Ak Parti \u0130stanbul Milletvekili Emin \u015eirin kat\u0131ld\u0131\u011f\u0131 bir televizyon program\u0131nda Abdullah G\u00fcl ile Ali Babacan\u2019\u0131n \u00f6nderli\u011finde kurulaca\u011f\u0131 \u00f6ne s\u00fcr\u00fclen yeni partide, Fehmi Koru ile Be\u015fir Atalay\u2019\u0131n da kurmay ekipte yer alaca\u011f\u0131n\u0131 s\u00f6yledi. Ali Babacan\u2019\u0131n yeni parti kuraca\u011f\u0131 iddialar\u0131 hakk\u0131nda de\u011ferlendirmelerde bulunan \u0130Y\u0130 Parti Genel Ba\u015fkan\u0131 Meral Ak\u015fener, \u201cT\u00fcrkiye a\u00e7\u0131s\u0131ndan iyi olaca\u011f\u0131na inan\u0131yorum. \u00c7e\u015fitlilik g\u00fczel bir \u015feydir&#8221; ifadelerini kulland\u0131.<\/p>\n<p>Cumhurba\u015fkan\u0131 Recep Tayyip Erdo\u011fan ise yeni parti kurma haz\u0131rl\u0131\u011f\u0131nda olan Ahmet Davuto\u011flu, Ali Babacan ve Abdullah G\u00fcl\u2019e g\u00f6nderme yaparak, &#8220;Bug\u00fcn AK Parti\u2019nin kap\u0131s\u0131, giren herkese a\u00e7\u0131kt\u0131r. \u0130htiraslar\u0131, h\u0131rslar\u0131 y\u00fcz\u00fcnden yollar\u0131n\u0131 kaybedenleri bir kenara b\u0131rakacak olursak, adeta AK Parti\u2019de g\u00f6zlerini a\u00e7an ve hayat\u0131n\u0131n en anlaml\u0131 y\u0131llar\u0131n\u0131 burada ge\u00e7iren bir nesle sahibiz&#8221; diye konu\u015ftu.<\/p>\n<p>MTM\u2019nin ayn\u0131 raporuna g\u00f6re, yeni parti iddialar\u0131yla g\u00fcndeme gelen Ali Babacan 22 bin 644 habere konu olurken, Abdullah G\u00fcl ise 11 bin 392 haber ile siyaset g\u00fcndemindeki yerini ald\u0131.<\/p>\n","protected":false},"excerpt":{"rendered":"<p>MEDYA TAK\u0130P MERKEZ\u0130 (MTM) TARAFINDAN HAZIRLANAN RAPORDA, TEMMUZ AYININ S\u0130YASET G\u00dcNDEM\u0130NDE EN \u00c7OK, 15 TEMMUZ KUTLAMALARI VE S-400 SEVK\u0130YATLARI KONU\u015eULDU.<\/p>\n","protected":false},"author":1,"featured_media":192161,"comment_status":"closed","ping_status":"open","sticky":false,"template":"","format":"standard","meta":{"jetpack_post_was_ever_published":false,"_jetpack_newsletter_access":"","_jetpack_dont_email_post_to_subs":false,"_jetpack_newsletter_tier_id":0,"_jetpack_memberships_contains_paywalled_content":false,"_jetpack_memberships_contains_paid_content":false,"footnotes":"","jetpack_publicize_message":"","jetpack_publicize_feature_enabled":true,"jetpack_social_post_already_shared":true,"jetpack_social_options":{"image_generator_settings":{"template":"highway","default_image_id":0,"font":"","enabled":false},"version":2}},"categories":[1],"tags":[2397,7009,3956,11136,1148],"class_list":["post-192160","post","type-post","status-publish","format-standard","has-post-thumbnail","hentry","category-genel","tag-aciklandi","tag-ayinin","tag-gundemi","tag-siyaset","tag-temmuz"],"jetpack_publicize_connections":[],"jetpack_featured_media_url":"https:\/\/i0.wp.com\/www.tvturk.com\/wp-content\/uploads\/2019\/08\/temmuz-ayinin-siyaset-gundemi-aciklandi_5925884.jpg?fit=1000%2C561","jetpack_sharing_enabled":true,"jetpack_shortlink":"https:\/\/wp.me\/paKIfm-NZm","_links":{"self":[{"href":"http:\/\/www.tvturk.com\/index.php\/wp-json\/wp\/v2\/posts\/192160","targetHints":{"allow":["GET"]}}],"collection":[{"href":"http:\/\/www.tvturk.com\/index.php\/wp-json\/wp\/v2\/posts"}],"about":[{"href":"http:\/\/www.tvturk.com\/index.php\/wp-json\/wp\/v2\/types\/post"}],"author":[{"embeddable":true,"href":"http:\/\/www.tvturk.com\/index.php\/wp-json\/wp\/v2\/users\/1"}],"replies":[{"embeddable":true,"href":"http:\/\/www.tvturk.com\/index.php\/wp-json\/wp\/v2\/comments?post=192160"}],"version-history":[{"count":0,"href":"http:\/\/www.tvturk.com\/index.php\/wp-json\/wp\/v2\/posts\/192160\/revisions"}],"wp:featuredmedia":[{"embeddable":true,"href":"http:\/\/www.tvturk.com\/index.php\/wp-json\/wp\/v2\/media\/192161"}],"wp:attachment":[{"href":"http:\/\/www.tvturk.com\/index.php\/wp-json\/wp\/v2\/media?parent=192160"}],"wp:term":[{"taxonomy":"category","embeddable":true,"href":"http:\/\/www.tvturk.com\/index.php\/wp-json\/wp\/v2\/categories?post=192160"},{"taxonomy":"post_tag","embeddable":true,"href":"http:\/\/www.tvturk.com\/index.php\/wp-json\/wp\/v2\/tags?post=192160"}],"curies":[{"name":"wp","href":"https:\/\/api.w.org\/{rel}","templated":true}]}}