{"id":192196,"date":"2019-08-09T14:32:03","date_gmt":"2019-08-09T11:32:03","guid":{"rendered":"http:\/\/www.tvturk.com\/index.php\/mudanya-kitap-fuari-basliyor\/"},"modified":"2019-08-09T14:32:03","modified_gmt":"2019-08-09T11:32:03","slug":"mudanya-kitap-fuari-basliyor","status":"publish","type":"post","link":"http:\/\/www.tvturk.com\/index.php\/mudanya-kitap-fuari-basliyor\/","title":{"rendered":"Mudanya Kitap Fuar\u0131 ba\u015fl\u0131yor"},"content":{"rendered":"<p>Bursa\u2019n\u0131n Mudanya il\u00e7esinde 1. Kitap Fuar\u0131; Uluslararas\u0131 G\u00f6\u00e7 ve M\u00fcltecilik: \u201cGelenler, Gidenler ve Kalanlar\u201d temas\u0131yla 23 A\u011fustos Cuma g\u00fcn\u00fc kap\u0131lar\u0131n\u0131 a\u00e7\u0131yor.<\/p>\n<p>Mudanya Belediyesi, Yay\u0131nc\u0131lar Kooperatifi (YAYKOOP) i\u015f birli\u011fiyle Mudanya\u2019n\u0131n ilk kitap fuar\u0131na imza at\u0131yor. 1. Kitap Fuar\u0131, Uluslararas\u0131 G\u00f6\u00e7 ve M\u00fcltecilik: \u201cGelenler, Gidenler ve Kalanlar\u201d temas\u0131yla 23 A\u011fustos Cuma g\u00fcn\u00fc kap\u0131lar\u0131n\u0131 a\u00e7\u0131yor. 23 A\u011fustos -1 Eyl\u00fcl tarihleri aras\u0131nda M\u00fctareke Meydan\u0131 ve Girit Mahallesi\u2019nde d\u00fczenlenecekfuar kapsam\u0131nda, 65 yay\u0131nevi, 65 gazeteci-yazar ile d\u0131\u015f politikada deneyimli siyaset\u00e7iler,9 g\u00fcn boyunca 20 farkl\u0131 s\u00f6yle\u015fi ve imza g\u00fcn\u00fcnde Bursal\u0131 kitapseverlerle bulu\u015facak. Mudanya\u2019n\u0131n 8 farkl\u0131 mahallesinde ise e\u011fitici, bilgilendirici ve e\u011flendirici at\u00f6lye \u00e7al\u0131\u015fmalar\u0131 yap\u0131lacak.<\/p>\n<p>Fuar\u0131n tan\u0131t\u0131m toplant\u0131s\u0131 Mudanya Belediye Ba\u015fkan\u0131 Hayri T\u00fcrky\u0131lmaz ve YAYKOOP Ba\u015fkan Yard\u0131mc\u0131s\u0131 Elif Akkaya ve Genel Sekreteri Filiz Deniztekin\u2019in i\u015ftirakiyle ger\u00e7ekle\u015ftirildi. Mudanya\u2019da ilk kez ger\u00e7ekle\u015fecek olan a\u00e7\u0131k hava kitap fuar\u0131n\u0131n Bursa\u2019n\u0131n sosyal ve k\u00fclt\u00fcrel hayat\u0131na ciddi katk\u0131lar sa\u011flayaca\u011f\u0131n\u0131 ifade eden Hayri T\u00fcrky\u0131lmaz, \u201cYay\u0131nc\u0131lar Kooperatifi i\u015f birli\u011fiyle d\u00fczenledi\u011fimiz fuarla, Bursa\u2019da ya\u015fayan b\u00fct\u00fcn hem\u015fehrilerimizle kitap d\u00fcnyas\u0131 aras\u0131nda bir k\u00f6pr\u00fc kurmak ve yeni nesillere kitap sevgisini \u00f6\u011fretmek istiyoruz. Kooperatifi\u2019ne, fuara kat\u0131larak Mudanya\u2019n\u0131n k\u00fclt\u00fcr sanat hayat\u0131na \u00f6nemli bir ivme kazand\u0131racak yazarlar\u0131m\u0131za ve sanat\u00e7\u0131lar\u0131m\u0131za te\u015fekk\u00fcr ediyorum\u201d dedi.<\/p>\n<p>YAYKOOP Ba\u015fkan Yard\u0131mc\u0131s\u0131 Elif Akkaya ise, \u201cToplumsal d\u00f6n\u00fc\u015f\u00fcm kitap okuma k\u00fclt\u00fcr\u00fcn\u00fcn yayg\u0131nla\u015fmas\u0131 ile ger\u00e7ekle\u015fir. Biz YAYKOOP olarak nitelikli kitaplar\u0131 okura zengin etkinliklerle birlikte ula\u015ft\u0131rmay\u0131 hedefliyoruz. Bu kapsamda Mudanya Belediyesi ile birlikte ger\u00e7ekle\u015ftirdi\u011fimiz kitap fuar\u0131nda T\u00fcrkiye\u2019de ilk olacak pek \u00e7ok faaliyete de imza ataca\u011f\u0131z\u201d dedi.<\/p>\n","protected":false},"excerpt":{"rendered":"<p>FUARIN TANITIM TOPLANTISI MUDANYA BELED\u0130YE BA\u015eKANI HAYR\u0130 T\u00dcRKYILMAZ VE YAYKOOP BA\u015eKAN YARDIMCISI EL\u0130F AKKAYA VE GENEL SEKRETER\u0130 F\u0130L\u0130Z DEN\u0130ZTEK\u0130N\u2019\u0130N \u0130\u015eT\u0130RAK\u0130YLE GER\u00c7EKLE\u015eT\u0130R\u0130LD\u0130.<\/p>\n","protected":false},"author":1,"featured_media":192197,"comment_status":"closed","ping_status":"open","sticky":false,"template":"","format":"standard","meta":{"jetpack_post_was_ever_published":false,"_jetpack_newsletter_access":"","_jetpack_dont_email_post_to_subs":false,"_jetpack_newsletter_tier_id":0,"_jetpack_memberships_contains_paywalled_content":false,"_jetpack_memberships_contains_paid_content":false,"footnotes":"","jetpack_publicize_message":"","jetpack_publicize_feature_enabled":true,"jetpack_social_post_already_shared":true,"jetpack_social_options":{"image_generator_settings":{"template":"highway","default_image_id":0,"font":"","enabled":false},"version":2}},"categories":[1],"tags":[1647,2924,4074,9220],"class_list":["post-192196","post","type-post","status-publish","format-standard","has-post-thumbnail","hentry","category-genel","tag-basliyor","tag-fuari","tag-kitap","tag-mudanya"],"jetpack_publicize_connections":[],"jetpack_featured_media_url":"https:\/\/i0.wp.com\/www.tvturk.com\/wp-content\/uploads\/2019\/08\/mudanya-kitap-fuari-basliyor_2a3c144.jpg?fit=1000%2C609","jetpack_sharing_enabled":true,"jetpack_shortlink":"https:\/\/wp.me\/paKIfm-NZW","_links":{"self":[{"href":"http:\/\/www.tvturk.com\/index.php\/wp-json\/wp\/v2\/posts\/192196","targetHints":{"allow":["GET"]}}],"collection":[{"href":"http:\/\/www.tvturk.com\/index.php\/wp-json\/wp\/v2\/posts"}],"about":[{"href":"http:\/\/www.tvturk.com\/index.php\/wp-json\/wp\/v2\/types\/post"}],"author":[{"embeddable":true,"href":"http:\/\/www.tvturk.com\/index.php\/wp-json\/wp\/v2\/users\/1"}],"replies":[{"embeddable":true,"href":"http:\/\/www.tvturk.com\/index.php\/wp-json\/wp\/v2\/comments?post=192196"}],"version-history":[{"count":0,"href":"http:\/\/www.tvturk.com\/index.php\/wp-json\/wp\/v2\/posts\/192196\/revisions"}],"wp:featuredmedia":[{"embeddable":true,"href":"http:\/\/www.tvturk.com\/index.php\/wp-json\/wp\/v2\/media\/192197"}],"wp:attachment":[{"href":"http:\/\/www.tvturk.com\/index.php\/wp-json\/wp\/v2\/media?parent=192196"}],"wp:term":[{"taxonomy":"category","embeddable":true,"href":"http:\/\/www.tvturk.com\/index.php\/wp-json\/wp\/v2\/categories?post=192196"},{"taxonomy":"post_tag","embeddable":true,"href":"http:\/\/www.tvturk.com\/index.php\/wp-json\/wp\/v2\/tags?post=192196"}],"curies":[{"name":"wp","href":"https:\/\/api.w.org\/{rel}","templated":true}]}}