{"id":192216,"date":"2019-08-09T15:16:10","date_gmt":"2019-08-09T12:16:10","guid":{"rendered":"http:\/\/www.tvturk.com\/index.php\/abd-savunma-bakani-esper-guney-korede\/"},"modified":"2019-08-09T15:16:10","modified_gmt":"2019-08-09T12:16:10","slug":"abd-savunma-bakani-esper-guney-korede","status":"publish","type":"post","link":"http:\/\/www.tvturk.com\/index.php\/abd-savunma-bakani-esper-guney-korede\/","title":{"rendered":"ABD Savunma Bakan\u0131 Esper G\u00fcney Kore\u2019de"},"content":{"rendered":"<p>Yeni ABD Savunma Bakan\u0131 Mark Esper, Kore Yar\u0131madas\u0131\u2019ndaki artan gerginli\u011fi tart\u0131\u015fmak i\u00e7in G\u00fcney Kore\u2019nin ba\u015fkenti Seul\u2019e geldi.<\/p>\n<p>ABD\u2019nin yeni Savunma Bakan\u0131 Mark Esper, Kuzey Kore taraf\u0131ndan ger\u00e7ekle\u015ftirilen son f\u00fcze testlerini ve b\u00f6lgede y\u00fckselen gerilimi tart\u0131\u015fmak i\u00e7in G\u00fcney Kore Cumhurba\u015fkan\u0131 Moon Jae-in, Savunma Bakan\u0131 Jeong Kyeong-doo ve D\u0131\u015fi\u015fleri Bakan\u0131 Kang Kyung-wha ile g\u00f6r\u00fc\u015fmek \u00fczere Seul\u2019e geldi. Mark Esper, G\u00fcney Kore\u2019nin \u00fcst d\u00fczey liderleriyle Seul ve Tokyo aras\u0131ndaki ticari gerilimden G\u00fcney Kore\u2019de g\u00f6rev yapan ABD birliklerinin maliyetine kadar uzanan bir dizi b\u00f6lgesel sorunla ilgili tart\u0131\u015fmak i\u00e7in bir araya geldi. G\u00fcney Kore-Japonya ili\u015fkileri, \u0130kinci D\u00fcnya Sava\u015f\u0131 s\u0131ras\u0131nda Japonya i\u00e7in \u00e7al\u0131\u015fmaya zorlanan Korelileri de i\u00e7eren uzun s\u00fcreli bir ticari tart\u0131\u015fma nedeniyle tarihinin en k\u00f6t\u00fc d\u00f6nemini ge\u00e7iriyor.<\/p>\n<p>B\u00f6lgedeki istihbarat payla\u015f\u0131m\u0131 tehdit alt\u0131nda<\/p>\n<p>Savunma bakan\u0131 olarak onaylanmas\u0131n\u0131n ard\u0131ndan ilk uluslararas\u0131 seyahatini ger\u00e7ekle\u015ftiren Esper, G\u00fcney Kore\u2019ye Washington\u2019un iki ana m\u00fcttefiki aras\u0131nda k\u0131z\u0131\u015fan ticaret sava\u015f\u0131n\u0131n ortas\u0131nda d\u00fcn ak\u015fam geldi. ABD Savunma Bakan\u0131, Seul\u2019deki g\u00f6r\u00fc\u015fmelerinde b\u00f6lgesel istihbarat payla\u015f\u0131m\u0131n\u0131 tehdit eden ticaret krizini tart\u0131\u015fmaya a\u00e7arken G\u00fcney Kore-ABD ittifak\u0131n\u0131n \u00f6nemini yineledi ve m\u00fcttefiklerin Kuzey Kore konusunda koordine olmaya devam edece\u011fini s\u00f6yledi.<\/p>\n<p>G\u00fcney Kore Savunma Bakan\u0131 Jeong Kyeong-doo, Esper ile yapt\u0131\u011f\u0131 g\u00f6r\u00fc\u015fmenin a\u00e7\u0131l\u0131\u015f konu\u015fmas\u0131nda Japonya\u2019n\u0131n G\u00fcney Kore\u2019ye yapt\u0131\u011f\u0131 ihracat k\u0131s\u0131tlamalar\u0131n\u0131n \u201cG\u00fcney Kore-Japonya ili\u015fkileri ile G\u00fcney Kore, ABD ve Japonya aras\u0131ndaki g\u00fcvenlik i\u015fbirli\u011fi \u00fczerinde olumsuz etkilere neden oldu\u011funu\u201d s\u00f6yledi. G\u00fcney Kore, istihbarat payla\u015f\u0131m anla\u015fmas\u0131 imzalamak da dahil olmak \u00fczere Japonya ile ya\u015fanan ticaret anla\u015fmazl\u0131\u011f\u0131ndaki t\u00fcm se\u00e7eneklerin incelendi\u011fini duyurdu.<\/p>\n<p>Askeri Bilgi Anla\u015fmas\u0131n\u0131n Genel G\u00fcvenli\u011fi S\u00f6zle\u015fmesi (GSOMIA), Kuzey Kore\u2019nin n\u00fckleer ve f\u00fcze tehditlerini gidermede \u00e7ok \u00f6nemli olan Washington\u2019la \u00fc\u00e7 y\u00f6nl\u00fc istihbarat toplanmas\u0131n\u0131 kolayla\u015ft\u0131r\u0131yor. Anla\u015fma 24 A\u011fustos\u2019ta gelecek y\u0131la kadar olarak otomatik olarak yenilenecek.<\/p>\n<p>Esper\u2019in ziyareti ABD Ba\u015fkan\u0131 Donald Trump\u2019\u0131n G\u00fcney Kore\u2019deki ABD askerlerinin masraflar\u0131yla ilgili a\u00e7\u0131klamas\u0131ndan bir g\u00fcn sonra ger\u00e7ekle\u015ftirildi. Ba\u015fkan Trump, G\u00fcney Kore\u2019nin topraklar\u0131nda bulunan 28 bin 500 ABD askerinin masraflar\u0131 i\u00e7in \u201c\u00e7ok daha fazla \u00f6deme yapmay\u0131\u201d kabul etti\u011fini ve g\u00f6r\u00fc\u015fmelerin konuyu g\u00f6r\u00fc\u015fmek \u00fczere oldu\u011funu s\u00f6ylemi\u015fti.<\/p>\n<p>Ba\u015fkan Trump\u2019\u0131n aksine G\u00fcney Kore D\u0131\u015fi\u015fleri Bakanl\u0131\u011f\u0131\u2019na ba\u011fl\u0131 bir s\u00f6zc\u00fc, gazetecilere d\u00fcn verdi\u011fi deme\u00e7te m\u00fczakerelerin hen\u00fcz ba\u015flamad\u0131\u011f\u0131n\u0131 s\u00f6ylemi\u015fti. Bug\u00fcn a\u00e7\u0131klama yapan bir bakanl\u0131k yetkilisi ise, Esper \u2019in D\u0131\u015fi\u015fleri Bakan\u0131 Kang Kyung-wha ile yapt\u0131\u011f\u0131 g\u00f6r\u00fc\u015fme s\u0131ras\u0131nda maliyetlerden bahsetmedi\u011fini s\u00f6yledi.<\/p>\n<p>Ayr\u0131ca Kore bas\u0131n\u0131, Esper\u2019in G\u00fcney Kore\u2019den ABD\u2019nin H\u00fcrm\u00fcz Bo\u011faz\u0131\u2019ndaki deniz kuvvetlerine kat\u0131lmak i\u00e7in asker g\u00f6ndermesini istedi\u011fini ve Seul\u2019\u00fcn ise Esper\u2019e \u00e7e\u015fitli se\u00e7enekler d\u00fc\u015f\u00fcnd\u00fc\u011f\u00fcn\u00fc s\u00f6yledi\u011fini konu\u015fuyor.<\/p>\n<p>G\u00fcney Kore Savunma Bakanl\u0131\u011f\u0131\u2019ndan konuyla ilgili hen\u00fcz resmi bir yorum yap\u0131lmad\u0131.<\/p>\n<p>\u201cBa\u015fkan Trump\u2019\u0131n anla\u015fmalar\u0131 a\u015fan \u015fa\u015f\u0131rt\u0131c\u0131 hayal g\u00fcc\u00fc\u201d<\/p>\n<p>Esper\u2019in seyahati, ayn\u0131 zamanda Kuzey Kore\u2019nin son haftalarda bir dizi f\u00fcze testi ger\u00e7ekle\u015ftirmesinin ard\u0131ndan ABD ile Kuzey Kore aras\u0131ndaki n\u00fckleersizle\u015fme g\u00f6r\u00fc\u015fmelerinin durdu\u011fu bir d\u00f6neme denk geldi.<\/p>\n<p>G\u00fcney Kore Savunma Bakan\u0131 Jeong Kyeong-doo \u201cG\u00fcvenlik ortam\u0131n\u0131n \u00e7ok \u015fiddetli oldu\u011fu bir zamanda, Kore Yar\u0131madas\u0131\u2019n\u0131n g\u00fcvenlik durumunu ve G\u00fcney Kore-ABD\u2019deki ittifak\u0131n\u0131 tart\u0131\u015fmak \u00e7ok anlaml\u0131\u201d a\u00e7\u0131klamas\u0131nda bulundu. G\u00fcney Kore ve ABD\u2019nin Kuzey Kore\u2019yi n\u00fckleersizle\u015ftirmek i\u00e7in birlikte \u00e7al\u0131\u015ft\u0131klar\u0131n\u0131 belirten Jeong, Haziran ay\u0131nda Koreler aras\u0131 s\u0131n\u0131rda Kuzey Kore lideri Kim Jong Un ile yapt\u0131\u011f\u0131 g\u00f6r\u00fc\u015fmeyi ba\u015flatt\u0131\u011f\u0131 i\u00e7in \u201cBa\u015fkan Trump\u2019\u0131n anla\u015fmalar\u0131 a\u015fan \u015fa\u015f\u0131rt\u0131c\u0131 hayal g\u00fcc\u00fc\u201d \u00f6vg\u00fcs\u00fcnde bulundu.<\/p>\n<p>ABD\u2019den Pyonyang ile g\u00f6r\u00fc\u015fmelere a\u00e7\u0131k kap\u0131<\/p>\n<p>D\u00fcn a\u00e7\u0131klama yapan Savunma Bakan\u0131 Esper, ABD\u2019nin Kuzey Kore\u2019nin k\u0131sa menzilli f\u00fcze denemelerine a\u015f\u0131r\u0131 tepki vermeyece\u011fini ve Pyongyang ile g\u00f6r\u00fc\u015fmeler i\u00e7in kap\u0131y\u0131 a\u00e7\u0131k tutaca\u011f\u0131n\u0131 s\u00f6yledi. Ayr\u0131ca, Kuzey Kore\u2019nin \u015fikayetlerine ra\u011fmen, Seul ile gelecekteki ortak askeri tatbikatlar\u0131 de\u011fi\u015ftirme planlar\u0131n\u0131n olmad\u0131\u011f\u0131n\u0131 da s\u00f6zlerine ekledi.<\/p>\n<p>Esper\u2019in ziyareti, Cumhurba\u015fkan\u0131 Moon Jae-in\u2019in yeni Washington B\u00fcy\u00fckel\u00e7isi olarak tecr\u00fcbeli bir diplomat\u0131 g\u00f6revlendirdi\u011fi tarihe denk geldi.<\/p>\n<p>G\u00fcney Kore, Esper\u2019in Avustralya, Japonya ve Mo\u011folistan\u2019a yap\u0131lan ziyaretleri i\u00e7eren ilk resmi gezisindeki son dura\u011f\u0131.<\/p>\n","protected":false},"excerpt":{"rendered":"<p>YEN\u0130 ABD SAVUNMA BAKANI MARK ESPER, KORE YARIMADASI&#8217;NDAK\u0130 ARTAN GERG\u0130NL\u0130\u011e\u0130 TARTI\u015eMAK \u0130\u00c7\u0130N G\u00dcNEY KORE\u2019N\u0130N BA\u015eKENT\u0130 SEUL\u2019E GELD\u0130.<\/p>\n","protected":false},"author":1,"featured_media":192217,"comment_status":"closed","ping_status":"open","sticky":false,"template":"","format":"standard","meta":{"jetpack_post_was_ever_published":false,"_jetpack_newsletter_access":"","_jetpack_dont_email_post_to_subs":false,"_jetpack_newsletter_tier_id":0,"_jetpack_memberships_contains_paywalled_content":false,"_jetpack_memberships_contains_paid_content":false,"footnotes":"","jetpack_publicize_message":"","jetpack_publicize_feature_enabled":true,"jetpack_social_post_already_shared":true,"jetpack_social_options":{"image_generator_settings":{"template":"highway","default_image_id":0,"font":"","enabled":false},"version":2}},"categories":[10],"tags":[1936,933,46327,9258,23108,33],"class_list":["post-192216","post","type-post","status-publish","format-standard","has-post-thumbnail","hentry","category-dunya","tag-abd","tag-bakani","tag-esper","tag-guney","tag-korede","tag-savunma"],"jetpack_publicize_connections":[],"jetpack_featured_media_url":"https:\/\/i0.wp.com\/www.tvturk.com\/wp-content\/uploads\/2019\/08\/abd-savunma-bakani-esper-guney-korede_f983524.jpg?fit=1000%2C666","jetpack_sharing_enabled":true,"jetpack_shortlink":"https:\/\/wp.me\/paKIfm-O0g","_links":{"self":[{"href":"http:\/\/www.tvturk.com\/index.php\/wp-json\/wp\/v2\/posts\/192216","targetHints":{"allow":["GET"]}}],"collection":[{"href":"http:\/\/www.tvturk.com\/index.php\/wp-json\/wp\/v2\/posts"}],"about":[{"href":"http:\/\/www.tvturk.com\/index.php\/wp-json\/wp\/v2\/types\/post"}],"author":[{"embeddable":true,"href":"http:\/\/www.tvturk.com\/index.php\/wp-json\/wp\/v2\/users\/1"}],"replies":[{"embeddable":true,"href":"http:\/\/www.tvturk.com\/index.php\/wp-json\/wp\/v2\/comments?post=192216"}],"version-history":[{"count":0,"href":"http:\/\/www.tvturk.com\/index.php\/wp-json\/wp\/v2\/posts\/192216\/revisions"}],"wp:featuredmedia":[{"embeddable":true,"href":"http:\/\/www.tvturk.com\/index.php\/wp-json\/wp\/v2\/media\/192217"}],"wp:attachment":[{"href":"http:\/\/www.tvturk.com\/index.php\/wp-json\/wp\/v2\/media?parent=192216"}],"wp:term":[{"taxonomy":"category","embeddable":true,"href":"http:\/\/www.tvturk.com\/index.php\/wp-json\/wp\/v2\/categories?post=192216"},{"taxonomy":"post_tag","embeddable":true,"href":"http:\/\/www.tvturk.com\/index.php\/wp-json\/wp\/v2\/tags?post=192216"}],"curies":[{"name":"wp","href":"https:\/\/api.w.org\/{rel}","templated":true}]}}