{"id":192230,"date":"2019-08-09T15:32:31","date_gmt":"2019-08-09T12:32:31","guid":{"rendered":"http:\/\/www.tvturk.com\/index.php\/selim-ozdemir-sivas-belediyesporda\/"},"modified":"2019-08-09T15:32:31","modified_gmt":"2019-08-09T12:32:31","slug":"selim-ozdemir-sivas-belediyesporda","status":"publish","type":"post","link":"http:\/\/www.tvturk.com\/index.php\/selim-ozdemir-sivas-belediyesporda\/","title":{"rendered":"Selim \u00d6zdemir, Sivas Belediyespor\u2019da"},"content":{"rendered":"<p>TFF 2. Lig tak\u0131mlar\u0131ndan Sivas Belediyespor, 28 ya\u015f\u0131ndaki defans Selim \u00d6zdemir\u2019i renklerine ba\u011flad\u0131.<\/p>\n<p>Yeni sezon \u00f6ncesi transfer \u00e7al\u0131\u015fmalar\u0131n\u0131 s\u00fcrd\u00fcren ye\u015fil-beyazl\u0131 kul\u00fcp, son olarak BAKspor\u2019da forma giyen ba\u015far\u0131l\u0131 stoper Selim \u00d6zdemir ile anla\u015fmaya vard\u0131. Teknik Direkt\u00f6r Nam\u0131k Altunsoy\u2019un raporu do\u011frultusunda 28 ya\u015f\u0131ndaki defans oyuncusu, \u00f6nceki g\u00fcn Afyon kamp\u0131na kat\u0131larak \u00e7al\u0131\u015fmalara start verdi.<\/p>\n<p>Selim \u00d6zdemir, kariyerinde 148 ma\u00e7a \u00e7\u0131karken 8 gol kaydetti.<\/p>\n","protected":false},"excerpt":{"rendered":"<p>S\u0130VAS BELED\u0130YESPOR, 28 YA\u015eINDAK\u0130 STOPER SEL\u0130M \u00d6ZDEM\u0130R\u2019\u0130 KADROSUNA KATTI.<\/p>\n","protected":false},"author":1,"featured_media":192231,"comment_status":"closed","ping_status":"open","sticky":false,"template":"","format":"standard","meta":{"jetpack_post_was_ever_published":false,"_jetpack_newsletter_access":"","_jetpack_dont_email_post_to_subs":false,"_jetpack_newsletter_tier_id":0,"_jetpack_memberships_contains_paywalled_content":false,"_jetpack_memberships_contains_paid_content":false,"footnotes":"","jetpack_publicize_message":"","jetpack_publicize_feature_enabled":true,"jetpack_social_post_already_shared":true,"jetpack_social_options":{"image_generator_settings":{"template":"highway","default_image_id":0,"font":"","enabled":false},"version":2}},"categories":[657],"tags":[6509,7559,4587,4247],"class_list":["post-192230","post","type-post","status-publish","format-standard","has-post-thumbnail","hentry","category-spor","tag-belediyesporda","tag-ozdemir","tag-selim","tag-sivas"],"jetpack_publicize_connections":[],"jetpack_featured_media_url":"https:\/\/i0.wp.com\/www.tvturk.com\/wp-content\/uploads\/2019\/08\/selim-ozdemir-sivas-belediyesporda_a9b7e23.jpg?fit=295%2C379","jetpack_sharing_enabled":true,"jetpack_shortlink":"https:\/\/wp.me\/paKIfm-O0u","_links":{"self":[{"href":"http:\/\/www.tvturk.com\/index.php\/wp-json\/wp\/v2\/posts\/192230","targetHints":{"allow":["GET"]}}],"collection":[{"href":"http:\/\/www.tvturk.com\/index.php\/wp-json\/wp\/v2\/posts"}],"about":[{"href":"http:\/\/www.tvturk.com\/index.php\/wp-json\/wp\/v2\/types\/post"}],"author":[{"embeddable":true,"href":"http:\/\/www.tvturk.com\/index.php\/wp-json\/wp\/v2\/users\/1"}],"replies":[{"embeddable":true,"href":"http:\/\/www.tvturk.com\/index.php\/wp-json\/wp\/v2\/comments?post=192230"}],"version-history":[{"count":0,"href":"http:\/\/www.tvturk.com\/index.php\/wp-json\/wp\/v2\/posts\/192230\/revisions"}],"wp:featuredmedia":[{"embeddable":true,"href":"http:\/\/www.tvturk.com\/index.php\/wp-json\/wp\/v2\/media\/192231"}],"wp:attachment":[{"href":"http:\/\/www.tvturk.com\/index.php\/wp-json\/wp\/v2\/media?parent=192230"}],"wp:term":[{"taxonomy":"category","embeddable":true,"href":"http:\/\/www.tvturk.com\/index.php\/wp-json\/wp\/v2\/categories?post=192230"},{"taxonomy":"post_tag","embeddable":true,"href":"http:\/\/www.tvturk.com\/index.php\/wp-json\/wp\/v2\/tags?post=192230"}],"curies":[{"name":"wp","href":"https:\/\/api.w.org\/{rel}","templated":true}]}}