{"id":192236,"date":"2019-08-09T15:46:31","date_gmt":"2019-08-09T12:46:31","guid":{"rendered":"http:\/\/www.tvturk.com\/index.php\/43-ilin-gecis-noktasinda-trafik-yogunlugu-devam-ediyor\/"},"modified":"2019-08-09T15:46:31","modified_gmt":"2019-08-09T12:46:31","slug":"43-ilin-gecis-noktasinda-trafik-yogunlugu-devam-ediyor","status":"publish","type":"post","link":"http:\/\/www.tvturk.com\/index.php\/43-ilin-gecis-noktasinda-trafik-yogunlugu-devam-ediyor\/","title":{"rendered":"43 ilin ge\u00e7i\u015f noktas\u0131nda trafik yo\u011funlu\u011fu devam ediyor"},"content":{"rendered":"<p>Ula\u015f\u0131mda 43 ilin ge\u00e7i\u015f noktas\u0131 olan \u2019kilit kav\u015fak\u2019 diye adland\u0131r\u0131lan K\u0131r\u0131kkale\u2019de, Kurban Bayram\u0131 dolay\u0131s\u0131yla trafik yo\u011funlu\u011fu devam ederken yoldan ge\u00e7en ara\u00e7 say\u0131s\u0131 da 100 binin \u00fczerine \u00e7\u0131kt\u0131.<\/p>\n<p>Kurban Bayram\u0131\u2019n\u0131 memleketlerinde ge\u00e7irmek isteyen gurbet\u00e7ilerin yollara ak\u0131n etmesiyle birlikte Ankara-K\u0131r\u0131kkale-Samsun ve K\u0131r\u0131kkale-Kayseri kara yolunda ya\u015fanan yo\u011funluk nedeniyle ara\u00e7lar durma noktas\u0131na geldi. Ula\u015f\u0131mda 43 ilin ge\u00e7i\u015f noktas\u0131 olarak adland\u0131r\u0131lan \u2019kilit kav\u015fak\u2019tan ge\u00e7en ara\u00e7 say\u0131s\u0131 100 binin \u00fczerine \u00e7\u0131kt\u0131.<\/p>\n<p>Bayram dolay\u0131s\u0131yla b\u00fcy\u00fck\u015fehirlerden memleketlerine giden baz\u0131 s\u00fcr\u00fcc\u00fcler, yollarda trafik ak\u0131\u015f\u0131n\u0131n rahat oldu\u011funu belirtirken baz\u0131lar\u0131 da ara\u00e7lar\u0131n yo\u011fun oldu\u011funu ve ilerlemekte g\u00fc\u00e7l\u00fck \u00e7ekti\u011fini s\u00f6yledi.<\/p>\n<p>\u0130l Emniyet M\u00fcd\u00fcrl\u00fc\u011f\u00fc Trafik Polis ekipleri ya\u015fanan yo\u011funluk kar\u015f\u0131s\u0131nda alm\u0131\u015f oldu\u011fu tedbirlerde olumsuzlar\u0131n \u00f6n\u00fcne ge\u00e7mek i\u00e7in hummal\u0131 bir \u015fekilde \u00e7al\u0131\u015fmalar\u0131n\u0131 gece-g\u00fcnd\u00fcz s\u00fcrd\u00fcr\u00fcyor. Ekipler, yo\u011funlu\u011fun oldu\u011fu kav\u015faklarda trafik ak\u0131\u015f\u0131n\u0131 rahatlatmaya \u00e7al\u0131\u015f\u0131rken, s\u00fcr\u00fcc\u00fcleri de daha dikkatli seyretmeleri konusunda uyar\u0131larda bulunuyor. Trafi\u011fin ak\u0131\u015f\u0131n\u0131 sa\u011flamak amac\u0131yla kara yolu \u00fczerinde bulunan baz\u0131 kav\u015faklar ise beton bariyerler ile kapat\u0131ld\u0131. Kaza riski y\u00fcksek olan 70 noktaya \u0131\u015f\u0131kl\u0131 trafik levhalar\u0131 takviyesi yap\u0131l\u0131rken, s\u00fcr\u00fcc\u00fcleri dikkatli seyretmeleri hususunda da trafik polisleri taraf\u0131ndan afi\u015fler as\u0131ld\u0131.<\/p>\n","protected":false},"excerpt":{"rendered":"<p>ULA\u015eIMDA 43 \u0130L\u0130N GE\u00c7\u0130\u015e NOKTASI OLAN \u2019K\u0130L\u0130T KAV\u015eAK\u2019 D\u0130YE ADLANDIRILAN KIRIKKALE\u2019DE, KURBAN BAYRAMI DOLAYISIYLA TRAF\u0130K YO\u011eUNLU\u011eU DEVAM EDERKEN YOLDAN GE\u00c7EN ARA\u00c7 SAYISI DA 100 B\u0130N\u0130N \u00dcZER\u0130NE \u00c7IKTI.<\/p>\n","protected":false},"author":1,"featured_media":192237,"comment_status":"closed","ping_status":"open","sticky":false,"template":"","format":"standard","meta":{"jetpack_post_was_ever_published":false,"_jetpack_newsletter_access":"","_jetpack_dont_email_post_to_subs":false,"_jetpack_newsletter_tier_id":0,"_jetpack_memberships_contains_paywalled_content":false,"_jetpack_memberships_contains_paid_content":false,"footnotes":"","jetpack_publicize_message":"","jetpack_publicize_feature_enabled":true,"jetpack_social_post_already_shared":true,"jetpack_social_options":{"image_generator_settings":{"template":"highway","default_image_id":0,"font":"","enabled":false},"version":2}},"categories":[1],"tags":[522,523,2384,4297,1066,131,10277],"class_list":["post-192236","post","type-post","status-publish","format-standard","has-post-thumbnail","hentry","category-genel","tag-devam","tag-ediyor","tag-gecis","tag-ilin","tag-noktasinda","tag-trafik","tag-yogunlugu"],"jetpack_publicize_connections":[],"jetpack_featured_media_url":"https:\/\/i0.wp.com\/www.tvturk.com\/wp-content\/uploads\/2019\/08\/43-ilin-gecis-noktasinda-trafik-yogunlugu-devam-ediyor_f10e8fc.jpg?fit=1000%2C562","jetpack_sharing_enabled":true,"jetpack_shortlink":"https:\/\/wp.me\/paKIfm-O0A","_links":{"self":[{"href":"http:\/\/www.tvturk.com\/index.php\/wp-json\/wp\/v2\/posts\/192236","targetHints":{"allow":["GET"]}}],"collection":[{"href":"http:\/\/www.tvturk.com\/index.php\/wp-json\/wp\/v2\/posts"}],"about":[{"href":"http:\/\/www.tvturk.com\/index.php\/wp-json\/wp\/v2\/types\/post"}],"author":[{"embeddable":true,"href":"http:\/\/www.tvturk.com\/index.php\/wp-json\/wp\/v2\/users\/1"}],"replies":[{"embeddable":true,"href":"http:\/\/www.tvturk.com\/index.php\/wp-json\/wp\/v2\/comments?post=192236"}],"version-history":[{"count":0,"href":"http:\/\/www.tvturk.com\/index.php\/wp-json\/wp\/v2\/posts\/192236\/revisions"}],"wp:featuredmedia":[{"embeddable":true,"href":"http:\/\/www.tvturk.com\/index.php\/wp-json\/wp\/v2\/media\/192237"}],"wp:attachment":[{"href":"http:\/\/www.tvturk.com\/index.php\/wp-json\/wp\/v2\/media?parent=192236"}],"wp:term":[{"taxonomy":"category","embeddable":true,"href":"http:\/\/www.tvturk.com\/index.php\/wp-json\/wp\/v2\/categories?post=192236"},{"taxonomy":"post_tag","embeddable":true,"href":"http:\/\/www.tvturk.com\/index.php\/wp-json\/wp\/v2\/tags?post=192236"}],"curies":[{"name":"wp","href":"https:\/\/api.w.org\/{rel}","templated":true}]}}