{"id":192300,"date":"2019-08-09T17:46:06","date_gmt":"2019-08-09T14:46:06","guid":{"rendered":"http:\/\/www.tvturk.com\/index.php\/binlerce-pakistanli-hindistani-protesto-etti\/"},"modified":"2019-08-09T17:46:06","modified_gmt":"2019-08-09T14:46:06","slug":"binlerce-pakistanli-hindistani-protesto-etti","status":"publish","type":"post","link":"http:\/\/www.tvturk.com\/index.php\/binlerce-pakistanli-hindistani-protesto-etti\/","title":{"rendered":"Binlerce Pakistanl\u0131, Hindistan\u2019\u0131 protesto etti"},"content":{"rendered":"<p>Hindistan\u2019\u0131n Ke\u015fmir\u2019in \u00f6zerkli\u011fini kald\u0131rma karar\u0131na tepki g\u00f6steren binlerce Pakistanl\u0131, Kara\u00e7i sokaklar\u0131nda protesto g\u00f6sterisi d\u00fczenledi.<\/p>\n<p>Pakistan\u2019da Cemaati \u0130slami Partisi (JI) destek\u00e7ileri, bug\u00fcn sokaklara \u00e7\u0131karak Hindistan\u2019\u0131n Cammu Ke\u015fmir\u2019in \u00f6zerkli\u011fini kald\u0131rmas\u0131 protesto edildi. Pakistan H\u00fck\u00fcmeti, Hindistan\u2019\u0131n Ke\u015fmir politikalar\u0131n\u0131 k\u0131narken g\u00f6stericiler de ba\u015fkent \u0130slamabad ve Kara\u00e7i sokaklar\u0131nda protesto g\u00f6sterileri arac\u0131l\u0131\u011f\u0131yla tepkilerini g\u00f6sterdi.<\/p>\n<p>\u0130slamabad sokaklar\u0131nda y\u00fcr\u00fcyen Cemaati \u0130slami Partisi destek\u00e7ileri, Hindistan kar\u015f\u0131t\u0131 sloganlar att\u0131. Ellerindeki pankartlar arac\u0131l\u0131\u011f\u0131yla Hindistan\u2019\u0131 zalimlikle su\u00e7layan protestocular, Pakistan yetkililerine kom\u015fu \u00fclke ile diplomatik ili\u015fkileri ask\u0131ya al\u0131nmas\u0131 \u00e7a\u011fr\u0131s\u0131nda bulundu. Protestocular ayr\u0131ca, uluslararas\u0131 toplumu Ke\u015fmir\u2019deki kad\u0131nlara y\u00f6nelik i\u015flendi\u011fi iddia edilen sald\u0131r\u0131lara m\u00fcdahale etmeye \u00e7a\u011f\u0131rd\u0131.<\/p>\n<p>\u201cKe\u015fmir Pakistan olacak\u201d<\/p>\n<p>Protestoya kat\u0131lanlar, Ke\u015fmir i\u00e7in sloganlar yaz\u0131l\u0131 afi\u015fler ve Hint Ordusu taraf\u0131ndan i\u015flenen vah\u015fet g\u00f6steren foto\u011fraflar tutarken \u201cKe\u015fmir Pakistan olacak\u201d tarz\u0131nda sloganlar att\u0131.<\/p>\n<p>Pazartesi g\u00fcn\u00fc Yeni Delhi h\u00fck\u00fcmeti, Hindistan\u2019a ba\u011fl\u0131 olan Cammu Ke\u015fmir\u2019e belirli bir otonomi sa\u011flayan ve i\u00e7 i\u015flerinde \u00f6zerkli\u011fini garanti alan yasay\u0131 y\u00fcr\u00fcrl\u00fckten kald\u0131rm\u0131\u015ft\u0131. Bununla yetinmeyen Hindistan h\u00fck\u00fcmeti, b\u00f6lgedeki t\u00fcm ileti\u015fimi kesmi\u015f, e\u011fitime ara vermi\u015f ve sokaklara \u00e7ok say\u0131da asker y\u0131\u011fm\u0131\u015ft\u0131.<\/p>\n","protected":false},"excerpt":{"rendered":"<p>B\u0130NLERCE PAK\u0130STANLI, H\u0130ND\u0130STAN\u2019I PROTESTO ETT\u0130<\/p>\n","protected":false},"author":1,"featured_media":192301,"comment_status":"closed","ping_status":"open","sticky":false,"template":"","format":"standard","meta":{"jetpack_post_was_ever_published":false,"_jetpack_newsletter_access":"","_jetpack_dont_email_post_to_subs":false,"_jetpack_newsletter_tier_id":0,"_jetpack_memberships_contains_paywalled_content":false,"_jetpack_memberships_contains_paid_content":false,"footnotes":"","jetpack_publicize_message":"","jetpack_publicize_feature_enabled":true,"jetpack_social_post_already_shared":true,"jetpack_social_options":{"image_generator_settings":{"template":"highway","default_image_id":0,"font":"","enabled":false},"version":2}},"categories":[10],"tags":[3818,207,34522,38958,831],"class_list":["post-192300","post","type-post","status-publish","format-standard","has-post-thumbnail","hentry","category-dunya","tag-binlerce","tag-etti","tag-hindistani","tag-pakistanli","tag-protesto"],"jetpack_publicize_connections":[],"jetpack_featured_media_url":"https:\/\/i0.wp.com\/www.tvturk.com\/wp-content\/uploads\/2019\/08\/binlerce-pakistanli-hindistani-protesto-etti_3cc0393.jpg?fit=1000%2C666","jetpack_sharing_enabled":true,"jetpack_shortlink":"https:\/\/wp.me\/paKIfm-O1C","_links":{"self":[{"href":"http:\/\/www.tvturk.com\/index.php\/wp-json\/wp\/v2\/posts\/192300","targetHints":{"allow":["GET"]}}],"collection":[{"href":"http:\/\/www.tvturk.com\/index.php\/wp-json\/wp\/v2\/posts"}],"about":[{"href":"http:\/\/www.tvturk.com\/index.php\/wp-json\/wp\/v2\/types\/post"}],"author":[{"embeddable":true,"href":"http:\/\/www.tvturk.com\/index.php\/wp-json\/wp\/v2\/users\/1"}],"replies":[{"embeddable":true,"href":"http:\/\/www.tvturk.com\/index.php\/wp-json\/wp\/v2\/comments?post=192300"}],"version-history":[{"count":0,"href":"http:\/\/www.tvturk.com\/index.php\/wp-json\/wp\/v2\/posts\/192300\/revisions"}],"wp:featuredmedia":[{"embeddable":true,"href":"http:\/\/www.tvturk.com\/index.php\/wp-json\/wp\/v2\/media\/192301"}],"wp:attachment":[{"href":"http:\/\/www.tvturk.com\/index.php\/wp-json\/wp\/v2\/media?parent=192300"}],"wp:term":[{"taxonomy":"category","embeddable":true,"href":"http:\/\/www.tvturk.com\/index.php\/wp-json\/wp\/v2\/categories?post=192300"},{"taxonomy":"post_tag","embeddable":true,"href":"http:\/\/www.tvturk.com\/index.php\/wp-json\/wp\/v2\/tags?post=192300"}],"curies":[{"name":"wp","href":"https:\/\/api.w.org\/{rel}","templated":true}]}}