{"id":192310,"date":"2019-08-09T17:47:14","date_gmt":"2019-08-09T14:47:14","guid":{"rendered":"http:\/\/www.tvturk.com\/index.php\/genclerbirligi-flavio-da-silva-ramosu-transfer-etti\/"},"modified":"2019-08-09T17:47:14","modified_gmt":"2019-08-09T14:47:14","slug":"genclerbirligi-flavio-da-silva-ramosu-transfer-etti","status":"publish","type":"post","link":"http:\/\/www.tvturk.com\/index.php\/genclerbirligi-flavio-da-silva-ramosu-transfer-etti\/","title":{"rendered":"Gen\u00e7lerbirli\u011fi, Flavio da Silva Ramos\u2019u transfer etti"},"content":{"rendered":"<p>Gen\u00e7lerbirli\u011fi, Brezilyal\u0131 futbolcu Flavio da Silva Ramos\u2019u sat\u0131n alma opsiyonuyla birlikte kiral\u0131k olarak kadrosuna katt\u0131.<\/p>\n<p>Yeni sezon i\u00e7in transfer \u00e7al\u0131\u015fmalar\u0131na devam eden S\u00fcper Lig ekiplerinden Gen\u00e7lerbirli\u011fi, Portekiz\u2019in Feirense tak\u0131m\u0131nda forma giyen savunma oyuncusu Flavio da Silva Ramos ile 1 y\u0131ll\u0131k s\u00f6zle\u015fmeye imzalad\u0131. Ba\u015fkent ekibi, Ramos\u2019u sat\u0131n alma opsiyonuyla kiralayarak kadrosuna katt\u0131.<\/p>\n<p>1994 y\u0131l\u0131nda Brezilya\u2019da do\u011fan futbolcu kariyerine Nautico\u2019da ba\u015flad\u0131. Daha sonra yine \u00fclkesinde Paysandu formas\u0131 giyen stoper, son olarak ge\u00e7ti\u011fimiz y\u0131l Portekiz\u2019de Feirense ile sezonu tamamlad\u0131.<\/p>\n","protected":false},"excerpt":{"rendered":"<p>TRANSFER \u00c7ALI\u015eMALARINA DEVAM EDEN GEN\u00c7LERB\u0130RL\u0130\u011e\u0130, FLAV\u0130O DA S\u0130LVA RAMOS \u0130LE ANLA\u015eTI.<\/p>\n","protected":false},"author":1,"featured_media":192311,"comment_status":"closed","ping_status":"open","sticky":false,"template":"","format":"standard","meta":{"jetpack_post_was_ever_published":false,"_jetpack_newsletter_access":"","_jetpack_dont_email_post_to_subs":false,"_jetpack_newsletter_tier_id":0,"_jetpack_memberships_contains_paywalled_content":false,"_jetpack_memberships_contains_paid_content":false,"footnotes":"","jetpack_publicize_message":"","jetpack_publicize_feature_enabled":true,"jetpack_social_post_already_shared":true,"jetpack_social_options":{"image_generator_settings":{"template":"highway","default_image_id":0,"font":"","enabled":false},"version":2}},"categories":[657],"tags":[207,48156,7850,48157,40005,2518],"class_list":["post-192310","post","type-post","status-publish","format-standard","has-post-thumbnail","hentry","category-spor","tag-etti","tag-flavio","tag-genclerbirligi","tag-ramosu","tag-silva","tag-transfer"],"jetpack_publicize_connections":[],"jetpack_featured_media_url":"https:\/\/i0.wp.com\/www.tvturk.com\/wp-content\/uploads\/2019\/08\/genclerbirligi-flavio-da-silva-ramosu-transfer-etti_6d850c8.jpg?fit=1000%2C826","jetpack_sharing_enabled":true,"jetpack_shortlink":"https:\/\/wp.me\/paKIfm-O1M","_links":{"self":[{"href":"http:\/\/www.tvturk.com\/index.php\/wp-json\/wp\/v2\/posts\/192310","targetHints":{"allow":["GET"]}}],"collection":[{"href":"http:\/\/www.tvturk.com\/index.php\/wp-json\/wp\/v2\/posts"}],"about":[{"href":"http:\/\/www.tvturk.com\/index.php\/wp-json\/wp\/v2\/types\/post"}],"author":[{"embeddable":true,"href":"http:\/\/www.tvturk.com\/index.php\/wp-json\/wp\/v2\/users\/1"}],"replies":[{"embeddable":true,"href":"http:\/\/www.tvturk.com\/index.php\/wp-json\/wp\/v2\/comments?post=192310"}],"version-history":[{"count":0,"href":"http:\/\/www.tvturk.com\/index.php\/wp-json\/wp\/v2\/posts\/192310\/revisions"}],"wp:featuredmedia":[{"embeddable":true,"href":"http:\/\/www.tvturk.com\/index.php\/wp-json\/wp\/v2\/media\/192311"}],"wp:attachment":[{"href":"http:\/\/www.tvturk.com\/index.php\/wp-json\/wp\/v2\/media?parent=192310"}],"wp:term":[{"taxonomy":"category","embeddable":true,"href":"http:\/\/www.tvturk.com\/index.php\/wp-json\/wp\/v2\/categories?post=192310"},{"taxonomy":"post_tag","embeddable":true,"href":"http:\/\/www.tvturk.com\/index.php\/wp-json\/wp\/v2\/tags?post=192310"}],"curies":[{"name":"wp","href":"https:\/\/api.w.org\/{rel}","templated":true}]}}