{"id":192320,"date":"2019-08-09T18:31:38","date_gmt":"2019-08-09T15:31:38","guid":{"rendered":"http:\/\/www.tvturk.com\/index.php\/osmangazi-kurban-bayramina-hazir\/"},"modified":"2019-08-09T18:31:38","modified_gmt":"2019-08-09T15:31:38","slug":"osmangazi-kurban-bayramina-hazir","status":"publish","type":"post","link":"http:\/\/www.tvturk.com\/index.php\/osmangazi-kurban-bayramina-hazir\/","title":{"rendered":"Osmangazi kurban bayram\u0131na haz\u0131r"},"content":{"rendered":"<p>Osmangazi Belediyesi, vatanda\u015flar\u0131n kurbanlar\u0131n\u0131 rahat ve hijyenik ortamda kesebilmesi i\u00e7in gerekli tedbirleri ald\u0131. 21 farkl\u0131 noktada kurban kesim yeri olu\u015fturulurken, \u00f6zel kesim yerleri de hijyen kontrol\u00fcnden ge\u00e7irildi.<\/p>\n<p>Osmangazi Belediyesi, \u00e7evre kirlili\u011fi ve k\u00f6t\u00fc g\u00f6r\u00fcnt\u00fclerin ya\u015fanmad\u0131\u011f\u0131 bir kurban bayram\u0131 ge\u00e7irmek ad\u0131na gerekli t\u00fcm haz\u0131rl\u0131klar\u0131 tamamlad\u0131. Vatanda\u015flar\u0131n kurbanlar\u0131n\u0131 sa\u011fl\u0131kl\u0131 ve hijyenik ortamda kesebilmeleri i\u00e7in il\u00e7edeki kapal\u0131 ve a\u00e7\u0131k pazar alanlar\u0131 kurban kesim alan\u0131 olarak d\u00fczenlendi.<\/p>\n<p>Ba\u011flarba\u015f\u0131, Alemdar, Panay\u0131r, K\u00fck\u00fcrtl\u00fc, Ye\u015filova, Emek, K\u00fc\u00e7\u00fckbal\u0131kl\u0131, Hamitler, Do\u011fanevler, Alacah\u0131rka, S\u0131rame\u015feler, Yunuseli, Ge\u00e7it, Ge\u00e7it Hayvan Pazar\u0131, So\u011fanl\u0131-\u00c7iri\u015fhane, Yeniba\u011flar, H\u00fcrriyet, Ziraat Pazar\u0131, Veysel Karani Kurban Sat\u0131\u015f Yeri ve Yunuseli a\u00e7\u0131k pazar yerleri ile So\u011fanl\u0131 ve Dikkald\u0131r\u0131m kapal\u0131 pazar alanlar\u0131nda kurban kesimi i\u00e7in gerekli haz\u0131rl\u0131klar tamamland\u0131.<\/p>\n<p>Kesim yerleri, \u00e7evre ve toplum sa\u011fl\u0131\u011f\u0131n\u0131 olumsuz etkileyecek durumlardan ar\u0131nd\u0131r\u0131ld\u0131. Genel sa\u011fl\u0131k \u015fartlar\u0131na uygun, dezenfekte edildi. Fosseptiklerin a\u00e7\u0131lmas\u0131 gibi alt ve \u00fcst yap\u0131 hizmetlerine dikkat edildi. Kesim yerlerinde bayram s\u00fcresince k\u00f6t\u00fc g\u00f6r\u00fcnt\u00fclerin olu\u015fmamas\u0131 i\u00e7in Temizlik \u0130\u015fleri M\u00fcd\u00fcrl\u00fc\u011f\u00fc ekipleri g\u00f6revlendirildi. Kesim yerleri bayram s\u00fcresince 12 tankerle s\u00fcrekli olarak y\u0131kanacak. Her pazar alan\u0131nda b\u00fcy\u00fck \u00e7\u00f6p konteynerlar\u0131 yer alacak. \u00c7al\u0131\u015fmalar bayram s\u00fcresince her saat s\u00fcrecek. Osmangazi Belediyesi\u2019nin alm\u0131\u015f oldu\u011fu tedbirler sayesinde vatanda\u015flar kurbanlar\u0131n\u0131 sa\u011fl\u0131kl\u0131 ve hijyenik \u015fartlarda kesme f\u0131rsat\u0131 bulacaklar.<\/p>\n<p>Osmangazi Belediye Ba\u015fkan\u0131 Mustafa D\u00fcndar, Ge\u00e7it Mahallesi\u2019nde kurulan kurban sat\u0131\u015f alan\u0131 ve kesim yerini ziyaret etti. B\u00fcy\u00fck ve k\u00fc\u00e7\u00fckba\u015f hayvan kotralar\u0131n\u0131 gezen Ba\u015fkan D\u00fcndar\u2019a hayvan sat\u0131c\u0131lar\u0131 ve vatanda\u015flar kurban sat\u0131\u015f yerlerinde verilen hizmetlerden dolay\u0131 duyduklar\u0131 memnuniyeti dile getirdi. Kurban sat\u0131\u015f ve kesim yerlerinde herhangi bir sorun ya\u015famamas\u0131 i\u00e7in t\u00fcm tedbirleri ald\u0131klar\u0131n\u0131 ifade eden D\u00fcndar, \u201cMaksad\u0131m\u0131z  vatanda\u015flar\u0131m\u0131z\u0131n sa\u011fl\u0131kl\u0131 ve hijyenik bir \u015fekilde kurbanlar\u0131n\u0131 kesebilmesi. \u0130l\u00e7emizdeki 21 a\u00e7\u0131k ve kapal\u0131 pazar alanlar\u0131n\u0131 kurban kesim yeri olarak d\u00fczenledik. Ayr\u0131ca vatanda\u015flar\u0131m\u0131z\u0131n herhangi bir olumsuzluk ya\u015famamas\u0131 ad\u0131na 15 farkl\u0131 noktadaki \u00f6zel kesim yerlerini de s\u0131k\u0131 bir denetimden ge\u00e7irdik. 6 m\u00fcd\u00fcrl\u00fckten 185 personelimiz bayram s\u00fcresince g\u00f6revlerinin ba\u015f\u0131nda olacak. 15 motorize ekip, 24 kamyon, 16 i\u015f makinesi ve 12 su tankeri bayram s\u00fcresince \u00e7al\u0131\u015facak. Kurbanlar\u0131n\u0131, belediyemizin belirledi\u011fi alanlar\u0131n d\u0131\u015f\u0131nda kesen vatanda\u015flar\u0131m\u0131z, hem \u00e7evre kirlili\u011fine sebep oluyor, hem de halk\u0131m\u0131z\u0131n sa\u011fl\u0131\u011f\u0131n\u0131 tehlikeye at\u0131yor. Vatanda\u015flar\u0131m\u0131z\u0131n bu konuda hassas olmas\u0131n\u0131 rica ediyorum\u201d dedi.<\/p>\n","protected":false},"excerpt":{"rendered":"<p>OSMANGAZ\u0130 BELED\u0130YES\u0130, VATANDA\u015eLARIN KURBANLARINI RAHAT VE H\u0130JYEN\u0130K ORTAMDA KESEB\u0130LMES\u0130 \u0130\u00c7\u0130N GEREKL\u0130 TEDB\u0130RLER\u0130 ALDI.<\/p>\n","protected":false},"author":1,"featured_media":192321,"comment_status":"closed","ping_status":"open","sticky":false,"template":"","format":"standard","meta":{"jetpack_post_was_ever_published":false,"_jetpack_newsletter_access":"","_jetpack_dont_email_post_to_subs":false,"_jetpack_newsletter_tier_id":0,"_jetpack_memberships_contains_paywalled_content":false,"_jetpack_memberships_contains_paid_content":false,"footnotes":"","jetpack_publicize_message":"","jetpack_publicize_feature_enabled":true,"jetpack_social_post_already_shared":true,"jetpack_social_options":{"image_generator_settings":{"template":"highway","default_image_id":0,"font":"","enabled":false},"version":2}},"categories":[1],"tags":[32766,4013,20956,4117],"class_list":["post-192320","post","type-post","status-publish","format-standard","has-post-thumbnail","hentry","category-genel","tag-bayramina","tag-hazir","tag-kurban","tag-osmangazi"],"jetpack_publicize_connections":[],"jetpack_featured_media_url":"https:\/\/i0.wp.com\/www.tvturk.com\/wp-content\/uploads\/2019\/08\/osmangazi-kurban-bayramina-hazir_8d03fe9.jpg?fit=1000%2C691","jetpack_sharing_enabled":true,"jetpack_shortlink":"https:\/\/wp.me\/paKIfm-O1W","_links":{"self":[{"href":"http:\/\/www.tvturk.com\/index.php\/wp-json\/wp\/v2\/posts\/192320","targetHints":{"allow":["GET"]}}],"collection":[{"href":"http:\/\/www.tvturk.com\/index.php\/wp-json\/wp\/v2\/posts"}],"about":[{"href":"http:\/\/www.tvturk.com\/index.php\/wp-json\/wp\/v2\/types\/post"}],"author":[{"embeddable":true,"href":"http:\/\/www.tvturk.com\/index.php\/wp-json\/wp\/v2\/users\/1"}],"replies":[{"embeddable":true,"href":"http:\/\/www.tvturk.com\/index.php\/wp-json\/wp\/v2\/comments?post=192320"}],"version-history":[{"count":0,"href":"http:\/\/www.tvturk.com\/index.php\/wp-json\/wp\/v2\/posts\/192320\/revisions"}],"wp:featuredmedia":[{"embeddable":true,"href":"http:\/\/www.tvturk.com\/index.php\/wp-json\/wp\/v2\/media\/192321"}],"wp:attachment":[{"href":"http:\/\/www.tvturk.com\/index.php\/wp-json\/wp\/v2\/media?parent=192320"}],"wp:term":[{"taxonomy":"category","embeddable":true,"href":"http:\/\/www.tvturk.com\/index.php\/wp-json\/wp\/v2\/categories?post=192320"},{"taxonomy":"post_tag","embeddable":true,"href":"http:\/\/www.tvturk.com\/index.php\/wp-json\/wp\/v2\/tags?post=192320"}],"curies":[{"name":"wp","href":"https:\/\/api.w.org\/{rel}","templated":true}]}}