{"id":192334,"date":"2019-08-09T19:01:45","date_gmt":"2019-08-09T16:01:45","guid":{"rendered":"http:\/\/www.tvturk.com\/index.php\/turgay-erdem-birlikte-yeni-basarilara-imza-atacagiz\/"},"modified":"2019-08-09T19:01:45","modified_gmt":"2019-08-09T16:01:45","slug":"turgay-erdem-birlikte-yeni-basarilara-imza-atacagiz","status":"publish","type":"post","link":"http:\/\/www.tvturk.com\/index.php\/turgay-erdem-birlikte-yeni-basarilara-imza-atacagiz\/","title":{"rendered":"Turgay Erdem: \u201cBirlikte yeni ba\u015far\u0131lara imza ataca\u011f\u0131z\u201d"},"content":{"rendered":"<p>Nil\u00fcfer Belediye Ba\u015fkan\u0131 Turgay Erdem, Alaaddinbey hizmet binas\u0131 ve Halk Evi\u2019nde d\u00fczenlenen t\u00f6renlerde belediye \u00e7al\u0131\u015fanlar\u0131yla bayramla\u015ft\u0131. \u00c7al\u0131\u015fanlar\u0131n tek tek kurban bayram\u0131n\u0131 tebrik eden Ba\u015fkan Erdem, \u201cSizlere g\u00fcveniyorum. Birlikte yeni ba\u015far\u0131lara imza ataca\u011f\u0131z\u201d dedi.<\/p>\n<p>Nil\u00fcfer Belediyesi ailesi, bayram \u00f6ncesi son mesai g\u00fcn\u00fcnde bayramla\u015ft\u0131. Alaaddinbey Hizmet binas\u0131 ve Halk Evi\u2019nde d\u00fczenlenen t\u00f6renlere Nil\u00fcfer Belediyesi personeli, yo\u011fun kat\u0131l\u0131m g\u00f6sterdi. Nil\u00fcfer Belediye Ba\u015fkan\u0131 Turgay Erdem, \u00e7al\u0131\u015fanlar\u0131n kurban bayram\u0131n\u0131 tek tek kutlad\u0131. Yeni bir y\u00f6netim anlay\u0131\u015f\u0131n\u0131 ortaya koyarak, Nil\u00fcfer\u2019i daha da iyiye ta\u015f\u0131mak i\u00e7in yola \u00e7\u0131kt\u0131klar\u0131n\u0131 belirten Turgay Erdem, \u201cStratejik plan\u0131m\u0131z\u0131 yap\u0131yoruz. Yeni yol haritam\u0131z\u0131 olu\u015fturuyoruz. Bu \u00e7er\u00e7evede yol haritam\u0131zla beraber \u00f6n\u00fcm\u00fczdeki 5 y\u0131l\u0131 birlikte planlayarak, birlikte yol y\u00fcr\u00fcyerek, in\u015fallah Nil\u00fcferlileri bug\u00fcn oldu\u011fu gibi, bundan sonraki zamanlarda da g\u00fcl\u00fcmsetmeye ve onlar\u0131 mutlu etmek i\u00e7in \u00e7al\u0131\u015fmaya devam edece\u011fiz. Birlikte ba\u015faraca\u011f\u0131z. Sizlere g\u00fcveniyorum ve \u00e7al\u0131\u015fmalar\u0131n\u0131zdan dolay\u0131 te\u015fekk\u00fcr ediyorum. Nil\u00fcfer\u2019in bu seviyeye gelmesinde hepinizin katk\u0131s\u0131 var. Bu ba\u015far\u0131y\u0131 birlikte ta\u00e7land\u0131rmam\u0131z gerekiyor. Sizlere g\u00fcveniyorum\u201d dedi.<\/p>\n<p>Nil\u00fcfer Belediyesi \u00e7al\u0131\u015fanlar\u0131na bug\u00fcne kadar yapm\u0131\u015f olduklar\u0131 \u00e7al\u0131\u015fmalardan dolay\u0131 te\u015fekk\u00fcr eden Ba\u015fkan Turgay Erdem, \u201cHem \u00e7ocuklar\u0131m\u0131z\u0131n daha huzurlu ve g\u00fcvenli ortamlarda ya\u015famalar\u0131n\u0131 sa\u011flamak, gen\u00e7lerimizi teknolojik imkanlarla yeti\u015ftirmek, hem de can dostlar\u0131m\u0131za umut olmak i\u00e7in g\u00fczel bir \u00e7al\u0131\u015fma yap\u0131yoruz. Bug\u00fcne kadar yapm\u0131\u015f oldu\u011funuz \u00e7al\u0131\u015fmalar bizim i\u00e7in \u00e7ok \u00f6nemli. Bundan dolay\u0131 hepinize te\u015fekk\u00fcr ediyorum. Bundan sonraki d\u00f6nemlerde de \u00e7al\u0131\u015fmalar\u0131m\u0131z\u0131 birlikte y\u00f6netece\u011fiz\u201d \u015feklinde konu\u015ftu.<\/p>\n<p>\u00c7al\u0131\u015fanlar\u0131n kurban bayram\u0131n\u0131 tebrik eden Nil\u00fcfer Belediye Ba\u015fkan\u0131 Turgay Erdem, \u201cSevdiklerinizle beraber sa\u011fl\u0131kl\u0131, mutlu ve huzurlu g\u00fcnler diliyorum\u201d ifadelerini kulland\u0131.<\/p>\n","protected":false},"excerpt":{"rendered":"<p>N\u0130L\u00dcFER BELED\u0130YE BA\u015eKANI TURGAY ERDEM, ALAADD\u0130NBEY H\u0130ZMET B\u0130NASI VE HALK EV\u0130\u2019NDE D\u00dcZENLENEN T\u00d6RENLERDE BELED\u0130YE \u00c7ALI\u015eANLARIYLA BAYRAMLA\u015eTI.<\/p>\n","protected":false},"author":1,"featured_media":192335,"comment_status":"closed","ping_status":"open","sticky":false,"template":"","format":"standard","meta":{"jetpack_post_was_ever_published":false,"_jetpack_newsletter_access":"","_jetpack_dont_email_post_to_subs":false,"_jetpack_newsletter_tier_id":0,"_jetpack_memberships_contains_paywalled_content":false,"_jetpack_memberships_contains_paid_content":false,"footnotes":"","jetpack_publicize_message":"","jetpack_publicize_feature_enabled":true,"jetpack_social_post_already_shared":true,"jetpack_social_options":{"image_generator_settings":{"template":"highway","default_image_id":0,"font":"","enabled":false},"version":2}},"categories":[1],"tags":[4865,4863,3789,137,4434,136,87],"class_list":["post-192334","post","type-post","status-publish","format-standard","has-post-thumbnail","hentry","category-genel","tag-atacagiz","tag-basarilara","tag-birlikte","tag-erdem","tag-imza","tag-turgay","tag-yeni"],"jetpack_publicize_connections":[],"jetpack_featured_media_url":"https:\/\/i0.wp.com\/www.tvturk.com\/wp-content\/uploads\/2019\/08\/turgay-erdem-birlikte-yeni-basarilara-imza-atacagiz_9ba1151.jpg?fit=1000%2C666","jetpack_sharing_enabled":true,"jetpack_shortlink":"https:\/\/wp.me\/paKIfm-O2a","_links":{"self":[{"href":"http:\/\/www.tvturk.com\/index.php\/wp-json\/wp\/v2\/posts\/192334","targetHints":{"allow":["GET"]}}],"collection":[{"href":"http:\/\/www.tvturk.com\/index.php\/wp-json\/wp\/v2\/posts"}],"about":[{"href":"http:\/\/www.tvturk.com\/index.php\/wp-json\/wp\/v2\/types\/post"}],"author":[{"embeddable":true,"href":"http:\/\/www.tvturk.com\/index.php\/wp-json\/wp\/v2\/users\/1"}],"replies":[{"embeddable":true,"href":"http:\/\/www.tvturk.com\/index.php\/wp-json\/wp\/v2\/comments?post=192334"}],"version-history":[{"count":0,"href":"http:\/\/www.tvturk.com\/index.php\/wp-json\/wp\/v2\/posts\/192334\/revisions"}],"wp:featuredmedia":[{"embeddable":true,"href":"http:\/\/www.tvturk.com\/index.php\/wp-json\/wp\/v2\/media\/192335"}],"wp:attachment":[{"href":"http:\/\/www.tvturk.com\/index.php\/wp-json\/wp\/v2\/media?parent=192334"}],"wp:term":[{"taxonomy":"category","embeddable":true,"href":"http:\/\/www.tvturk.com\/index.php\/wp-json\/wp\/v2\/categories?post=192334"},{"taxonomy":"post_tag","embeddable":true,"href":"http:\/\/www.tvturk.com\/index.php\/wp-json\/wp\/v2\/tags?post=192334"}],"curies":[{"name":"wp","href":"https:\/\/api.w.org\/{rel}","templated":true}]}}