{"id":192338,"date":"2019-08-09T19:01:57","date_gmt":"2019-08-09T16:01:57","guid":{"rendered":"http:\/\/www.tvturk.com\/index.php\/30-metrelik-minarenin-yikilma-ani-kamerada\/"},"modified":"2019-08-09T19:01:57","modified_gmt":"2019-08-09T16:01:57","slug":"30-metrelik-minarenin-yikilma-ani-kamerada","status":"publish","type":"post","link":"http:\/\/www.tvturk.com\/index.php\/30-metrelik-minarenin-yikilma-ani-kamerada\/","title":{"rendered":"30 metrelik minarenin y\u0131k\u0131lma an\u0131 kamerada"},"content":{"rendered":"<p>Denizli\u2019nin Bozkurt il\u00e7esinde meydana gelen 6.0 b\u00fcy\u00fckl\u00fc\u011f\u00fcndeki depremde a\u011f\u0131r hasar g\u00f6ren yakla\u015f\u0131k 80 y\u0131ll\u0131k bir cami ve minaresi y\u00fcksek risk olu\u015fturdu\u011fu i\u00e7in i\u015f makineleriyle y\u0131k\u0131ld\u0131.<\/p>\n<p>Bozkurt il\u00e7esinde meydana gelen \u00c7ardak ve \u00e7evre il\u00e7elerinde etkilendi\u011fi depremde \u00e7ok say\u0131da yap\u0131 zarara g\u00f6rd\u00fc. Depremde a\u011f\u0131r hasar alan yap\u0131lardan biriside Tutuluca Camii oldu. Yakla\u015f\u0131k 80 y\u0131ll\u0131k bir ge\u00e7mi\u015fe sahip olan camide ciddi oranda hasar meydana gelerek kullan\u0131lmaz hale geldi.<\/p>\n<p>Deprem b\u00f6lgesini ziyaret eden \u00c7evre ve \u015eehircilik Bakan\u0131 Murat Kurum, depremin ard\u0131ndan a\u011f\u0131r hasarl\u0131 olarak tespit edilen Tutluca Camii\u2019nde incelemelerde bulundu. Bakan Kurum incelemelerinde ard\u0131ndan beraberindeki yetkililere talimat vererek y\u00fcksek risk ta\u015f\u0131d\u0131\u011f\u0131 i\u00e7in cami ve minaresinin y\u0131k\u0131lmas\u0131n\u0131 s\u00f6yledi. Bunun \u00fczerine harekete gelen \u0130l Afet ve Acil Durum M\u00fcd\u00fcrl\u00fc\u011f\u00fc yetkilileri ile Denizli B\u00fcy\u00fck\u015fehir \u0130tfaiye Daire Ba\u015fkanl\u0131\u011f\u0131na ba\u011fl\u0131 ekipler b\u00f6lgeye gelerek y\u0131k\u0131m \u00e7al\u0131\u015fmas\u0131 ba\u015flatt\u0131. \u0130\u015f makineleri \u00f6nce caminin istinat duvarlar\u0131n\u0131 y\u0131karak y\u0131k\u0131ma ba\u015flad\u0131. Ard\u0131ndan i\u015f makineleri yakla\u015f\u0131k yar\u0131m saatlik bir \u00e7al\u0131\u015fma sonras\u0131 yakla\u015f\u0131k 30 metre y\u00fcksekli\u011finde minareyi caminin \u00fcst\u00fcne y\u0131kt\u0131. Y\u0131k\u0131m esnas\u0131nda b\u00fcy\u00fck bir g\u00fcr\u00fclt\u00fc ve toz olu\u015ftu. Ekipler bir taraftan da y\u0131k\u0131m yap\u0131lan yere su s\u0131karak toz kalkmas\u0131n\u0131n \u00f6n\u00fcne ge\u00e7meye \u00e7al\u0131\u015ft\u0131.<\/p>\n<p>Cami ve minaresi yakla\u015f\u0131k 2 saat sonras\u0131nda y\u0131k\u0131ld\u0131. Caminin molozlar\u0131 ise hafriyat kamyonlar\u0131na y\u00fcklenerek b\u00f6lgeden kald\u0131r\u0131ld\u0131.<\/p>\n","protected":false},"excerpt":{"rendered":"<p>DEN\u0130ZL\u0130\u2019N\u0130N BOZKURT \u0130L\u00c7ES\u0130NDE MEYDANA GELEN 6.0 B\u00dcY\u00dcKL\u00dc\u011e\u00dcNDEK\u0130 DEPREMDE A\u011eIR HASAR G\u00d6REN YAKLA\u015eIK 80 YILLIK B\u0130R CAM\u0130 VE M\u0130NARES\u0130 Y\u00dcKSEK R\u0130SK OLU\u015eTURDU\u011eU \u0130\u00c7\u0130N \u0130\u015e MAK\u0130NELER\u0130YLE YIKILDI.<\/p>\n","protected":false},"author":1,"featured_media":192339,"comment_status":"closed","ping_status":"open","sticky":false,"template":"","format":"standard","meta":{"jetpack_post_was_ever_published":false,"_jetpack_newsletter_access":"","_jetpack_dont_email_post_to_subs":false,"_jetpack_newsletter_tier_id":0,"_jetpack_memberships_contains_paywalled_content":false,"_jetpack_memberships_contains_paid_content":false,"footnotes":"","jetpack_publicize_message":"","jetpack_publicize_feature_enabled":true,"jetpack_social_post_already_shared":true,"jetpack_social_options":{"image_generator_settings":{"template":"highway","default_image_id":0,"font":"","enabled":false},"version":2}},"categories":[1],"tags":[3320,1142,10564,48162,11500],"class_list":["post-192338","post","type-post","status-publish","format-standard","has-post-thumbnail","hentry","category-genel","tag-ani","tag-kamerada","tag-metrelik","tag-minarenin","tag-yikilma"],"jetpack_publicize_connections":[],"jetpack_featured_media_url":"https:\/\/i0.wp.com\/www.tvturk.com\/wp-content\/uploads\/2019\/08\/30-metrelik-minarenin-yikilma-ani-kamerada_d152845.jpg?fit=750%2C1000","jetpack_sharing_enabled":true,"jetpack_shortlink":"https:\/\/wp.me\/paKIfm-O2e","_links":{"self":[{"href":"http:\/\/www.tvturk.com\/index.php\/wp-json\/wp\/v2\/posts\/192338","targetHints":{"allow":["GET"]}}],"collection":[{"href":"http:\/\/www.tvturk.com\/index.php\/wp-json\/wp\/v2\/posts"}],"about":[{"href":"http:\/\/www.tvturk.com\/index.php\/wp-json\/wp\/v2\/types\/post"}],"author":[{"embeddable":true,"href":"http:\/\/www.tvturk.com\/index.php\/wp-json\/wp\/v2\/users\/1"}],"replies":[{"embeddable":true,"href":"http:\/\/www.tvturk.com\/index.php\/wp-json\/wp\/v2\/comments?post=192338"}],"version-history":[{"count":0,"href":"http:\/\/www.tvturk.com\/index.php\/wp-json\/wp\/v2\/posts\/192338\/revisions"}],"wp:featuredmedia":[{"embeddable":true,"href":"http:\/\/www.tvturk.com\/index.php\/wp-json\/wp\/v2\/media\/192339"}],"wp:attachment":[{"href":"http:\/\/www.tvturk.com\/index.php\/wp-json\/wp\/v2\/media?parent=192338"}],"wp:term":[{"taxonomy":"category","embeddable":true,"href":"http:\/\/www.tvturk.com\/index.php\/wp-json\/wp\/v2\/categories?post=192338"},{"taxonomy":"post_tag","embeddable":true,"href":"http:\/\/www.tvturk.com\/index.php\/wp-json\/wp\/v2\/tags?post=192338"}],"curies":[{"name":"wp","href":"https:\/\/api.w.org\/{rel}","templated":true}]}}