{"id":192354,"date":"2019-08-09T21:16:35","date_gmt":"2019-08-09T18:16:35","guid":{"rendered":"http:\/\/www.tvturk.com\/index.php\/disisleri-bakan-yardimcisi-kirandan-buyukelcilere-dondurmali-jest\/"},"modified":"2019-08-09T21:16:35","modified_gmt":"2019-08-09T18:16:35","slug":"disisleri-bakan-yardimcisi-kirandan-buyukelcilere-dondurmali-jest","status":"publish","type":"post","link":"http:\/\/www.tvturk.com\/index.php\/disisleri-bakan-yardimcisi-kirandan-buyukelcilere-dondurmali-jest\/","title":{"rendered":"D\u0131\u015fi\u015fleri Bakan Yard\u0131mc\u0131s\u0131 K\u0131ran\u2019dan b\u00fcy\u00fckel\u00e7ilere dondurmal\u0131 jest"},"content":{"rendered":"<p>D\u0131\u015fi\u015fleri Bakan Yard\u0131mc\u0131s\u0131 Yavuz Selim K\u0131ran, 11. B\u00fcy\u00fckel\u00e7iler Toplant\u0131s\u0131 i\u00e7in Samsun\u2019a gelen b\u00fcy\u00fckel\u00e7ileri Ordu\u2019nun \u00dcnye il\u00e7esinde misafir etti. \u00dcnye\u2019nin me\u015fhur dondurmas\u0131n\u0131 ikram eden Bakan Yard\u0131mc\u0131s\u0131 K\u0131ran, el\u00e7iler ve di\u011fer D\u0131\u015fi\u015fleri Bakan Yard\u0131mc\u0131lar\u0131 ile tek tek ilgilenerek dondurma ikram\u0131nda bulundu.<\/p>\n<p>\u0130kram sonras\u0131 a\u00e7\u0131klamalarda bulunan Bakan Yard\u0131mc\u0131s\u0131 K\u0131ran, &#8220;11. B\u00fcy\u00fckel\u00e7iler program\u0131 vesilesi ile Samsun\u2019dayd\u0131k. B\u00fcy\u00fckel\u00e7iler konferans\u0131m\u0131z sahada ve masada g\u00fc\u00e7l\u00fc diplomas\u0131 temas\u0131n\u0131 ta\u015f\u0131yordu. \u0130stiklal M\u00fccadelemizin 100. y\u0131l\u0131 an\u0131s\u0131na bu y\u0131l konferans\u0131m\u0131z\u0131n bir b\u00f6l\u00fcm\u00fcn\u00fc Samsun\u2019da ge\u00e7irmek istedik. Say\u0131n Bakan\u0131m\u0131z, milletvekillerimiz, t\u00fcm siyasi parti temsilcileri ve sivil toplum kurulu\u015flar\u0131 ile birlikte Samsun\u2019daki programlar\u0131m\u0131z\u0131 tamamlad\u0131ktan sonra bakan yard\u0131mc\u0131lar\u0131m\u0131z ve b\u00fcy\u00fck el\u00e7ilerimizi \u00dcnye\u2019de dondurma yemeye gidelim, dedim. Sa\u011f olsunlar onlarda beni k\u0131rmad\u0131lar. B\u00fcy\u00fckel\u00e7ilerimiz \u00dcnye\u2019mizi \u015fereflendirdiler ve ayn\u0131 zamanda \u00dcnye\u2019mize has dondurmas\u0131n\u0131 da tatm\u0131\u015f oldular&#8221; dedi.<\/p>\n<p>K\u0131ran ve beraberindeki heyet daha sonra sahil \u015feridinden y\u00fcr\u00fcyerek \u00dcnye \u0130skelesi\u2019ne ge\u00e7ti. \u0130skelede \u00dcnye manzaras\u0131na hayran kalan b\u00fcy\u00fckel\u00e7iler, manzara kar\u015f\u0131s\u0131nda hat\u0131ra foto\u011fraf\u0131 \u00e7ektirdi. K\u0131ran ve beraberindekiler kendilerine yo\u011fun ilgi g\u00f6steren vatanda\u015flarla sohbet etti. \u00dcnye turu Bak\u0131rc\u0131lar \u00c7ar\u015f\u0131s\u0131 ve Kad\u0131lar Yoku\u015fu gezisiyle  devam ederken, bak\u0131rc\u0131 ustalar\u0131yla sohbet eden b\u00fcy\u00fckel\u00e7iler cezve ba\u015fta olmak \u00fczere bak\u0131r e\u015fyalar sat\u0131n ald\u0131.<\/p>\n<p>Heyet daha sonra \u00dcnye\u2019den ayr\u0131larak Samsun\u2019da havaalan\u0131na hareket etti.<\/p>\n","protected":false},"excerpt":{"rendered":"<p>DI\u015e\u0130\u015eLER\u0130 BAKAN YARDIMCISI YAVUZ SEL\u0130M KIRAN, 11. B\u00dcY\u00dcKEL\u00c7\u0130LER TOPLANTISI \u0130\u00c7\u0130N SAMSUN\u2019A GELEN B\u00dcY\u00dcKEL\u00c7\u0130LER\u0130 ORDU&#8217;NUN \u00dcNYE \u0130L\u00c7ES\u0130NDE M\u0130SAF\u0130R ETT\u0130.<\/p>\n","protected":false},"author":1,"featured_media":192355,"comment_status":"closed","ping_status":"open","sticky":false,"template":"","format":"standard","meta":{"jetpack_post_was_ever_published":false,"_jetpack_newsletter_access":"","_jetpack_dont_email_post_to_subs":false,"_jetpack_newsletter_tier_id":0,"_jetpack_memberships_contains_paywalled_content":false,"_jetpack_memberships_contains_paid_content":false,"footnotes":"","jetpack_publicize_message":"","jetpack_publicize_feature_enabled":true,"jetpack_social_post_already_shared":true,"jetpack_social_options":{"image_generator_settings":{"template":"highway","default_image_id":0,"font":"","enabled":false},"version":2}},"categories":[1],"tags":[742,48167,1498,48168,9223,48166,199],"class_list":["post-192354","post","type-post","status-publish","format-standard","has-post-thumbnail","hentry","category-genel","tag-bakan","tag-buyukelcilere","tag-disisleri","tag-dondurmali","tag-jest","tag-kirandan","tag-yardimcisi"],"jetpack_publicize_connections":[],"jetpack_featured_media_url":"https:\/\/i0.wp.com\/www.tvturk.com\/wp-content\/uploads\/2019\/08\/disisleri-bakan-yardimcisi-kirandan-buyukelcilere-dondurmali-jest_8a4a869.jpg?fit=1000%2C666","jetpack_sharing_enabled":true,"jetpack_shortlink":"https:\/\/wp.me\/paKIfm-O2u","_links":{"self":[{"href":"http:\/\/www.tvturk.com\/index.php\/wp-json\/wp\/v2\/posts\/192354","targetHints":{"allow":["GET"]}}],"collection":[{"href":"http:\/\/www.tvturk.com\/index.php\/wp-json\/wp\/v2\/posts"}],"about":[{"href":"http:\/\/www.tvturk.com\/index.php\/wp-json\/wp\/v2\/types\/post"}],"author":[{"embeddable":true,"href":"http:\/\/www.tvturk.com\/index.php\/wp-json\/wp\/v2\/users\/1"}],"replies":[{"embeddable":true,"href":"http:\/\/www.tvturk.com\/index.php\/wp-json\/wp\/v2\/comments?post=192354"}],"version-history":[{"count":0,"href":"http:\/\/www.tvturk.com\/index.php\/wp-json\/wp\/v2\/posts\/192354\/revisions"}],"wp:featuredmedia":[{"embeddable":true,"href":"http:\/\/www.tvturk.com\/index.php\/wp-json\/wp\/v2\/media\/192355"}],"wp:attachment":[{"href":"http:\/\/www.tvturk.com\/index.php\/wp-json\/wp\/v2\/media?parent=192354"}],"wp:term":[{"taxonomy":"category","embeddable":true,"href":"http:\/\/www.tvturk.com\/index.php\/wp-json\/wp\/v2\/categories?post=192354"},{"taxonomy":"post_tag","embeddable":true,"href":"http:\/\/www.tvturk.com\/index.php\/wp-json\/wp\/v2\/tags?post=192354"}],"curies":[{"name":"wp","href":"https:\/\/api.w.org\/{rel}","templated":true}]}}