{"id":192380,"date":"2019-08-10T09:01:17","date_gmt":"2019-08-10T06:01:17","guid":{"rendered":"http:\/\/www.tvturk.com\/index.php\/istanbulda-kurban-pazarinda-saskina-ceviren-jest\/"},"modified":"2019-08-10T09:01:17","modified_gmt":"2019-08-10T06:01:17","slug":"istanbulda-kurban-pazarinda-saskina-ceviren-jest","status":"publish","type":"post","link":"http:\/\/www.tvturk.com\/index.php\/istanbulda-kurban-pazarinda-saskina-ceviren-jest\/","title":{"rendered":"\u0130stanbul\u2019da kurban pazar\u0131nda \u015fa\u015fk\u0131na \u00e7eviren jest"},"content":{"rendered":"<p>Tekirda\u011f Dam\u0131zl\u0131k Koyun Ke\u00e7i Yeti\u015ftiricileri Birli\u011fi Ba\u015fkan\u0131 Cemalettin Toluca, kurbanl\u0131k sat\u0131\u015f\u0131 i\u00e7in Tekirda\u011f\u2019\u0131n Malkara il\u00e7esinden \u0130stanbul\u2019a gelen gen\u00e7 \u00fcreticisine, kurban pazar\u0131nda do\u011fum g\u00fcn\u00fc partisi d\u00fczenledi.<\/p>\n<p>Malkara \u00c7\u0131naralt\u0131 Mahallesi sakini Ersoy Erol, 1 y\u0131ld\u0131r yeti\u015ftirdi\u011fi kurbanl\u0131klar\u0131 satmak i\u00e7in  Beylikd\u00fcz\u00fc\u2019ne getirdi. Gen\u00e7 \u00fcretici Erol, kendisine yap\u0131lan do\u011fum g\u00fcn\u00fc s\u00fcrprizine \u00f6nce \u015fa\u015f\u0131rd\u0131 sonras\u0131nda ise sevincini gizleyemedi.<\/p>\n<p>Tekirda\u011f Dam\u0131zl\u0131k Koyun Ke\u00e7i Yeti\u015ftiricileri Birli\u011fi Ba\u015fkan\u0131 Cemalettin Toluca, birlik \u00fcyesi Ersoy Erol\u2019un kilometrelerce uzaktan satmak i\u00e7in getirdi\u011fi k\u00fc\u00e7\u00fckba\u015flara e\u015flik ederken do\u011fum g\u00fcn\u00fcn\u00fc \u00f6\u011frendi\u011fini ve gen\u00e7 \u00fcyesine bir s\u00fcrpriz yapmak istedi\u011fini belirtti.<\/p>\n<p>Yeti\u015ftirdi\u011fi kurbanl\u0131klar\u0131 satmak \u00fczere \u0130stanbul\u2019da kiralad\u0131\u011f\u0131 alan \u00f6n\u00fcnde kendisine do\u011fum g\u00fcn\u00fc partisi d\u00fczenleyen Koyun Ke\u00e7i Yeti\u015ftiricileri Birli\u011fi Ba\u015fkan\u0131 Cemalettin Toluca, \u00c7\u0131naralt\u0131 Mahallesi Muhtar\u0131 Y\u0131lmaz B\u00f6l\u00fct ve yeti\u015ftirici arkada\u015flar\u0131na te\u015fekk\u00fcr eden Ersoy Erol, dilek tutarak pastas\u0131n\u0131 kesti.<\/p>\n","protected":false},"excerpt":{"rendered":"<p>TEK\u0130RDA\u011e DAMIZLIK KOYUN KE\u00c7\u0130 YET\u0130\u015eT\u0130R\u0130C\u0130LER\u0130 B\u0130RL\u0130\u011e\u0130 BA\u015eKANI CEMALETT\u0130N TOLUCA, KURBANLIK SATI\u015eI \u0130\u00c7\u0130N TEK\u0130RDA\u011e\u2019IN MALKARA \u0130L\u00c7ES\u0130NDEN \u0130STANBUL\u2019A GELEN GEN\u00c7 \u00dcRET\u0130C\u0130S\u0130NE, KURBAN PAZARINDA DO\u011eUM G\u00dcN\u00dc PART\u0130S\u0130 D\u00dcZENLED\u0130.<\/p>\n","protected":false},"author":1,"featured_media":192381,"comment_status":"closed","ping_status":"open","sticky":false,"template":"","format":"standard","meta":{"jetpack_post_was_ever_published":false,"_jetpack_newsletter_access":"","_jetpack_dont_email_post_to_subs":false,"_jetpack_newsletter_tier_id":0,"_jetpack_memberships_contains_paywalled_content":false,"_jetpack_memberships_contains_paid_content":false,"footnotes":"","jetpack_publicize_message":"","jetpack_publicize_feature_enabled":true,"jetpack_social_post_already_shared":true,"jetpack_social_options":{"image_generator_settings":{"template":"highway","default_image_id":0,"font":"","enabled":false},"version":2}},"categories":[1],"tags":[22616,1268,9223,20956,5968,18821],"class_list":["post-192380","post","type-post","status-publish","format-standard","has-post-thumbnail","hentry","category-genel","tag-ceviren","tag-istanbulda","tag-jest","tag-kurban","tag-pazarinda","tag-saskina"],"jetpack_publicize_connections":[],"jetpack_featured_media_url":"https:\/\/i0.wp.com\/www.tvturk.com\/wp-content\/uploads\/2019\/08\/istanbulda-kurban-pazarinda-saskina-ceviren-jest_8138f5f.jpg?fit=1000%2C659","jetpack_sharing_enabled":true,"jetpack_shortlink":"https:\/\/wp.me\/paKIfm-O2U","_links":{"self":[{"href":"http:\/\/www.tvturk.com\/index.php\/wp-json\/wp\/v2\/posts\/192380","targetHints":{"allow":["GET"]}}],"collection":[{"href":"http:\/\/www.tvturk.com\/index.php\/wp-json\/wp\/v2\/posts"}],"about":[{"href":"http:\/\/www.tvturk.com\/index.php\/wp-json\/wp\/v2\/types\/post"}],"author":[{"embeddable":true,"href":"http:\/\/www.tvturk.com\/index.php\/wp-json\/wp\/v2\/users\/1"}],"replies":[{"embeddable":true,"href":"http:\/\/www.tvturk.com\/index.php\/wp-json\/wp\/v2\/comments?post=192380"}],"version-history":[{"count":0,"href":"http:\/\/www.tvturk.com\/index.php\/wp-json\/wp\/v2\/posts\/192380\/revisions"}],"wp:featuredmedia":[{"embeddable":true,"href":"http:\/\/www.tvturk.com\/index.php\/wp-json\/wp\/v2\/media\/192381"}],"wp:attachment":[{"href":"http:\/\/www.tvturk.com\/index.php\/wp-json\/wp\/v2\/media?parent=192380"}],"wp:term":[{"taxonomy":"category","embeddable":true,"href":"http:\/\/www.tvturk.com\/index.php\/wp-json\/wp\/v2\/categories?post=192380"},{"taxonomy":"post_tag","embeddable":true,"href":"http:\/\/www.tvturk.com\/index.php\/wp-json\/wp\/v2\/tags?post=192380"}],"curies":[{"name":"wp","href":"https:\/\/api.w.org\/{rel}","templated":true}]}}